{"id":10021,"date":"2023-09-15T09:42:36","date_gmt":"2023-09-15T07:42:36","guid":{"rendered":"https:\/\/www.respirelavie.fr\/poitiers\/?p=10021"},"modified":"2023-09-15T09:42:36","modified_gmt":"2023-09-15T07:42:36","slug":"yasmine-kabbaj","status":"publish","type":"post","link":"http:\/\/www.respirelavie.fr\/poitiers\/blog\/2023\/09\/15\/yasmine-kabbaj\/","title":{"rendered":"Yasmine Kabbaj"},"content":{"rendered":"<h2>Pr\u00e9sentez-vous en quelques mots<\/h2>\n<p><img decoding=\"async\" class=\" wp-image-10022 alignleft\" src=\"https:\/\/www.respirelavie.fr\/poitiers\/wp-content\/uploads\/sites\/3\/2023\/09\/1694435599-file1-respire-la-vie-2-234x300.jpg\" alt=\"Yasmine Kabbaj\" width=\"142\" height=\"182\" srcset=\"http:\/\/www.respirelavie.fr\/poitiers\/wp-content\/uploads\/sites\/3\/2023\/09\/1694435599-file1-respire-la-vie-2-234x300.jpg 234w, http:\/\/www.respirelavie.fr\/poitiers\/wp-content\/uploads\/sites\/3\/2023\/09\/1694435599-file1-respire-la-vie-2-798x1024.jpg 798w, http:\/\/www.respirelavie.fr\/poitiers\/wp-content\/uploads\/sites\/3\/2023\/09\/1694435599-file1-respire-la-vie-2-768x985.jpg 768w, http:\/\/www.respirelavie.fr\/poitiers\/wp-content\/uploads\/sites\/3\/2023\/09\/1694435599-file1-respire-la-vie-2-1197x1536.jpg 1197w, http:\/\/www.respirelavie.fr\/poitiers\/wp-content\/uploads\/sites\/3\/2023\/09\/1694435599-file1-respire-la-vie-2-1597x2048.jpg 1597w, http:\/\/www.respirelavie.fr\/poitiers\/wp-content\/uploads\/sites\/3\/2023\/09\/1694435599-file1-respire-la-vie-2-150x192.jpg 150w, http:\/\/www.respirelavie.fr\/poitiers\/wp-content\/uploads\/sites\/3\/2023\/09\/1694435599-file1-respire-la-vie-2-390x500.jpg 390w, http:\/\/www.respirelavie.fr\/poitiers\/wp-content\/uploads\/sites\/3\/2023\/09\/1694435599-file1-respire-la-vie-2-scaled.jpg 1996w\" sizes=\"(max-width: 142px) 100vw, 142px\" \/><\/p>\n<p><span id=\"p0\"><span id=\"14\">Je<\/span>\u00a0m&rsquo;appelle Yasmine, <a href=\"https:\/\/www.yasmine-kabbaj.fr\/\" target=\"_blank\" rel=\"noopener\">je suis coach<\/a> pour femmes entrepreneures hypersensibles et d\u00e9termin\u00e9es.<\/span><span id=\"p27\">\u00a0Je les accompagne \u00e0 d\u00e9velopper une activit\u00e9 magn\u00e9tique et p\u00e9renne en se reconnectant \u00e0 leur puissance f\u00e9minine.<\/span><\/p>\n<p><span id=\"p28\">Pendant 10 ans, j&rsquo;ai travaill\u00e9 dans le secteur de l&rsquo;insertion professionnelle.<\/span><span id=\"p3\">\u00a0\u00c0\u00a0la suite d&rsquo;un\u00a0<span id=\"18\">burn<\/span><span id=\"19\">-out<\/span>\u00a0j&rsquo;ai pris la d\u00e9cision d&rsquo;oser l&rsquo;<span id=\"20\">entreprenariat<\/span>.<\/span><span id=\"p4\">\u00a0J&rsquo;ai alors d\u00e9but\u00e9 un v\u00e9ritable parcours transformationnel.<\/span><span id=\"p29\">\u00a0Passer du salariat \u00e0 l&rsquo;entrepreneuriat est un v\u00e9ritable chemin de connaissance de soi et de d\u00e9veloppement personnel.<\/span><\/p>\n<p><span id=\"p30\">\u00c0 travers ces exp\u00e9riences qui ont \u00e9t\u00e9 riches en apprentissages, j&rsquo;ai souhait\u00e9 d\u00e9sormais me consacrer \u00e0 mettre en avant l&rsquo;entrepreneuriat f\u00e9minin.<\/span><\/p><div id=\"respi-787073938\" class=\"respi-contenu respi-entity-placement\"><script async src=\"\/\/pagead2.googlesyndication.com\/pagead\/js\/adsbygoogle.js?client=ca-pub-7511070832818284\" crossorigin=\"anonymous\"><\/script><ins class=\"adsbygoogle\" style=\"display:block;\" data-ad-client=\"ca-pub-7511070832818284\" \ndata-ad-slot=\"4196289901\" \ndata-ad-format=\"auto\"><\/ins>\n<script> \n(adsbygoogle = window.adsbygoogle || []).push({}); \n<\/script>\n<\/div>\n<p><span id=\"p31\">Aujourd&rsquo;hui, j&rsquo;accompagne les femmes, entrepreneures \u00e0 se reconnecter \u00e0 leur puissance f\u00e9minine, qui durant plusieurs g\u00e9n\u00e9rations a \u00e9t\u00e9 enfouie, bafou\u00e9e, d\u00e9chir\u00e9e, \u00e0 :<\/span><\/p>\n<ul>\n<li><span id=\"p9\">Lib\u00e9rer leurs programmes et sch\u00e9mas limitants<\/span><\/li>\n<li>Mettre en lumi\u00e8re leurs talents\/potentiels<\/li>\n<li>Transformer leur relation \u00e0 l\u2019argent et l\u2019estime d&rsquo;elles-m\u00eames<\/li>\n<\/ul>\n<h2>Que propose Yasmine Kabbaj sur le salon ?<\/h2>\n<p><span id=\"p36\">Lors du salon Respire La Vie, j&rsquo;animerai une conf\u00e9rence le vendredi 22 septembre \u00e0 12 h \u00ab\u00a0Prendre sa place et rayonner au c\u0153ur de son entreprise holistique.<\/span><span id=\"p37\">\u00ab\u00a0<\/span><\/p>\n<h2>Parlez-nous de votre relation avec le salon<\/h2>\n<p><span id=\"40\">Je<\/span>\u00a0fr\u00e9quente le salon Respire la Vie depuis 6 ans, j&rsquo;y vais chaque ann\u00e9e.<\/p>\n<h2>Quel est votre devise ?<\/h2>\n<p>Rien ne vous emprisonne except\u00e9 vos pens\u00e9es.<br \/>\nRien ne vous limite except\u00e9 vos peurs.<br \/>\nEt rien ne vous contr\u00f4le except\u00e9 vos croyances.<\/p>\n<p><em><a href=\"https:\/\/www.respirelavie.fr\/poitiers\/visiter\/liste-des-exposants\/\" target=\"_blank\" rel=\"noopener\">Consultez la liste des exposants<\/a><\/em><\/p>\n","protected":false},"excerpt":{"rendered":"<p>Pr\u00e9sentez-vous en quelques mots Je\u00a0m&rsquo;appelle Yasmine, je suis coach pour femmes entrepreneures hypersensibles et d\u00e9termin\u00e9es.\u00a0Je les accompagne \u00e0 d\u00e9velopper une activit\u00e9 magn\u00e9tique et p\u00e9renne en se reconnectant \u00e0 leur puissance f\u00e9minine. Pendant 10 ans, j&rsquo;ai travaill\u00e9 dans le secteur de l&rsquo;insertion professionnelle.\u00a0\u00c0\u00a0la suite d&rsquo;un\u00a0burn-out\u00a0j&rsquo;ai pris la d\u00e9cision d&rsquo;oser l&rsquo;entreprenariat.\u00a0J&rsquo;ai alors d\u00e9but\u00e9 un v\u00e9ritable parcours transformationnel.\u00a0Passer&hellip; <\/p>\n","protected":false},"author":5,"featured_media":10022,"comment_status":"closed","ping_status":"open","sticky":false,"template":"","format":"standard","meta":{"_monsterinsights_skip_tracking":false,"_monsterinsights_sitenote_active":false,"_monsterinsights_sitenote_note":"","_monsterinsights_sitenote_category":0,"footnotes":""},"categories":[352],"tags":[],"class_list":["post-10021","post","type-post","status-publish","format-standard","has-post-thumbnail","hentry","category-portrait-exposant"],"yoast_head":"<!-- This site is optimized with the Yoast SEO plugin v27.3 - https:\/\/yoast.com\/product\/yoast-seo-wordpress\/ -->\n<title>Yasmine Kabbaj - Salon RESPIRE LA VIE Poitiers<\/title>\n<meta name=\"description\" content=\"Venez d\u00e9couvrir ou red\u00e9couvrir Yasmine Kabbaj lors du salon Respire la Vie Poitiers du 22 au 24 septembre 2023 !\" \/>\n<meta name=\"robots\" content=\"index, follow, max-snippet:-1, max-image-preview:large, max-video-preview:-1\" \/>\n<link rel=\"canonical\" href=\"http:\/\/www.respirelavie.fr\/poitiers\/blog\/2023\/09\/15\/yasmine-kabbaj\/\" \/>\n<meta property=\"og:locale\" content=\"fr_FR\" \/>\n<meta property=\"og:type\" content=\"article\" \/>\n<meta property=\"og:title\" content=\"Yasmine Kabbaj - Salon RESPIRE LA VIE Poitiers\" \/>\n<meta property=\"og:description\" content=\"Venez d\u00e9couvrir ou red\u00e9couvrir Yasmine Kabbaj lors du salon Respire la Vie Poitiers du 22 au 24 septembre 2023 !\" \/>\n<meta property=\"og:url\" content=\"http:\/\/www.respirelavie.fr\/poitiers\/blog\/2023\/09\/15\/yasmine-kabbaj\/\" \/>\n<meta property=\"og:site_name\" content=\"Salon RESPIRE LA VIE Poitiers\" \/>\n<meta property=\"article:published_time\" content=\"2023-09-15T07:42:36+00:00\" \/>\n<meta property=\"og:image\" content=\"http:\/\/www.respirelavie.fr\/poitiers\/wp-content\/uploads\/sites\/3\/2023\/09\/1694435599-file1-respire-la-vie-2-scaled.jpg\" \/>\n\t<meta property=\"og:image:width\" content=\"1996\" \/>\n\t<meta property=\"og:image:height\" content=\"2560\" \/>\n\t<meta property=\"og:image:type\" content=\"image\/jpeg\" \/>\n<meta name=\"author\" content=\"communication\" \/>\n<meta name=\"twitter:card\" content=\"summary_large_image\" \/>\n<meta name=\"twitter:label1\" content=\"\u00c9crit par\" \/>\n\t<meta name=\"twitter:data1\" content=\"communication\" \/>\n\t<meta name=\"twitter:label2\" content=\"Dur\u00e9e de lecture estim\u00e9e\" \/>\n\t<meta name=\"twitter:data2\" content=\"2 minutes\" \/>\n<script type=\"application\/ld+json\" class=\"yoast-schema-graph\">{\"@context\":\"https:\\\/\\\/schema.org\",\"@graph\":[{\"@type\":\"Article\",\"@id\":\"http:\\\/\\\/www.respirelavie.fr\\\/poitiers\\\/blog\\\/2023\\\/09\\\/15\\\/yasmine-kabbaj\\\/#article\",\"isPartOf\":{\"@id\":\"http:\\\/\\\/www.respirelavie.fr\\\/poitiers\\\/blog\\\/2023\\\/09\\\/15\\\/yasmine-kabbaj\\\/\"},\"author\":{\"name\":\"communication\",\"@id\":\"https:\\\/\\\/www.respirelavie.fr\\\/poitiers\\\/#\\\/schema\\\/person\\\/773bfe7c31181098698bacd32c5d233c\"},\"headline\":\"Yasmine Kabbaj\",\"datePublished\":\"2023-09-15T07:42:36+00:00\",\"mainEntityOfPage\":{\"@id\":\"http:\\\/\\\/www.respirelavie.fr\\\/poitiers\\\/blog\\\/2023\\\/09\\\/15\\\/yasmine-kabbaj\\\/\"},\"wordCount\":265,\"publisher\":{\"@id\":\"https:\\\/\\\/www.respirelavie.fr\\\/poitiers\\\/#organization\"},\"image\":{\"@id\":\"http:\\\/\\\/www.respirelavie.fr\\\/poitiers\\\/blog\\\/2023\\\/09\\\/15\\\/yasmine-kabbaj\\\/#primaryimage\"},\"thumbnailUrl\":\"http:\\\/\\\/www.respirelavie.fr\\\/poitiers\\\/wp-content\\\/uploads\\\/sites\\\/3\\\/2023\\\/09\\\/1694435599-file1-respire-la-vie-2-scaled.jpg\",\"articleSection\":[\"portrait exposant\"],\"inLanguage\":\"fr-FR\"},{\"@type\":\"WebPage\",\"@id\":\"http:\\\/\\\/www.respirelavie.fr\\\/poitiers\\\/blog\\\/2023\\\/09\\\/15\\\/yasmine-kabbaj\\\/\",\"url\":\"http:\\\/\\\/www.respirelavie.fr\\\/poitiers\\\/blog\\\/2023\\\/09\\\/15\\\/yasmine-kabbaj\\\/\",\"name\":\"Yasmine Kabbaj - Salon RESPIRE LA VIE Poitiers\",\"isPartOf\":{\"@id\":\"https:\\\/\\\/www.respirelavie.fr\\\/poitiers\\\/#website\"},\"primaryImageOfPage\":{\"@id\":\"http:\\\/\\\/www.respirelavie.fr\\\/poitiers\\\/blog\\\/2023\\\/09\\\/15\\\/yasmine-kabbaj\\\/#primaryimage\"},\"image\":{\"@id\":\"http:\\\/\\\/www.respirelavie.fr\\\/poitiers\\\/blog\\\/2023\\\/09\\\/15\\\/yasmine-kabbaj\\\/#primaryimage\"},\"thumbnailUrl\":\"http:\\\/\\\/www.respirelavie.fr\\\/poitiers\\\/wp-content\\\/uploads\\\/sites\\\/3\\\/2023\\\/09\\\/1694435599-file1-respire-la-vie-2-scaled.jpg\",\"datePublished\":\"2023-09-15T07:42:36+00:00\",\"description\":\"Venez d\u00e9couvrir ou red\u00e9couvrir Yasmine Kabbaj lors du salon Respire la Vie Poitiers du 22 au 24 septembre 2023 !\",\"breadcrumb\":{\"@id\":\"http:\\\/\\\/www.respirelavie.fr\\\/poitiers\\\/blog\\\/2023\\\/09\\\/15\\\/yasmine-kabbaj\\\/#breadcrumb\"},\"inLanguage\":\"fr-FR\",\"potentialAction\":[{\"@type\":\"ReadAction\",\"target\":[\"http:\\\/\\\/www.respirelavie.fr\\\/poitiers\\\/blog\\\/2023\\\/09\\\/15\\\/yasmine-kabbaj\\\/\"]}]},{\"@type\":\"ImageObject\",\"inLanguage\":\"fr-FR\",\"@id\":\"http:\\\/\\\/www.respirelavie.fr\\\/poitiers\\\/blog\\\/2023\\\/09\\\/15\\\/yasmine-kabbaj\\\/#primaryimage\",\"url\":\"http:\\\/\\\/www.respirelavie.fr\\\/poitiers\\\/wp-content\\\/uploads\\\/sites\\\/3\\\/2023\\\/09\\\/1694435599-file1-respire-la-vie-2-scaled.jpg\",\"contentUrl\":\"http:\\\/\\\/www.respirelavie.fr\\\/poitiers\\\/wp-content\\\/uploads\\\/sites\\\/3\\\/2023\\\/09\\\/1694435599-file1-respire-la-vie-2-scaled.jpg\",\"width\":1996,\"height\":2560},{\"@type\":\"BreadcrumbList\",\"@id\":\"http:\\\/\\\/www.respirelavie.fr\\\/poitiers\\\/blog\\\/2023\\\/09\\\/15\\\/yasmine-kabbaj\\\/#breadcrumb\",\"itemListElement\":[{\"@type\":\"ListItem\",\"position\":1,\"name\":\"Accueil\",\"item\":\"https:\\\/\\\/www.respirelavie.fr\\\/poitiers\\\/\"},{\"@type\":\"ListItem\",\"position\":2,\"name\":\"Yasmine Kabbaj\"}]},{\"@type\":\"WebSite\",\"@id\":\"https:\\\/\\\/www.respirelavie.fr\\\/poitiers\\\/#website\",\"url\":\"https:\\\/\\\/www.respirelavie.fr\\\/poitiers\\\/\",\"name\":\"Salon RESPIRE LA VIE Poitiers\",\"description\":\"RESPIRE : votre salon bio, bien-\u00eatre et habitat sain \u00e0 Poitiers\",\"publisher\":{\"@id\":\"https:\\\/\\\/www.respirelavie.fr\\\/poitiers\\\/#organization\"},\"potentialAction\":[{\"@type\":\"SearchAction\",\"target\":{\"@type\":\"EntryPoint\",\"urlTemplate\":\"https:\\\/\\\/www.respirelavie.fr\\\/poitiers\\\/?s={search_term_string}\"},\"query-input\":{\"@type\":\"PropertyValueSpecification\",\"valueRequired\":true,\"valueName\":\"search_term_string\"}}],\"inLanguage\":\"fr-FR\"},{\"@type\":\"Organization\",\"@id\":\"https:\\\/\\\/www.respirelavie.fr\\\/poitiers\\\/#organization\",\"name\":\"Salon RESPIRE LA VIE Poitiers\",\"url\":\"https:\\\/\\\/www.respirelavie.fr\\\/poitiers\\\/\",\"logo\":{\"@type\":\"ImageObject\",\"inLanguage\":\"fr-FR\",\"@id\":\"https:\\\/\\\/www.respirelavie.fr\\\/poitiers\\\/#\\\/schema\\\/logo\\\/image\\\/\",\"url\":\"http:\\\/\\\/www.respirelavie.fr\\\/poitiers\\\/wp-content\\\/uploads\\\/sites\\\/3\\\/2024\\\/03\\\/Logo-RESPIRE-LA-VIE-poitiers.jpg\",\"contentUrl\":\"http:\\\/\\\/www.respirelavie.fr\\\/poitiers\\\/wp-content\\\/uploads\\\/sites\\\/3\\\/2024\\\/03\\\/Logo-RESPIRE-LA-VIE-poitiers.jpg\",\"width\":470,\"height\":262,\"caption\":\"Salon RESPIRE LA VIE Poitiers\"},\"image\":{\"@id\":\"https:\\\/\\\/www.respirelavie.fr\\\/poitiers\\\/#\\\/schema\\\/logo\\\/image\\\/\"}},{\"@type\":\"Person\",\"@id\":\"https:\\\/\\\/www.respirelavie.fr\\\/poitiers\\\/#\\\/schema\\\/person\\\/773bfe7c31181098698bacd32c5d233c\",\"name\":\"communication\",\"image\":{\"@type\":\"ImageObject\",\"inLanguage\":\"fr-FR\",\"@id\":\"https:\\\/\\\/secure.gravatar.com\\\/avatar\\\/0f49d5b7ab56355ffa797b3ce25e4f2375cedf6bc9afe416fe669342c3524275?s=96&d=mm&r=g\",\"url\":\"https:\\\/\\\/secure.gravatar.com\\\/avatar\\\/0f49d5b7ab56355ffa797b3ce25e4f2375cedf6bc9afe416fe669342c3524275?s=96&d=mm&r=g\",\"contentUrl\":\"https:\\\/\\\/secure.gravatar.com\\\/avatar\\\/0f49d5b7ab56355ffa797b3ce25e4f2375cedf6bc9afe416fe669342c3524275?s=96&d=mm&r=g\",\"caption\":\"communication\"},\"url\":\"http:\\\/\\\/www.respirelavie.fr\\\/poitiers\\\/blog\\\/author\\\/communication\\\/\"}]}<\/script>\n<!-- \/ Yoast SEO plugin. -->","yoast_head_json":{"title":"Yasmine Kabbaj - Salon RESPIRE LA VIE Poitiers","description":"Venez d\u00e9couvrir ou red\u00e9couvrir Yasmine Kabbaj lors du salon Respire la Vie Poitiers du 22 au 24 septembre 2023 !","robots":{"index":"index","follow":"follow","max-snippet":"max-snippet:-1","max-image-preview":"max-image-preview:large","max-video-preview":"max-video-preview:-1"},"canonical":"http:\/\/www.respirelavie.fr\/poitiers\/blog\/2023\/09\/15\/yasmine-kabbaj\/","og_locale":"fr_FR","og_type":"article","og_title":"Yasmine Kabbaj - Salon RESPIRE LA VIE Poitiers","og_description":"Venez d\u00e9couvrir ou red\u00e9couvrir Yasmine Kabbaj lors du salon Respire la Vie Poitiers du 22 au 24 septembre 2023 !","og_url":"http:\/\/www.respirelavie.fr\/poitiers\/blog\/2023\/09\/15\/yasmine-kabbaj\/","og_site_name":"Salon RESPIRE LA VIE Poitiers","article_published_time":"2023-09-15T07:42:36+00:00","og_image":[{"width":1996,"height":2560,"url":"http:\/\/www.respirelavie.fr\/poitiers\/wp-content\/uploads\/sites\/3\/2023\/09\/1694435599-file1-respire-la-vie-2-scaled.jpg","type":"image\/jpeg"}],"author":"communication","twitter_card":"summary_large_image","twitter_misc":{"\u00c9crit par":"communication","Dur\u00e9e de lecture estim\u00e9e":"2 minutes"},"schema":{"@context":"https:\/\/schema.org","@graph":[{"@type":"Article","@id":"http:\/\/www.respirelavie.fr\/poitiers\/blog\/2023\/09\/15\/yasmine-kabbaj\/#article","isPartOf":{"@id":"http:\/\/www.respirelavie.fr\/poitiers\/blog\/2023\/09\/15\/yasmine-kabbaj\/"},"author":{"name":"communication","@id":"https:\/\/www.respirelavie.fr\/poitiers\/#\/schema\/person\/773bfe7c31181098698bacd32c5d233c"},"headline":"Yasmine Kabbaj","datePublished":"2023-09-15T07:42:36+00:00","mainEntityOfPage":{"@id":"http:\/\/www.respirelavie.fr\/poitiers\/blog\/2023\/09\/15\/yasmine-kabbaj\/"},"wordCount":265,"publisher":{"@id":"https:\/\/www.respirelavie.fr\/poitiers\/#organization"},"image":{"@id":"http:\/\/www.respirelavie.fr\/poitiers\/blog\/2023\/09\/15\/yasmine-kabbaj\/#primaryimage"},"thumbnailUrl":"http:\/\/www.respirelavie.fr\/poitiers\/wp-content\/uploads\/sites\/3\/2023\/09\/1694435599-file1-respire-la-vie-2-scaled.jpg","articleSection":["portrait exposant"],"inLanguage":"fr-FR"},{"@type":"WebPage","@id":"http:\/\/www.respirelavie.fr\/poitiers\/blog\/2023\/09\/15\/yasmine-kabbaj\/","url":"http:\/\/www.respirelavie.fr\/poitiers\/blog\/2023\/09\/15\/yasmine-kabbaj\/","name":"Yasmine Kabbaj - Salon RESPIRE LA VIE Poitiers","isPartOf":{"@id":"https:\/\/www.respirelavie.fr\/poitiers\/#website"},"primaryImageOfPage":{"@id":"http:\/\/www.respirelavie.fr\/poitiers\/blog\/2023\/09\/15\/yasmine-kabbaj\/#primaryimage"},"image":{"@id":"http:\/\/www.respirelavie.fr\/poitiers\/blog\/2023\/09\/15\/yasmine-kabbaj\/#primaryimage"},"thumbnailUrl":"http:\/\/www.respirelavie.fr\/poitiers\/wp-content\/uploads\/sites\/3\/2023\/09\/1694435599-file1-respire-la-vie-2-scaled.jpg","datePublished":"2023-09-15T07:42:36+00:00","description":"Venez d\u00e9couvrir ou red\u00e9couvrir Yasmine Kabbaj lors du salon Respire la Vie Poitiers du 22 au 24 septembre 2023 !","breadcrumb":{"@id":"http:\/\/www.respirelavie.fr\/poitiers\/blog\/2023\/09\/15\/yasmine-kabbaj\/#breadcrumb"},"inLanguage":"fr-FR","potentialAction":[{"@type":"ReadAction","target":["http:\/\/www.respirelavie.fr\/poitiers\/blog\/2023\/09\/15\/yasmine-kabbaj\/"]}]},{"@type":"ImageObject","inLanguage":"fr-FR","@id":"http:\/\/www.respirelavie.fr\/poitiers\/blog\/2023\/09\/15\/yasmine-kabbaj\/#primaryimage","url":"http:\/\/www.respirelavie.fr\/poitiers\/wp-content\/uploads\/sites\/3\/2023\/09\/1694435599-file1-respire-la-vie-2-scaled.jpg","contentUrl":"http:\/\/www.respirelavie.fr\/poitiers\/wp-content\/uploads\/sites\/3\/2023\/09\/1694435599-file1-respire-la-vie-2-scaled.jpg","width":1996,"height":2560},{"@type":"BreadcrumbList","@id":"http:\/\/www.respirelavie.fr\/poitiers\/blog\/2023\/09\/15\/yasmine-kabbaj\/#breadcrumb","itemListElement":[{"@type":"ListItem","position":1,"name":"Accueil","item":"https:\/\/www.respirelavie.fr\/poitiers\/"},{"@type":"ListItem","position":2,"name":"Yasmine Kabbaj"}]},{"@type":"WebSite","@id":"https:\/\/www.respirelavie.fr\/poitiers\/#website","url":"https:\/\/www.respirelavie.fr\/poitiers\/","name":"Salon RESPIRE LA VIE Poitiers","description":"RESPIRE : votre salon bio, bien-\u00eatre et habitat sain \u00e0 Poitiers","publisher":{"@id":"https:\/\/www.respirelavie.fr\/poitiers\/#organization"},"potentialAction":[{"@type":"SearchAction","target":{"@type":"EntryPoint","urlTemplate":"https:\/\/www.respirelavie.fr\/poitiers\/?s={search_term_string}"},"query-input":{"@type":"PropertyValueSpecification","valueRequired":true,"valueName":"search_term_string"}}],"inLanguage":"fr-FR"},{"@type":"Organization","@id":"https:\/\/www.respirelavie.fr\/poitiers\/#organization","name":"Salon RESPIRE LA VIE Poitiers","url":"https:\/\/www.respirelavie.fr\/poitiers\/","logo":{"@type":"ImageObject","inLanguage":"fr-FR","@id":"https:\/\/www.respirelavie.fr\/poitiers\/#\/schema\/logo\/image\/","url":"http:\/\/www.respirelavie.fr\/poitiers\/wp-content\/uploads\/sites\/3\/2024\/03\/Logo-RESPIRE-LA-VIE-poitiers.jpg","contentUrl":"http:\/\/www.respirelavie.fr\/poitiers\/wp-content\/uploads\/sites\/3\/2024\/03\/Logo-RESPIRE-LA-VIE-poitiers.jpg","width":470,"height":262,"caption":"Salon RESPIRE LA VIE Poitiers"},"image":{"@id":"https:\/\/www.respirelavie.fr\/poitiers\/#\/schema\/logo\/image\/"}},{"@type":"Person","@id":"https:\/\/www.respirelavie.fr\/poitiers\/#\/schema\/person\/773bfe7c31181098698bacd32c5d233c","name":"communication","image":{"@type":"ImageObject","inLanguage":"fr-FR","@id":"https:\/\/secure.gravatar.com\/avatar\/0f49d5b7ab56355ffa797b3ce25e4f2375cedf6bc9afe416fe669342c3524275?s=96&d=mm&r=g","url":"https:\/\/secure.gravatar.com\/avatar\/0f49d5b7ab56355ffa797b3ce25e4f2375cedf6bc9afe416fe669342c3524275?s=96&d=mm&r=g","contentUrl":"https:\/\/secure.gravatar.com\/avatar\/0f49d5b7ab56355ffa797b3ce25e4f2375cedf6bc9afe416fe669342c3524275?s=96&d=mm&r=g","caption":"communication"},"url":"http:\/\/www.respirelavie.fr\/poitiers\/blog\/author\/communication\/"}]}},"_links":{"self":[{"href":"http:\/\/www.respirelavie.fr\/poitiers\/wp-json\/wp\/v2\/posts\/10021","targetHints":{"allow":["GET"]}}],"collection":[{"href":"http:\/\/www.respirelavie.fr\/poitiers\/wp-json\/wp\/v2\/posts"}],"about":[{"href":"http:\/\/www.respirelavie.fr\/poitiers\/wp-json\/wp\/v2\/types\/post"}],"author":[{"embeddable":true,"href":"http:\/\/www.respirelavie.fr\/poitiers\/wp-json\/wp\/v2\/users\/5"}],"replies":[{"embeddable":true,"href":"http:\/\/www.respirelavie.fr\/poitiers\/wp-json\/wp\/v2\/comments?post=10021"}],"version-history":[{"count":4,"href":"http:\/\/www.respirelavie.fr\/poitiers\/wp-json\/wp\/v2\/posts\/10021\/revisions"}],"predecessor-version":[{"id":10178,"href":"http:\/\/www.respirelavie.fr\/poitiers\/wp-json\/wp\/v2\/posts\/10021\/revisions\/10178"}],"wp:featuredmedia":[{"embeddable":true,"href":"http:\/\/www.respirelavie.fr\/poitiers\/wp-json\/wp\/v2\/media\/10022"}],"wp:attachment":[{"href":"http:\/\/www.respirelavie.fr\/poitiers\/wp-json\/wp\/v2\/media?parent=10021"}],"wp:term":[{"taxonomy":"category","embeddable":true,"href":"http:\/\/www.respirelavie.fr\/poitiers\/wp-json\/wp\/v2\/categories?post=10021"},{"taxonomy":"post_tag","embeddable":true,"href":"http:\/\/www.respirelavie.fr\/poitiers\/wp-json\/wp\/v2\/tags?post=10021"}],"curies":[{"name":"wp","href":"https:\/\/api.w.org\/{rel}","templated":true}]}}