{"id":10031,"date":"2023-09-15T10:00:25","date_gmt":"2023-09-15T08:00:25","guid":{"rendered":"https:\/\/www.respirelavie.fr\/poitiers\/?p=10031"},"modified":"2023-09-15T10:00:25","modified_gmt":"2023-09-15T08:00:25","slug":"les-savons-de-johann-et-virginie","status":"publish","type":"post","link":"http:\/\/www.respirelavie.fr\/poitiers\/blog\/2023\/09\/15\/les-savons-de-johann-et-virginie\/","title":{"rendered":"Les Savons de Johann et Virginie"},"content":{"rendered":"<h2>Pr\u00e9sentez-vous en quelques mots<\/h2>\n<p><img fetchpriority=\"high\" decoding=\"async\" class=\" wp-image-10033 alignleft\" src=\"https:\/\/www.respirelavie.fr\/poitiers\/wp-content\/uploads\/sites\/3\/2023\/09\/1694511045-file1-Grafico-savon-graphique-sans-HE-300x300.jpg\" alt=\"les savons de Johann et Virginie\" width=\"292\" height=\"292\" srcset=\"http:\/\/www.respirelavie.fr\/poitiers\/wp-content\/uploads\/sites\/3\/2023\/09\/1694511045-file1-Grafico-savon-graphique-sans-HE-300x300.jpg 300w, http:\/\/www.respirelavie.fr\/poitiers\/wp-content\/uploads\/sites\/3\/2023\/09\/1694511045-file1-Grafico-savon-graphique-sans-HE-1024x1024.jpg 1024w, http:\/\/www.respirelavie.fr\/poitiers\/wp-content\/uploads\/sites\/3\/2023\/09\/1694511045-file1-Grafico-savon-graphique-sans-HE-150x150.jpg 150w, http:\/\/www.respirelavie.fr\/poitiers\/wp-content\/uploads\/sites\/3\/2023\/09\/1694511045-file1-Grafico-savon-graphique-sans-HE-768x768.jpg 768w, http:\/\/www.respirelavie.fr\/poitiers\/wp-content\/uploads\/sites\/3\/2023\/09\/1694511045-file1-Grafico-savon-graphique-sans-HE-500x500.jpg 500w, http:\/\/www.respirelavie.fr\/poitiers\/wp-content\/uploads\/sites\/3\/2023\/09\/1694511045-file1-Grafico-savon-graphique-sans-HE-45x45.jpg 45w, http:\/\/www.respirelavie.fr\/poitiers\/wp-content\/uploads\/sites\/3\/2023\/09\/1694511045-file1-Grafico-savon-graphique-sans-HE.jpg 1280w\" sizes=\"(max-width: 292px) 100vw, 292px\" \/><\/p>\n<p><span id=\"p0\">Nous fabriquons \u00e0\u00a0<span id=\"52\">Ligug\u00e9<\/span>, pr\u00e8s de Poitiers des savons \u00e0 froid aux huiles v\u00e9g\u00e9tales et essentielles bio.<\/span><\/p>\n<p><span id=\"p1\">Nous concevons les formules ainsi que l&rsquo;aspect visuel de nos savons.<\/span><span id=\"p2\">\u00a0Ils ne contiennent pas d&rsquo;huile de palme ni de parfum de synth\u00e8se.<\/span><\/p>\n<p><span id=\"p3\"><a href=\"https:\/\/www.johannetvirginie.fr\/\" target=\"_blank\" rel=\"noopener\">Nos savons ont des recettes uniquement v\u00e9g\u00e9tales<\/a>, certains contiennent du jus de carotte, du jus d&rsquo;orange, mais aussi de la bi\u00e8re des Pirates du Clain, la brasserie artisanale de notre village.<\/span><span id=\"p89\">\u00a0Leurs compositions sont riches en karit\u00e9, amandes douces, ricin, beurre de cacao, olive, abricot, &#8230;<\/span><span id=\"p88\">\u00a0Des composants nourrissant pour des peaux sensibles, r\u00e9actives et fragiles.<\/span><span id=\"p6\">\u00a0Nos savons ont des parfums l\u00e9gers et certaines de nos recettes ne contiennent pas d&rsquo;huile essentielle et sont ainsi adapt\u00e9es aux peaux les plus d\u00e9licates.<\/span><\/p><div id=\"respi-3445362705\" class=\"respi-contenu respi-entity-placement\"><script async src=\"\/\/pagead2.googlesyndication.com\/pagead\/js\/adsbygoogle.js?client=ca-pub-7511070832818284\" crossorigin=\"anonymous\"><\/script><ins class=\"adsbygoogle\" style=\"display:block;\" data-ad-client=\"ca-pub-7511070832818284\" \ndata-ad-slot=\"4196289901\" \ndata-ad-format=\"auto\"><\/ins>\n<script> \n(adsbygoogle = window.adsbygoogle || []).push({}); \n<\/script>\n<\/div>\n<p><span id=\"p7\">Voici la petite histoire de notre savonnerie :<\/span><\/p>\n<p><span id=\"p8\">Juin 2015, j<\/span>&#8217;emm\u00e8ne Manilla, notre fille cadette visiter le coll\u00e8ge lors des portes ouvertes pour l&rsquo;entr\u00e9e en 6e de sa s\u0153ur a\u00een\u00e9e \u00c9nola. Elle est super int\u00e9ress\u00e9e par les exp\u00e9riences de chimie, pr\u00e9sent\u00e9es\u00a0par les\u00a0<span id=\"56\">4\u00e8me<\/span>\u00a0et impatiente de rentrer\u00a0<span id=\"57\">au coll\u00e8ge<\/span>\u00a0\u00e0 son tour, ce qui ne sera pas le cas avant deux ans. De retour \u00e0 la maison, Johann et moi d\u00e9cidons donc de faire avec elle des exp\u00e9riences de chimie. On tente plusieurs exp\u00e9riences simples et au bout de quelques semaines, Johann \u00e0 l&rsquo;id\u00e9e de faire un savon, une exp\u00e9rience de chimie utile.\u00a0<span id=\"p16\">J&rsquo;impose une condition simple :<\/span><span id=\"p92\">\u00a0pas d&rsquo;huile de palme !\u00a0<\/span>L&rsquo;exp\u00e9rience est un d\u00e9sastre, bien \u00e9videmment. Mais, loin d&rsquo;abandonner, on essaie de comprendre pourquoi&#8230; On pers\u00e9v\u00e8re, on se plonge dans les livres, on s&rsquo;instruit, on cherche et on teste.<\/p>\n<p><span id=\"p21\">On organise des ateliers cr\u00e9ation de savons \u00e0 la maison\u00a0<span id=\"60\">avec <\/span><\/span><span id=\"p94\">les amis de nos filles, L\u00e9o, S\u00e9r\u00e9na, Sofia, Claudia&#8230; <\/span>Tout y passe, bi\u00e8re, miel, tomates, carottes, &#8230; On rigole bien, certains\u00a0savons\u00a0ont des dr\u00f4les de surnoms \u00ab\u00a0savon\u00a0<span id=\"69\">pat\u00e9<\/span>\u00ab\u00a0. On l&rsquo;aurait presque mang\u00e9, mais pour se laver, son aspect visuel ne donnait pas envie. <span id=\"p27\">\u00c9trangement, nous n&rsquo;avons pas gard\u00e9 cette recette,\u00a0<\/span>il restait encore \u00e0 travailler les formes, les couleurs et les parfums.<\/p>\n<p><span id=\"p96\">Johann a fabriqu\u00e9 des moules et des outils de marquage.\u00a0<\/span>Je me suis renseign\u00e9 pour les couleurs et les huiles essentielles. On est fiers de nos premiers vrais savons, on en distribue \u00e0 la famille et aux amis.<\/p>\n<p><span id=\"p98\">Certains nous en redemandent, ils les adorent et nous poussent \u00e0 en fabriquer pour les vendre.<\/span><\/p>\n<p><span id=\"p99\">Ils veulent nous les acheter !<\/span><span id=\"p35\">\u00a0Une de nos amies nous confie que son fils n&rsquo;a plus d&rsquo;ecz\u00e9ma depuis qu&rsquo;il utilise nos savons et qu&rsquo;elle aimerait nous les acheter.<\/span><span id=\"p36\">\u00a0Cela nous motive \u00e0 lancer ce projet.<\/span><\/p>\n<p><span id=\"p37\">Depuis 2018, <\/span><span id=\"p38\">nos savons ont bien \u00e9volu\u00e9, n<\/span>ous avons nos propres recettes et notre processus de fabrication.\u00a0<span id=\"p40\">Toujours pas d&rsquo;huile de palme, mais d\u00e9sormais uniquement des huiles v\u00e9g\u00e9tales certifi\u00e9es Bio e<\/span>t pour les parfums, uniquement des huiles essentielles certifi\u00e9es Bio.<\/p>\n<p><span id=\"p42\">On a notre ligne de conduite, c<\/span><span id=\"p43\">r\u00e9er des savons pour nous, m<\/span><span id=\"80\">ais<\/span>\u00a0que vous pouvez acheter pour vous. Des savons les plus naturels possibles, des beaux et bons\u00a0<span id=\"81\">savons<\/span>\u00a0dont on est fiers.\u00a0<span id=\"p47\">F\u00e9vrier 2018, on ouvre notre laboratoire sur\u00a0<span id=\"82\">Ligug\u00e9<\/span>, c<\/span>&lsquo;est parti, on se lance dans l&rsquo;aventure.\u00a0<span id=\"p49\">On esp\u00e8re que, vous aussi, vous allez adorer :<\/span><span id=\"p50\">)<\/span><\/p>\n<p><span id=\"p51\">Venez nous voir, on est passionn\u00e9s !<\/span><\/p>\n<h2>Que propose Les Savons de Johann et Virginie sur le salon ?<\/h2>\n<p><span id=\"p106\">Sur le salon, nous allons proposer notre gamme de 9 savons.<\/span><br \/>\n<span id=\"p107\">Nos produits\u00a0phare\u00a0sont le savon Cl\u00e9opatre un savon tr\u00e8s doux au beurre de karit\u00e9 et \u00e0 l&rsquo;huile de noyau d&rsquo;abricots, c&rsquo;est un savon adapt\u00e9 aux peaux fragiles et r\u00e9actives, il convient \u00e9galement aux peaux sensibles des b\u00e9b\u00e9s et le Savon\u00a0<span id=\"112\" class=\"s-rg\">Grafico<\/span>\u00a0qui est un savon embl\u00e9matique de notre collection qui est tr\u00e8s visuelle.<\/span><span id=\"p108\">\u00a0Le savon\u00a0<span id=\"113\" class=\"s-rg\">Grafico<\/span>\u00a0est un savon hexagonal qui donne l&rsquo;illusion d&rsquo;un cube en 3D, il est tr\u00e8s graphique et tr\u00e8s nourrissant pour les peaux s\u00e8ches, un savon \u00e9galement adapt\u00e9 aux peaux des b\u00e9b\u00e9s, un savon\u00a0<span id=\"114\" class=\"s-rg\">surgras<\/span>\u00a0\u00e0 l&rsquo;huile d&rsquo;amande douce.<\/span><br \/>\n<span id=\"p109\">Nous aurons certainement des remises pour des achats par lots.<\/span><\/p>\n<h2>Parlez-nous de votre relation avec le salon<\/h2>\n<p><span id=\"p116\">C&rsquo;est la premi\u00e8re fois que nous allons exposer sur ce salon.<\/span><span id=\"p117\">\u00a0Nous le connaissons uniquement en tant que visiteurs depuis quelques ann\u00e9es.<\/span><\/p>\n<h2>Quel est votre devise ?<\/h2>\n<p>Cr\u00e9er des savons pour nous, mais que vous pouvez acheter pour vous.<br \/>\nUne simplicit\u00e9 qui fait du bien \u00e0 votre peau !<\/p>\n<p><em><a href=\"https:\/\/www.respirelavie.fr\/poitiers\/visiter\/liste-des-exposants\/\" target=\"_blank\" rel=\"noopener\">Consultez la liste des exposants<\/a><\/em><\/p>\n<p>&nbsp;<\/p>\n","protected":false},"excerpt":{"rendered":"<p>Pr\u00e9sentez-vous en quelques mots Nous fabriquons \u00e0\u00a0Ligug\u00e9, pr\u00e8s de Poitiers des savons \u00e0 froid aux huiles v\u00e9g\u00e9tales et essentielles bio. Nous concevons les formules ainsi que l&rsquo;aspect visuel de nos savons.\u00a0Ils ne contiennent pas d&rsquo;huile de palme ni de parfum de synth\u00e8se. Nos savons ont des recettes uniquement v\u00e9g\u00e9tales, certains contiennent du jus de carotte,&hellip; <\/p>\n","protected":false},"author":5,"featured_media":10033,"comment_status":"closed","ping_status":"open","sticky":false,"template":"","format":"standard","meta":{"_monsterinsights_skip_tracking":false,"_monsterinsights_sitenote_active":false,"_monsterinsights_sitenote_note":"","_monsterinsights_sitenote_category":0,"footnotes":""},"categories":[352],"tags":[],"class_list":["post-10031","post","type-post","status-publish","format-standard","has-post-thumbnail","hentry","category-portrait-exposant"],"yoast_head":"<!-- This site is optimized with the Yoast SEO plugin v27.3 - https:\/\/yoast.com\/product\/yoast-seo-wordpress\/ -->\n<title>Les Savons de Johann et Virginie - Salon RESPIRE LA VIE Poitiers<\/title>\n<meta name=\"description\" content=\"Venez d\u00e9couvrir ou red\u00e9couvrir Les Savons de Johann et Virginie lors du salon Respire la Vie Poitiers du 22 au 24 septembre 2023 !\" \/>\n<meta name=\"robots\" content=\"index, follow, max-snippet:-1, max-image-preview:large, max-video-preview:-1\" \/>\n<link rel=\"canonical\" href=\"http:\/\/www.respirelavie.fr\/poitiers\/blog\/2023\/09\/15\/les-savons-de-johann-et-virginie\/\" \/>\n<meta property=\"og:locale\" content=\"fr_FR\" \/>\n<meta property=\"og:type\" content=\"article\" \/>\n<meta property=\"og:title\" content=\"Les Savons de Johann et Virginie - Salon RESPIRE LA VIE Poitiers\" \/>\n<meta property=\"og:description\" content=\"Venez d\u00e9couvrir ou red\u00e9couvrir Les Savons de Johann et Virginie lors du salon Respire la Vie Poitiers du 22 au 24 septembre 2023 !\" \/>\n<meta property=\"og:url\" content=\"http:\/\/www.respirelavie.fr\/poitiers\/blog\/2023\/09\/15\/les-savons-de-johann-et-virginie\/\" \/>\n<meta property=\"og:site_name\" content=\"Salon RESPIRE LA VIE Poitiers\" \/>\n<meta property=\"article:published_time\" content=\"2023-09-15T08:00:25+00:00\" \/>\n<meta property=\"og:image\" content=\"http:\/\/www.respirelavie.fr\/poitiers\/wp-content\/uploads\/sites\/3\/2023\/09\/1694511045-file1-Grafico-savon-graphique-sans-HE.jpg\" \/>\n\t<meta property=\"og:image:width\" content=\"1280\" \/>\n\t<meta property=\"og:image:height\" content=\"1280\" \/>\n\t<meta property=\"og:image:type\" content=\"image\/jpeg\" \/>\n<meta name=\"author\" content=\"communication\" \/>\n<meta name=\"twitter:card\" content=\"summary_large_image\" \/>\n<meta name=\"twitter:label1\" content=\"\u00c9crit par\" \/>\n\t<meta name=\"twitter:data1\" content=\"communication\" \/>\n\t<meta name=\"twitter:label2\" content=\"Dur\u00e9e de lecture estim\u00e9e\" \/>\n\t<meta name=\"twitter:data2\" content=\"4 minutes\" \/>\n<script type=\"application\/ld+json\" class=\"yoast-schema-graph\">{\"@context\":\"https:\\\/\\\/schema.org\",\"@graph\":[{\"@type\":\"Article\",\"@id\":\"http:\\\/\\\/www.respirelavie.fr\\\/poitiers\\\/blog\\\/2023\\\/09\\\/15\\\/les-savons-de-johann-et-virginie\\\/#article\",\"isPartOf\":{\"@id\":\"http:\\\/\\\/www.respirelavie.fr\\\/poitiers\\\/blog\\\/2023\\\/09\\\/15\\\/les-savons-de-johann-et-virginie\\\/\"},\"author\":{\"name\":\"communication\",\"@id\":\"https:\\\/\\\/www.respirelavie.fr\\\/poitiers\\\/#\\\/schema\\\/person\\\/773bfe7c31181098698bacd32c5d233c\"},\"headline\":\"Les Savons de Johann et Virginie\",\"datePublished\":\"2023-09-15T08:00:25+00:00\",\"mainEntityOfPage\":{\"@id\":\"http:\\\/\\\/www.respirelavie.fr\\\/poitiers\\\/blog\\\/2023\\\/09\\\/15\\\/les-savons-de-johann-et-virginie\\\/\"},\"wordCount\":798,\"publisher\":{\"@id\":\"https:\\\/\\\/www.respirelavie.fr\\\/poitiers\\\/#organization\"},\"image\":{\"@id\":\"http:\\\/\\\/www.respirelavie.fr\\\/poitiers\\\/blog\\\/2023\\\/09\\\/15\\\/les-savons-de-johann-et-virginie\\\/#primaryimage\"},\"thumbnailUrl\":\"http:\\\/\\\/www.respirelavie.fr\\\/poitiers\\\/wp-content\\\/uploads\\\/sites\\\/3\\\/2023\\\/09\\\/1694511045-file1-Grafico-savon-graphique-sans-HE.jpg\",\"articleSection\":[\"portrait exposant\"],\"inLanguage\":\"fr-FR\"},{\"@type\":\"WebPage\",\"@id\":\"http:\\\/\\\/www.respirelavie.fr\\\/poitiers\\\/blog\\\/2023\\\/09\\\/15\\\/les-savons-de-johann-et-virginie\\\/\",\"url\":\"http:\\\/\\\/www.respirelavie.fr\\\/poitiers\\\/blog\\\/2023\\\/09\\\/15\\\/les-savons-de-johann-et-virginie\\\/\",\"name\":\"Les Savons de Johann et Virginie - Salon RESPIRE LA VIE Poitiers\",\"isPartOf\":{\"@id\":\"https:\\\/\\\/www.respirelavie.fr\\\/poitiers\\\/#website\"},\"primaryImageOfPage\":{\"@id\":\"http:\\\/\\\/www.respirelavie.fr\\\/poitiers\\\/blog\\\/2023\\\/09\\\/15\\\/les-savons-de-johann-et-virginie\\\/#primaryimage\"},\"image\":{\"@id\":\"http:\\\/\\\/www.respirelavie.fr\\\/poitiers\\\/blog\\\/2023\\\/09\\\/15\\\/les-savons-de-johann-et-virginie\\\/#primaryimage\"},\"thumbnailUrl\":\"http:\\\/\\\/www.respirelavie.fr\\\/poitiers\\\/wp-content\\\/uploads\\\/sites\\\/3\\\/2023\\\/09\\\/1694511045-file1-Grafico-savon-graphique-sans-HE.jpg\",\"datePublished\":\"2023-09-15T08:00:25+00:00\",\"description\":\"Venez d\u00e9couvrir ou red\u00e9couvrir Les Savons de Johann et Virginie lors du salon Respire la Vie Poitiers du 22 au 24 septembre 2023 !\",\"breadcrumb\":{\"@id\":\"http:\\\/\\\/www.respirelavie.fr\\\/poitiers\\\/blog\\\/2023\\\/09\\\/15\\\/les-savons-de-johann-et-virginie\\\/#breadcrumb\"},\"inLanguage\":\"fr-FR\",\"potentialAction\":[{\"@type\":\"ReadAction\",\"target\":[\"http:\\\/\\\/www.respirelavie.fr\\\/poitiers\\\/blog\\\/2023\\\/09\\\/15\\\/les-savons-de-johann-et-virginie\\\/\"]}]},{\"@type\":\"ImageObject\",\"inLanguage\":\"fr-FR\",\"@id\":\"http:\\\/\\\/www.respirelavie.fr\\\/poitiers\\\/blog\\\/2023\\\/09\\\/15\\\/les-savons-de-johann-et-virginie\\\/#primaryimage\",\"url\":\"http:\\\/\\\/www.respirelavie.fr\\\/poitiers\\\/wp-content\\\/uploads\\\/sites\\\/3\\\/2023\\\/09\\\/1694511045-file1-Grafico-savon-graphique-sans-HE.jpg\",\"contentUrl\":\"http:\\\/\\\/www.respirelavie.fr\\\/poitiers\\\/wp-content\\\/uploads\\\/sites\\\/3\\\/2023\\\/09\\\/1694511045-file1-Grafico-savon-graphique-sans-HE.jpg\",\"width\":1280,\"height\":1280,\"caption\":\"les savons de Johann et Virginie\"},{\"@type\":\"BreadcrumbList\",\"@id\":\"http:\\\/\\\/www.respirelavie.fr\\\/poitiers\\\/blog\\\/2023\\\/09\\\/15\\\/les-savons-de-johann-et-virginie\\\/#breadcrumb\",\"itemListElement\":[{\"@type\":\"ListItem\",\"position\":1,\"name\":\"Accueil\",\"item\":\"https:\\\/\\\/www.respirelavie.fr\\\/poitiers\\\/\"},{\"@type\":\"ListItem\",\"position\":2,\"name\":\"Les Savons de Johann et Virginie\"}]},{\"@type\":\"WebSite\",\"@id\":\"https:\\\/\\\/www.respirelavie.fr\\\/poitiers\\\/#website\",\"url\":\"https:\\\/\\\/www.respirelavie.fr\\\/poitiers\\\/\",\"name\":\"Salon RESPIRE LA VIE Poitiers\",\"description\":\"RESPIRE : votre salon bio, bien-\u00eatre et habitat sain \u00e0 Poitiers\",\"publisher\":{\"@id\":\"https:\\\/\\\/www.respirelavie.fr\\\/poitiers\\\/#organization\"},\"potentialAction\":[{\"@type\":\"SearchAction\",\"target\":{\"@type\":\"EntryPoint\",\"urlTemplate\":\"https:\\\/\\\/www.respirelavie.fr\\\/poitiers\\\/?s={search_term_string}\"},\"query-input\":{\"@type\":\"PropertyValueSpecification\",\"valueRequired\":true,\"valueName\":\"search_term_string\"}}],\"inLanguage\":\"fr-FR\"},{\"@type\":\"Organization\",\"@id\":\"https:\\\/\\\/www.respirelavie.fr\\\/poitiers\\\/#organization\",\"name\":\"Salon RESPIRE LA VIE Poitiers\",\"url\":\"https:\\\/\\\/www.respirelavie.fr\\\/poitiers\\\/\",\"logo\":{\"@type\":\"ImageObject\",\"inLanguage\":\"fr-FR\",\"@id\":\"https:\\\/\\\/www.respirelavie.fr\\\/poitiers\\\/#\\\/schema\\\/logo\\\/image\\\/\",\"url\":\"http:\\\/\\\/www.respirelavie.fr\\\/poitiers\\\/wp-content\\\/uploads\\\/sites\\\/3\\\/2024\\\/03\\\/Logo-RESPIRE-LA-VIE-poitiers.jpg\",\"contentUrl\":\"http:\\\/\\\/www.respirelavie.fr\\\/poitiers\\\/wp-content\\\/uploads\\\/sites\\\/3\\\/2024\\\/03\\\/Logo-RESPIRE-LA-VIE-poitiers.jpg\",\"width\":470,\"height\":262,\"caption\":\"Salon RESPIRE LA VIE Poitiers\"},\"image\":{\"@id\":\"https:\\\/\\\/www.respirelavie.fr\\\/poitiers\\\/#\\\/schema\\\/logo\\\/image\\\/\"}},{\"@type\":\"Person\",\"@id\":\"https:\\\/\\\/www.respirelavie.fr\\\/poitiers\\\/#\\\/schema\\\/person\\\/773bfe7c31181098698bacd32c5d233c\",\"name\":\"communication\",\"image\":{\"@type\":\"ImageObject\",\"inLanguage\":\"fr-FR\",\"@id\":\"https:\\\/\\\/secure.gravatar.com\\\/avatar\\\/0f49d5b7ab56355ffa797b3ce25e4f2375cedf6bc9afe416fe669342c3524275?s=96&d=mm&r=g\",\"url\":\"https:\\\/\\\/secure.gravatar.com\\\/avatar\\\/0f49d5b7ab56355ffa797b3ce25e4f2375cedf6bc9afe416fe669342c3524275?s=96&d=mm&r=g\",\"contentUrl\":\"https:\\\/\\\/secure.gravatar.com\\\/avatar\\\/0f49d5b7ab56355ffa797b3ce25e4f2375cedf6bc9afe416fe669342c3524275?s=96&d=mm&r=g\",\"caption\":\"communication\"},\"url\":\"http:\\\/\\\/www.respirelavie.fr\\\/poitiers\\\/blog\\\/author\\\/communication\\\/\"}]}<\/script>\n<!-- \/ Yoast SEO plugin. -->","yoast_head_json":{"title":"Les Savons de Johann et Virginie - Salon RESPIRE LA VIE Poitiers","description":"Venez d\u00e9couvrir ou red\u00e9couvrir Les Savons de Johann et Virginie lors du salon Respire la Vie Poitiers du 22 au 24 septembre 2023 !","robots":{"index":"index","follow":"follow","max-snippet":"max-snippet:-1","max-image-preview":"max-image-preview:large","max-video-preview":"max-video-preview:-1"},"canonical":"http:\/\/www.respirelavie.fr\/poitiers\/blog\/2023\/09\/15\/les-savons-de-johann-et-virginie\/","og_locale":"fr_FR","og_type":"article","og_title":"Les Savons de Johann et Virginie - Salon RESPIRE LA VIE Poitiers","og_description":"Venez d\u00e9couvrir ou red\u00e9couvrir Les Savons de Johann et Virginie lors du salon Respire la Vie Poitiers du 22 au 24 septembre 2023 !","og_url":"http:\/\/www.respirelavie.fr\/poitiers\/blog\/2023\/09\/15\/les-savons-de-johann-et-virginie\/","og_site_name":"Salon RESPIRE LA VIE Poitiers","article_published_time":"2023-09-15T08:00:25+00:00","og_image":[{"width":1280,"height":1280,"url":"http:\/\/www.respirelavie.fr\/poitiers\/wp-content\/uploads\/sites\/3\/2023\/09\/1694511045-file1-Grafico-savon-graphique-sans-HE.jpg","type":"image\/jpeg"}],"author":"communication","twitter_card":"summary_large_image","twitter_misc":{"\u00c9crit par":"communication","Dur\u00e9e de lecture estim\u00e9e":"4 minutes"},"schema":{"@context":"https:\/\/schema.org","@graph":[{"@type":"Article","@id":"http:\/\/www.respirelavie.fr\/poitiers\/blog\/2023\/09\/15\/les-savons-de-johann-et-virginie\/#article","isPartOf":{"@id":"http:\/\/www.respirelavie.fr\/poitiers\/blog\/2023\/09\/15\/les-savons-de-johann-et-virginie\/"},"author":{"name":"communication","@id":"https:\/\/www.respirelavie.fr\/poitiers\/#\/schema\/person\/773bfe7c31181098698bacd32c5d233c"},"headline":"Les Savons de Johann et Virginie","datePublished":"2023-09-15T08:00:25+00:00","mainEntityOfPage":{"@id":"http:\/\/www.respirelavie.fr\/poitiers\/blog\/2023\/09\/15\/les-savons-de-johann-et-virginie\/"},"wordCount":798,"publisher":{"@id":"https:\/\/www.respirelavie.fr\/poitiers\/#organization"},"image":{"@id":"http:\/\/www.respirelavie.fr\/poitiers\/blog\/2023\/09\/15\/les-savons-de-johann-et-virginie\/#primaryimage"},"thumbnailUrl":"http:\/\/www.respirelavie.fr\/poitiers\/wp-content\/uploads\/sites\/3\/2023\/09\/1694511045-file1-Grafico-savon-graphique-sans-HE.jpg","articleSection":["portrait exposant"],"inLanguage":"fr-FR"},{"@type":"WebPage","@id":"http:\/\/www.respirelavie.fr\/poitiers\/blog\/2023\/09\/15\/les-savons-de-johann-et-virginie\/","url":"http:\/\/www.respirelavie.fr\/poitiers\/blog\/2023\/09\/15\/les-savons-de-johann-et-virginie\/","name":"Les Savons de Johann et Virginie - Salon RESPIRE LA VIE Poitiers","isPartOf":{"@id":"https:\/\/www.respirelavie.fr\/poitiers\/#website"},"primaryImageOfPage":{"@id":"http:\/\/www.respirelavie.fr\/poitiers\/blog\/2023\/09\/15\/les-savons-de-johann-et-virginie\/#primaryimage"},"image":{"@id":"http:\/\/www.respirelavie.fr\/poitiers\/blog\/2023\/09\/15\/les-savons-de-johann-et-virginie\/#primaryimage"},"thumbnailUrl":"http:\/\/www.respirelavie.fr\/poitiers\/wp-content\/uploads\/sites\/3\/2023\/09\/1694511045-file1-Grafico-savon-graphique-sans-HE.jpg","datePublished":"2023-09-15T08:00:25+00:00","description":"Venez d\u00e9couvrir ou red\u00e9couvrir Les Savons de Johann et Virginie lors du salon Respire la Vie Poitiers du 22 au 24 septembre 2023 !","breadcrumb":{"@id":"http:\/\/www.respirelavie.fr\/poitiers\/blog\/2023\/09\/15\/les-savons-de-johann-et-virginie\/#breadcrumb"},"inLanguage":"fr-FR","potentialAction":[{"@type":"ReadAction","target":["http:\/\/www.respirelavie.fr\/poitiers\/blog\/2023\/09\/15\/les-savons-de-johann-et-virginie\/"]}]},{"@type":"ImageObject","inLanguage":"fr-FR","@id":"http:\/\/www.respirelavie.fr\/poitiers\/blog\/2023\/09\/15\/les-savons-de-johann-et-virginie\/#primaryimage","url":"http:\/\/www.respirelavie.fr\/poitiers\/wp-content\/uploads\/sites\/3\/2023\/09\/1694511045-file1-Grafico-savon-graphique-sans-HE.jpg","contentUrl":"http:\/\/www.respirelavie.fr\/poitiers\/wp-content\/uploads\/sites\/3\/2023\/09\/1694511045-file1-Grafico-savon-graphique-sans-HE.jpg","width":1280,"height":1280,"caption":"les savons de Johann et Virginie"},{"@type":"BreadcrumbList","@id":"http:\/\/www.respirelavie.fr\/poitiers\/blog\/2023\/09\/15\/les-savons-de-johann-et-virginie\/#breadcrumb","itemListElement":[{"@type":"ListItem","position":1,"name":"Accueil","item":"https:\/\/www.respirelavie.fr\/poitiers\/"},{"@type":"ListItem","position":2,"name":"Les Savons de Johann et Virginie"}]},{"@type":"WebSite","@id":"https:\/\/www.respirelavie.fr\/poitiers\/#website","url":"https:\/\/www.respirelavie.fr\/poitiers\/","name":"Salon RESPIRE LA VIE Poitiers","description":"RESPIRE : votre salon bio, bien-\u00eatre et habitat sain \u00e0 Poitiers","publisher":{"@id":"https:\/\/www.respirelavie.fr\/poitiers\/#organization"},"potentialAction":[{"@type":"SearchAction","target":{"@type":"EntryPoint","urlTemplate":"https:\/\/www.respirelavie.fr\/poitiers\/?s={search_term_string}"},"query-input":{"@type":"PropertyValueSpecification","valueRequired":true,"valueName":"search_term_string"}}],"inLanguage":"fr-FR"},{"@type":"Organization","@id":"https:\/\/www.respirelavie.fr\/poitiers\/#organization","name":"Salon RESPIRE LA VIE Poitiers","url":"https:\/\/www.respirelavie.fr\/poitiers\/","logo":{"@type":"ImageObject","inLanguage":"fr-FR","@id":"https:\/\/www.respirelavie.fr\/poitiers\/#\/schema\/logo\/image\/","url":"http:\/\/www.respirelavie.fr\/poitiers\/wp-content\/uploads\/sites\/3\/2024\/03\/Logo-RESPIRE-LA-VIE-poitiers.jpg","contentUrl":"http:\/\/www.respirelavie.fr\/poitiers\/wp-content\/uploads\/sites\/3\/2024\/03\/Logo-RESPIRE-LA-VIE-poitiers.jpg","width":470,"height":262,"caption":"Salon RESPIRE LA VIE Poitiers"},"image":{"@id":"https:\/\/www.respirelavie.fr\/poitiers\/#\/schema\/logo\/image\/"}},{"@type":"Person","@id":"https:\/\/www.respirelavie.fr\/poitiers\/#\/schema\/person\/773bfe7c31181098698bacd32c5d233c","name":"communication","image":{"@type":"ImageObject","inLanguage":"fr-FR","@id":"https:\/\/secure.gravatar.com\/avatar\/0f49d5b7ab56355ffa797b3ce25e4f2375cedf6bc9afe416fe669342c3524275?s=96&d=mm&r=g","url":"https:\/\/secure.gravatar.com\/avatar\/0f49d5b7ab56355ffa797b3ce25e4f2375cedf6bc9afe416fe669342c3524275?s=96&d=mm&r=g","contentUrl":"https:\/\/secure.gravatar.com\/avatar\/0f49d5b7ab56355ffa797b3ce25e4f2375cedf6bc9afe416fe669342c3524275?s=96&d=mm&r=g","caption":"communication"},"url":"http:\/\/www.respirelavie.fr\/poitiers\/blog\/author\/communication\/"}]}},"_links":{"self":[{"href":"http:\/\/www.respirelavie.fr\/poitiers\/wp-json\/wp\/v2\/posts\/10031","targetHints":{"allow":["GET"]}}],"collection":[{"href":"http:\/\/www.respirelavie.fr\/poitiers\/wp-json\/wp\/v2\/posts"}],"about":[{"href":"http:\/\/www.respirelavie.fr\/poitiers\/wp-json\/wp\/v2\/types\/post"}],"author":[{"embeddable":true,"href":"http:\/\/www.respirelavie.fr\/poitiers\/wp-json\/wp\/v2\/users\/5"}],"replies":[{"embeddable":true,"href":"http:\/\/www.respirelavie.fr\/poitiers\/wp-json\/wp\/v2\/comments?post=10031"}],"version-history":[{"count":3,"href":"http:\/\/www.respirelavie.fr\/poitiers\/wp-json\/wp\/v2\/posts\/10031\/revisions"}],"predecessor-version":[{"id":10184,"href":"http:\/\/www.respirelavie.fr\/poitiers\/wp-json\/wp\/v2\/posts\/10031\/revisions\/10184"}],"wp:featuredmedia":[{"embeddable":true,"href":"http:\/\/www.respirelavie.fr\/poitiers\/wp-json\/wp\/v2\/media\/10033"}],"wp:attachment":[{"href":"http:\/\/www.respirelavie.fr\/poitiers\/wp-json\/wp\/v2\/media?parent=10031"}],"wp:term":[{"taxonomy":"category","embeddable":true,"href":"http:\/\/www.respirelavie.fr\/poitiers\/wp-json\/wp\/v2\/categories?post=10031"},{"taxonomy":"post_tag","embeddable":true,"href":"http:\/\/www.respirelavie.fr\/poitiers\/wp-json\/wp\/v2\/tags?post=10031"}],"curies":[{"name":"wp","href":"https:\/\/api.w.org\/{rel}","templated":true}]}}