{"id":8018,"date":"2023-04-03T12:38:24","date_gmt":"2023-04-03T10:38:24","guid":{"rendered":"https:\/\/www.respirelavie.fr\/vannes\/?p=8018"},"modified":"2023-04-03T15:43:08","modified_gmt":"2023-04-03T13:43:08","slug":"ecole-shiatsu-atlantique","status":"publish","type":"post","link":"http:\/\/www.respirelavie.fr\/vannes\/blog\/2023\/04\/03\/ecole-shiatsu-atlantique\/","title":{"rendered":"Portrait d&#8217;exposant &#8211; Ecole Shiatsu Atlantique"},"content":{"rendered":"<h2>Pr\u00e9sentez-vous en quelques mots<\/h2>\n<p>L&#8217;Ecole Shiatsu Atlantique <a href=\"https:\/\/shiatsu-qigong.fr\/\" target=\"_blank\" rel=\"noopener\">d\u00e9bute en septembre 2010<\/a>. Son but est de faire d\u00e9couvrir au plus grand nombre tous les bienfaits du shiatsu. Pour cela nous avons lanc\u00e9 une formation sur 4 ans pour former des professionnels du shiatsu. Cette formation s&#8217;adresse aussi \u00e0 toute personne d\u00e9sireuse de d\u00e9buter un cheminement de d\u00e9veloppement personnel. Le shiatsu se base sur la m\u00e9decine chinoise traditionnelle. C&#8217;est un art qui fait \u00e9voluer le corps et l&#8217;esprit.<\/p>\n<p>Les cours sont dispens\u00e9s par des praticiens professionnels install\u00e9s sur le grand ouest et les \u00e9l\u00e8ves viennent parfois de loin pour se former. Les cours se d\u00e9roulent sur un WE par mois, ce qui permet de continuer \u00e0 avoir une activit\u00e9 en parall\u00e8le durant votre formation.<\/p>\n<h2><img fetchpriority=\"high\" decoding=\"async\" class=\"aligncenter wp-image-8020 size-full\" src=\"https:\/\/www.respirelavie.fr\/vannes\/wp-content\/uploads\/sites\/4\/2023\/04\/studioelements-2.jpeg\" alt=\"Ecole Shiatsu Atlantique Cours\" width=\"2428\" height=\"1366\" srcset=\"http:\/\/www.respirelavie.fr\/vannes\/wp-content\/uploads\/sites\/4\/2023\/04\/studioelements-2.jpeg 2428w, http:\/\/www.respirelavie.fr\/vannes\/wp-content\/uploads\/sites\/4\/2023\/04\/studioelements-2-300x169.jpeg 300w, http:\/\/www.respirelavie.fr\/vannes\/wp-content\/uploads\/sites\/4\/2023\/04\/studioelements-2-1024x576.jpeg 1024w, http:\/\/www.respirelavie.fr\/vannes\/wp-content\/uploads\/sites\/4\/2023\/04\/studioelements-2-768x432.jpeg 768w, http:\/\/www.respirelavie.fr\/vannes\/wp-content\/uploads\/sites\/4\/2023\/04\/studioelements-2-1536x864.jpeg 1536w, http:\/\/www.respirelavie.fr\/vannes\/wp-content\/uploads\/sites\/4\/2023\/04\/studioelements-2-2048x1152.jpeg 2048w, http:\/\/www.respirelavie.fr\/vannes\/wp-content\/uploads\/sites\/4\/2023\/04\/studioelements-2-150x84.jpeg 150w, http:\/\/www.respirelavie.fr\/vannes\/wp-content\/uploads\/sites\/4\/2023\/04\/studioelements-2-500x281.jpeg 500w\" sizes=\"(max-width: 2428px) 100vw, 2428px\" \/><\/h2>\n<h2>Que propose Ecole Shiatsu Atlantique au salon ?<\/h2>\n<p>Nous proposons sur le salon :<\/p>\n<ul>\n<li>des s\u00e9ances d\u00e9couverte de shiatsu,<\/li>\n<li>un atelier pour apprendre les premiers gestes et savoir les pratiquer sur votre entourage.<\/li>\n<\/ul>\n<p>Vous pouvez b\u00e9n\u00e9ficier d&#8217;un tarif pr\u00e9f\u00e9rentiel sur la formation shiatsu 2023.<\/p>\n<h2>Parlez-nous de votre relation avec le salon<\/h2>\n<p>Pr\u00e9sent au Zen et bio de Nantes depuis 2011, l&#8217;\u00e9cole shiatsu atlantique adore s&#8217;y retrouver chaque ann\u00e9e et c&#8217;est vraiment un temps fort de notre rentr\u00e9e.<\/p>\n<p>&nbsp;<\/p>\n<p><em><a href=\"https:\/\/www.respirelavie.fr\/vannes\/visiter\/liste-des-exposants\/\" target=\"_blank\" rel=\"noopener\">Consultez la liste des exposants 2023<\/a><\/em><\/p>\n","protected":false},"excerpt":{"rendered":"<p>Pr\u00e9sentez-vous en quelques mots L&#8217;Ecole Shiatsu Atlantique d\u00e9bute en septembre 2010. Son but est de faire d\u00e9couvrir au plus grand nombre tous les bienfaits du shiatsu. Pour cela nous avons lanc\u00e9 une formation sur 4 ans pour former des professionnels du shiatsu. Cette formation s&#8217;adresse aussi \u00e0 toute personne d\u00e9sireuse de d\u00e9buter un cheminement de&hellip; <\/p>\n","protected":false},"author":5,"featured_media":8019,"comment_status":"open","ping_status":"open","sticky":false,"template":"","format":"standard","meta":{"_monsterinsights_skip_tracking":false,"_monsterinsights_sitenote_active":false,"_monsterinsights_sitenote_note":"","_monsterinsights_sitenote_category":0,"footnotes":""},"categories":[26],"tags":[],"class_list":["post-8018","post","type-post","status-publish","format-standard","has-post-thumbnail","hentry","category-actualites"],"yoast_head":"<!-- This site is optimized with the Yoast SEO plugin v27.3 - https:\/\/yoast.com\/product\/yoast-seo-wordpress\/ -->\n<title>Portrait d&#039;exposant - Ecole Shiatsu Atlantique - RESPIRE VANNES<\/title>\n<meta name=\"description\" content=\"Venez rencontrer Ecole Shiatsu Atlantique au salon Respire la Vie au Parc des Expositions de Vannes du 07 au 09 avril 2023.\" \/>\n<meta name=\"robots\" content=\"index, follow, max-snippet:-1, max-image-preview:large, max-video-preview:-1\" \/>\n<link rel=\"canonical\" href=\"http:\/\/www.respirelavie.fr\/vannes\/blog\/2023\/04\/03\/ecole-shiatsu-atlantique\/\" \/>\n<meta property=\"og:locale\" content=\"fr_FR\" \/>\n<meta property=\"og:type\" content=\"article\" \/>\n<meta property=\"og:title\" content=\"Portrait d&#039;exposant - Ecole Shiatsu Atlantique - RESPIRE VANNES\" \/>\n<meta property=\"og:description\" content=\"Venez rencontrer Ecole Shiatsu Atlantique au salon Respire la Vie au Parc des Expositions de Vannes du 07 au 09 avril 2023.\" \/>\n<meta property=\"og:url\" content=\"http:\/\/www.respirelavie.fr\/vannes\/blog\/2023\/04\/03\/ecole-shiatsu-atlantique\/\" \/>\n<meta property=\"og:site_name\" content=\"RESPIRE VANNES\" \/>\n<meta property=\"article:published_time\" content=\"2023-04-03T10:38:24+00:00\" \/>\n<meta property=\"article:modified_time\" content=\"2023-04-03T13:43:08+00:00\" \/>\n<meta property=\"og:image\" content=\"http:\/\/www.respirelavie.fr\/vannes\/wp-content\/uploads\/sites\/4\/2023\/04\/Ecole-Shiatsu-Atlantiqu.png\" \/>\n\t<meta property=\"og:image:width\" content=\"800\" \/>\n\t<meta property=\"og:image:height\" content=\"800\" \/>\n\t<meta property=\"og:image:type\" content=\"image\/png\" \/>\n<meta name=\"author\" content=\"communication\" \/>\n<meta name=\"twitter:card\" content=\"summary_large_image\" \/>\n<meta name=\"twitter:label1\" content=\"\u00c9crit par\" \/>\n\t<meta name=\"twitter:data1\" content=\"communication\" \/>\n\t<meta name=\"twitter:label2\" content=\"Dur\u00e9e de lecture estim\u00e9e\" \/>\n\t<meta name=\"twitter:data2\" content=\"2 minutes\" \/>\n<script type=\"application\/ld+json\" class=\"yoast-schema-graph\">{\"@context\":\"https:\\\/\\\/schema.org\",\"@graph\":[{\"@type\":\"Article\",\"@id\":\"http:\\\/\\\/www.respirelavie.fr\\\/vannes\\\/blog\\\/2023\\\/04\\\/03\\\/ecole-shiatsu-atlantique\\\/#article\",\"isPartOf\":{\"@id\":\"http:\\\/\\\/www.respirelavie.fr\\\/vannes\\\/blog\\\/2023\\\/04\\\/03\\\/ecole-shiatsu-atlantique\\\/\"},\"author\":{\"name\":\"communication\",\"@id\":\"http:\\\/\\\/www.respirelavie.fr\\\/vannes\\\/#\\\/schema\\\/person\\\/773bfe7c31181098698bacd32c5d233c\"},\"headline\":\"Portrait d&#8217;exposant &#8211; Ecole Shiatsu Atlantique\",\"datePublished\":\"2023-04-03T10:38:24+00:00\",\"dateModified\":\"2023-04-03T13:43:08+00:00\",\"mainEntityOfPage\":{\"@id\":\"http:\\\/\\\/www.respirelavie.fr\\\/vannes\\\/blog\\\/2023\\\/04\\\/03\\\/ecole-shiatsu-atlantique\\\/\"},\"wordCount\":233,\"commentCount\":0,\"publisher\":{\"@id\":\"http:\\\/\\\/www.respirelavie.fr\\\/vannes\\\/#organization\"},\"image\":{\"@id\":\"http:\\\/\\\/www.respirelavie.fr\\\/vannes\\\/blog\\\/2023\\\/04\\\/03\\\/ecole-shiatsu-atlantique\\\/#primaryimage\"},\"thumbnailUrl\":\"http:\\\/\\\/www.respirelavie.fr\\\/vannes\\\/wp-content\\\/uploads\\\/sites\\\/4\\\/2023\\\/04\\\/Ecole-Shiatsu-Atlantiqu.png\",\"articleSection\":[\"Actualit\u00e9s\"],\"inLanguage\":\"fr-FR\",\"potentialAction\":[{\"@type\":\"CommentAction\",\"name\":\"Comment\",\"target\":[\"http:\\\/\\\/www.respirelavie.fr\\\/vannes\\\/blog\\\/2023\\\/04\\\/03\\\/ecole-shiatsu-atlantique\\\/#respond\"]}]},{\"@type\":\"WebPage\",\"@id\":\"http:\\\/\\\/www.respirelavie.fr\\\/vannes\\\/blog\\\/2023\\\/04\\\/03\\\/ecole-shiatsu-atlantique\\\/\",\"url\":\"http:\\\/\\\/www.respirelavie.fr\\\/vannes\\\/blog\\\/2023\\\/04\\\/03\\\/ecole-shiatsu-atlantique\\\/\",\"name\":\"Portrait d'exposant - Ecole Shiatsu Atlantique - RESPIRE VANNES\",\"isPartOf\":{\"@id\":\"http:\\\/\\\/www.respirelavie.fr\\\/vannes\\\/#website\"},\"primaryImageOfPage\":{\"@id\":\"http:\\\/\\\/www.respirelavie.fr\\\/vannes\\\/blog\\\/2023\\\/04\\\/03\\\/ecole-shiatsu-atlantique\\\/#primaryimage\"},\"image\":{\"@id\":\"http:\\\/\\\/www.respirelavie.fr\\\/vannes\\\/blog\\\/2023\\\/04\\\/03\\\/ecole-shiatsu-atlantique\\\/#primaryimage\"},\"thumbnailUrl\":\"http:\\\/\\\/www.respirelavie.fr\\\/vannes\\\/wp-content\\\/uploads\\\/sites\\\/4\\\/2023\\\/04\\\/Ecole-Shiatsu-Atlantiqu.png\",\"datePublished\":\"2023-04-03T10:38:24+00:00\",\"dateModified\":\"2023-04-03T13:43:08+00:00\",\"description\":\"Venez rencontrer Ecole Shiatsu Atlantique au salon Respire la Vie au Parc des Expositions de Vannes du 07 au 09 avril 2023.\",\"breadcrumb\":{\"@id\":\"http:\\\/\\\/www.respirelavie.fr\\\/vannes\\\/blog\\\/2023\\\/04\\\/03\\\/ecole-shiatsu-atlantique\\\/#breadcrumb\"},\"inLanguage\":\"fr-FR\",\"potentialAction\":[{\"@type\":\"ReadAction\",\"target\":[\"http:\\\/\\\/www.respirelavie.fr\\\/vannes\\\/blog\\\/2023\\\/04\\\/03\\\/ecole-shiatsu-atlantique\\\/\"]}]},{\"@type\":\"ImageObject\",\"inLanguage\":\"fr-FR\",\"@id\":\"http:\\\/\\\/www.respirelavie.fr\\\/vannes\\\/blog\\\/2023\\\/04\\\/03\\\/ecole-shiatsu-atlantique\\\/#primaryimage\",\"url\":\"http:\\\/\\\/www.respirelavie.fr\\\/vannes\\\/wp-content\\\/uploads\\\/sites\\\/4\\\/2023\\\/04\\\/Ecole-Shiatsu-Atlantiqu.png\",\"contentUrl\":\"http:\\\/\\\/www.respirelavie.fr\\\/vannes\\\/wp-content\\\/uploads\\\/sites\\\/4\\\/2023\\\/04\\\/Ecole-Shiatsu-Atlantiqu.png\",\"width\":800,\"height\":800,\"caption\":\"Ecole Shiatsu Atlantique Avant\"},{\"@type\":\"BreadcrumbList\",\"@id\":\"http:\\\/\\\/www.respirelavie.fr\\\/vannes\\\/blog\\\/2023\\\/04\\\/03\\\/ecole-shiatsu-atlantique\\\/#breadcrumb\",\"itemListElement\":[{\"@type\":\"ListItem\",\"position\":1,\"name\":\"Accueil\",\"item\":\"http:\\\/\\\/www.respirelavie.fr\\\/vannes\\\/\"},{\"@type\":\"ListItem\",\"position\":2,\"name\":\"Portrait d&#8217;exposant &#8211; Ecole Shiatsu Atlantique\"}]},{\"@type\":\"WebSite\",\"@id\":\"http:\\\/\\\/www.respirelavie.fr\\\/vannes\\\/#website\",\"url\":\"http:\\\/\\\/www.respirelavie.fr\\\/vannes\\\/\",\"name\":\"RESPIRE VANNES\",\"description\":\"RESPIRE : votre salon bio, bien-\u00eatre et habitat sain \u00e0 Vannes\",\"publisher\":{\"@id\":\"http:\\\/\\\/www.respirelavie.fr\\\/vannes\\\/#organization\"},\"potentialAction\":[{\"@type\":\"SearchAction\",\"target\":{\"@type\":\"EntryPoint\",\"urlTemplate\":\"http:\\\/\\\/www.respirelavie.fr\\\/vannes\\\/?s={search_term_string}\"},\"query-input\":{\"@type\":\"PropertyValueSpecification\",\"valueRequired\":true,\"valueName\":\"search_term_string\"}}],\"inLanguage\":\"fr-FR\"},{\"@type\":\"Organization\",\"@id\":\"http:\\\/\\\/www.respirelavie.fr\\\/vannes\\\/#organization\",\"name\":\"RESPIRE VANNES\",\"url\":\"http:\\\/\\\/www.respirelavie.fr\\\/vannes\\\/\",\"logo\":{\"@type\":\"ImageObject\",\"inLanguage\":\"fr-FR\",\"@id\":\"http:\\\/\\\/www.respirelavie.fr\\\/vannes\\\/#\\\/schema\\\/logo\\\/image\\\/\",\"url\":\"http:\\\/\\\/www.respirelavie.fr\\\/vannes\\\/wp-content\\\/uploads\\\/sites\\\/4\\\/2024\\\/10\\\/cropped-cropped-cropped-Logo-RESPIRE-vannes-2025-1-1.png\",\"contentUrl\":\"http:\\\/\\\/www.respirelavie.fr\\\/vannes\\\/wp-content\\\/uploads\\\/sites\\\/4\\\/2024\\\/10\\\/cropped-cropped-cropped-Logo-RESPIRE-vannes-2025-1-1.png\",\"width\":797,\"height\":145,\"caption\":\"RESPIRE VANNES\"},\"image\":{\"@id\":\"http:\\\/\\\/www.respirelavie.fr\\\/vannes\\\/#\\\/schema\\\/logo\\\/image\\\/\"}},{\"@type\":\"Person\",\"@id\":\"http:\\\/\\\/www.respirelavie.fr\\\/vannes\\\/#\\\/schema\\\/person\\\/773bfe7c31181098698bacd32c5d233c\",\"name\":\"communication\",\"image\":{\"@type\":\"ImageObject\",\"inLanguage\":\"fr-FR\",\"@id\":\"https:\\\/\\\/secure.gravatar.com\\\/avatar\\\/0f49d5b7ab56355ffa797b3ce25e4f2375cedf6bc9afe416fe669342c3524275?s=96&d=mm&r=g\",\"url\":\"https:\\\/\\\/secure.gravatar.com\\\/avatar\\\/0f49d5b7ab56355ffa797b3ce25e4f2375cedf6bc9afe416fe669342c3524275?s=96&d=mm&r=g\",\"contentUrl\":\"https:\\\/\\\/secure.gravatar.com\\\/avatar\\\/0f49d5b7ab56355ffa797b3ce25e4f2375cedf6bc9afe416fe669342c3524275?s=96&d=mm&r=g\",\"caption\":\"communication\"},\"url\":\"http:\\\/\\\/www.respirelavie.fr\\\/vannes\\\/blog\\\/author\\\/communication\\\/\"}]}<\/script>\n<!-- \/ Yoast SEO plugin. -->","yoast_head_json":{"title":"Portrait d'exposant - Ecole Shiatsu Atlantique - RESPIRE VANNES","description":"Venez rencontrer Ecole Shiatsu Atlantique au salon Respire la Vie au Parc des Expositions de Vannes du 07 au 09 avril 2023.","robots":{"index":"index","follow":"follow","max-snippet":"max-snippet:-1","max-image-preview":"max-image-preview:large","max-video-preview":"max-video-preview:-1"},"canonical":"http:\/\/www.respirelavie.fr\/vannes\/blog\/2023\/04\/03\/ecole-shiatsu-atlantique\/","og_locale":"fr_FR","og_type":"article","og_title":"Portrait d'exposant - Ecole Shiatsu Atlantique - RESPIRE VANNES","og_description":"Venez rencontrer Ecole Shiatsu Atlantique au salon Respire la Vie au Parc des Expositions de Vannes du 07 au 09 avril 2023.","og_url":"http:\/\/www.respirelavie.fr\/vannes\/blog\/2023\/04\/03\/ecole-shiatsu-atlantique\/","og_site_name":"RESPIRE VANNES","article_published_time":"2023-04-03T10:38:24+00:00","article_modified_time":"2023-04-03T13:43:08+00:00","og_image":[{"width":800,"height":800,"url":"http:\/\/www.respirelavie.fr\/vannes\/wp-content\/uploads\/sites\/4\/2023\/04\/Ecole-Shiatsu-Atlantiqu.png","type":"image\/png"}],"author":"communication","twitter_card":"summary_large_image","twitter_misc":{"\u00c9crit par":"communication","Dur\u00e9e de lecture estim\u00e9e":"2 minutes"},"schema":{"@context":"https:\/\/schema.org","@graph":[{"@type":"Article","@id":"http:\/\/www.respirelavie.fr\/vannes\/blog\/2023\/04\/03\/ecole-shiatsu-atlantique\/#article","isPartOf":{"@id":"http:\/\/www.respirelavie.fr\/vannes\/blog\/2023\/04\/03\/ecole-shiatsu-atlantique\/"},"author":{"name":"communication","@id":"http:\/\/www.respirelavie.fr\/vannes\/#\/schema\/person\/773bfe7c31181098698bacd32c5d233c"},"headline":"Portrait d&#8217;exposant &#8211; Ecole Shiatsu Atlantique","datePublished":"2023-04-03T10:38:24+00:00","dateModified":"2023-04-03T13:43:08+00:00","mainEntityOfPage":{"@id":"http:\/\/www.respirelavie.fr\/vannes\/blog\/2023\/04\/03\/ecole-shiatsu-atlantique\/"},"wordCount":233,"commentCount":0,"publisher":{"@id":"http:\/\/www.respirelavie.fr\/vannes\/#organization"},"image":{"@id":"http:\/\/www.respirelavie.fr\/vannes\/blog\/2023\/04\/03\/ecole-shiatsu-atlantique\/#primaryimage"},"thumbnailUrl":"http:\/\/www.respirelavie.fr\/vannes\/wp-content\/uploads\/sites\/4\/2023\/04\/Ecole-Shiatsu-Atlantiqu.png","articleSection":["Actualit\u00e9s"],"inLanguage":"fr-FR","potentialAction":[{"@type":"CommentAction","name":"Comment","target":["http:\/\/www.respirelavie.fr\/vannes\/blog\/2023\/04\/03\/ecole-shiatsu-atlantique\/#respond"]}]},{"@type":"WebPage","@id":"http:\/\/www.respirelavie.fr\/vannes\/blog\/2023\/04\/03\/ecole-shiatsu-atlantique\/","url":"http:\/\/www.respirelavie.fr\/vannes\/blog\/2023\/04\/03\/ecole-shiatsu-atlantique\/","name":"Portrait d'exposant - Ecole Shiatsu Atlantique - RESPIRE VANNES","isPartOf":{"@id":"http:\/\/www.respirelavie.fr\/vannes\/#website"},"primaryImageOfPage":{"@id":"http:\/\/www.respirelavie.fr\/vannes\/blog\/2023\/04\/03\/ecole-shiatsu-atlantique\/#primaryimage"},"image":{"@id":"http:\/\/www.respirelavie.fr\/vannes\/blog\/2023\/04\/03\/ecole-shiatsu-atlantique\/#primaryimage"},"thumbnailUrl":"http:\/\/www.respirelavie.fr\/vannes\/wp-content\/uploads\/sites\/4\/2023\/04\/Ecole-Shiatsu-Atlantiqu.png","datePublished":"2023-04-03T10:38:24+00:00","dateModified":"2023-04-03T13:43:08+00:00","description":"Venez rencontrer Ecole Shiatsu Atlantique au salon Respire la Vie au Parc des Expositions de Vannes du 07 au 09 avril 2023.","breadcrumb":{"@id":"http:\/\/www.respirelavie.fr\/vannes\/blog\/2023\/04\/03\/ecole-shiatsu-atlantique\/#breadcrumb"},"inLanguage":"fr-FR","potentialAction":[{"@type":"ReadAction","target":["http:\/\/www.respirelavie.fr\/vannes\/blog\/2023\/04\/03\/ecole-shiatsu-atlantique\/"]}]},{"@type":"ImageObject","inLanguage":"fr-FR","@id":"http:\/\/www.respirelavie.fr\/vannes\/blog\/2023\/04\/03\/ecole-shiatsu-atlantique\/#primaryimage","url":"http:\/\/www.respirelavie.fr\/vannes\/wp-content\/uploads\/sites\/4\/2023\/04\/Ecole-Shiatsu-Atlantiqu.png","contentUrl":"http:\/\/www.respirelavie.fr\/vannes\/wp-content\/uploads\/sites\/4\/2023\/04\/Ecole-Shiatsu-Atlantiqu.png","width":800,"height":800,"caption":"Ecole Shiatsu Atlantique Avant"},{"@type":"BreadcrumbList","@id":"http:\/\/www.respirelavie.fr\/vannes\/blog\/2023\/04\/03\/ecole-shiatsu-atlantique\/#breadcrumb","itemListElement":[{"@type":"ListItem","position":1,"name":"Accueil","item":"http:\/\/www.respirelavie.fr\/vannes\/"},{"@type":"ListItem","position":2,"name":"Portrait d&#8217;exposant &#8211; Ecole Shiatsu Atlantique"}]},{"@type":"WebSite","@id":"http:\/\/www.respirelavie.fr\/vannes\/#website","url":"http:\/\/www.respirelavie.fr\/vannes\/","name":"RESPIRE VANNES","description":"RESPIRE : votre salon bio, bien-\u00eatre et habitat sain \u00e0 Vannes","publisher":{"@id":"http:\/\/www.respirelavie.fr\/vannes\/#organization"},"potentialAction":[{"@type":"SearchAction","target":{"@type":"EntryPoint","urlTemplate":"http:\/\/www.respirelavie.fr\/vannes\/?s={search_term_string}"},"query-input":{"@type":"PropertyValueSpecification","valueRequired":true,"valueName":"search_term_string"}}],"inLanguage":"fr-FR"},{"@type":"Organization","@id":"http:\/\/www.respirelavie.fr\/vannes\/#organization","name":"RESPIRE VANNES","url":"http:\/\/www.respirelavie.fr\/vannes\/","logo":{"@type":"ImageObject","inLanguage":"fr-FR","@id":"http:\/\/www.respirelavie.fr\/vannes\/#\/schema\/logo\/image\/","url":"http:\/\/www.respirelavie.fr\/vannes\/wp-content\/uploads\/sites\/4\/2024\/10\/cropped-cropped-cropped-Logo-RESPIRE-vannes-2025-1-1.png","contentUrl":"http:\/\/www.respirelavie.fr\/vannes\/wp-content\/uploads\/sites\/4\/2024\/10\/cropped-cropped-cropped-Logo-RESPIRE-vannes-2025-1-1.png","width":797,"height":145,"caption":"RESPIRE VANNES"},"image":{"@id":"http:\/\/www.respirelavie.fr\/vannes\/#\/schema\/logo\/image\/"}},{"@type":"Person","@id":"http:\/\/www.respirelavie.fr\/vannes\/#\/schema\/person\/773bfe7c31181098698bacd32c5d233c","name":"communication","image":{"@type":"ImageObject","inLanguage":"fr-FR","@id":"https:\/\/secure.gravatar.com\/avatar\/0f49d5b7ab56355ffa797b3ce25e4f2375cedf6bc9afe416fe669342c3524275?s=96&d=mm&r=g","url":"https:\/\/secure.gravatar.com\/avatar\/0f49d5b7ab56355ffa797b3ce25e4f2375cedf6bc9afe416fe669342c3524275?s=96&d=mm&r=g","contentUrl":"https:\/\/secure.gravatar.com\/avatar\/0f49d5b7ab56355ffa797b3ce25e4f2375cedf6bc9afe416fe669342c3524275?s=96&d=mm&r=g","caption":"communication"},"url":"http:\/\/www.respirelavie.fr\/vannes\/blog\/author\/communication\/"}]}},"_links":{"self":[{"href":"http:\/\/www.respirelavie.fr\/vannes\/wp-json\/wp\/v2\/posts\/8018","targetHints":{"allow":["GET"]}}],"collection":[{"href":"http:\/\/www.respirelavie.fr\/vannes\/wp-json\/wp\/v2\/posts"}],"about":[{"href":"http:\/\/www.respirelavie.fr\/vannes\/wp-json\/wp\/v2\/types\/post"}],"author":[{"embeddable":true,"href":"http:\/\/www.respirelavie.fr\/vannes\/wp-json\/wp\/v2\/users\/5"}],"replies":[{"embeddable":true,"href":"http:\/\/www.respirelavie.fr\/vannes\/wp-json\/wp\/v2\/comments?post=8018"}],"version-history":[{"count":1,"href":"http:\/\/www.respirelavie.fr\/vannes\/wp-json\/wp\/v2\/posts\/8018\/revisions"}],"predecessor-version":[{"id":8021,"href":"http:\/\/www.respirelavie.fr\/vannes\/wp-json\/wp\/v2\/posts\/8018\/revisions\/8021"}],"wp:featuredmedia":[{"embeddable":true,"href":"http:\/\/www.respirelavie.fr\/vannes\/wp-json\/wp\/v2\/media\/8019"}],"wp:attachment":[{"href":"http:\/\/www.respirelavie.fr\/vannes\/wp-json\/wp\/v2\/media?parent=8018"}],"wp:term":[{"taxonomy":"category","embeddable":true,"href":"http:\/\/www.respirelavie.fr\/vannes\/wp-json\/wp\/v2\/categories?post=8018"},{"taxonomy":"post_tag","embeddable":true,"href":"http:\/\/www.respirelavie.fr\/vannes\/wp-json\/wp\/v2\/tags?post=8018"}],"curies":[{"name":"wp","href":"https:\/\/api.w.org\/{rel}","templated":true}]}}