{"id":8041,"date":"2023-04-04T12:50:27","date_gmt":"2023-04-04T10:50:27","guid":{"rendered":"https:\/\/www.respirelavie.fr\/vannes\/?p=8041"},"modified":"2023-04-04T12:50:27","modified_gmt":"2023-04-04T10:50:27","slug":"eo-fascia-pulso-eo","status":"publish","type":"post","link":"http:\/\/www.respirelavie.fr\/vannes\/blog\/2023\/04\/04\/eo-fascia-pulso-eo\/","title":{"rendered":"Portrait d&#8217;exposant &#8211; \u00c9O FASCIA-PULSO-\u00e9o"},"content":{"rendered":"<h2>Pr\u00e9sentez-vous en quelques mots<\/h2>\n<p>Chez \u00c9O FASCIA-PULSO-\u00e9o, je suis certifi\u00e9 en th\u00e9rapie du <a href=\"http:\/\/www.eric-omnes.fr\/\" target=\"_blank\" rel=\"noopener\">fascia-fasciapulsologie<\/a> et en pr\u00e9paration mentale professionnelle et sportive.<\/p>\n<p>La fasciapulsologie s&#8217;int\u00e9resse \u00e0 la personne dans sa globalit\u00e9 corporelle et psychique. Elle aborde le corps par ses tissus conjonctifs (fascia) et son irrigation (pulsologie).<br \/>\nEn fait, c&#8217;est un processus d&#8217;accompagnement naturels d&#8217;autor\u00e9gulation du corps. Il favorise la flexibilit\u00e9, la respiration, la circulation et la communication de tous les syst\u00e8mes et organes par un toucher l\u00e9ger et profond sur l&#8217;ensemble du corps.<\/p>\n<h2><img decoding=\"async\" class=\" wp-image-8043 aligncenter\" src=\"https:\/\/www.respirelavie.fr\/vannes\/wp-content\/uploads\/sites\/4\/2023\/04\/1680540965-file1-PHOTO-OCTOBRE-2020.png\" alt=\"\u00c9O FASCIA-PULSO-\u00e9o exposant\" width=\"217\" height=\"219\" srcset=\"http:\/\/www.respirelavie.fr\/vannes\/wp-content\/uploads\/sites\/4\/2023\/04\/1680540965-file1-PHOTO-OCTOBRE-2020.png 165w, http:\/\/www.respirelavie.fr\/vannes\/wp-content\/uploads\/sites\/4\/2023\/04\/1680540965-file1-PHOTO-OCTOBRE-2020-150x151.png 150w, http:\/\/www.respirelavie.fr\/vannes\/wp-content\/uploads\/sites\/4\/2023\/04\/1680540965-file1-PHOTO-OCTOBRE-2020-45x45.png 45w\" sizes=\"(max-width: 217px) 100vw, 217px\" \/><\/h2>\n<h2>Que propose \u00c9O FASCIA-PULSO-\u00e9o au salon ?<\/h2>\n<p>Sur notre stand \u00c9O FASCIA-PULSO-\u00e9o, nous vous proposons des s\u00e9ances d\u00e9couvertes de 20 minutes, pour 10\u20ac.<\/p>\n<p>Nous serons \u00e9galement \u00e0 votre disposition pour des conseils en r\u00e9-\u00e9quilibrage alimentaire, mais aussi en gestion du stress.<\/p>\n<h2><img fetchpriority=\"high\" decoding=\"async\" class=\"size-medium wp-image-8006 aligncenter\" src=\"https:\/\/www.respirelavie.fr\/vannes\/wp-content\/uploads\/sites\/4\/2023\/04\/1680336786-file1-PHOTO-SALON-VANNES-225x300.jpeg\" alt=\"Vivifiance \u00e9quipe\" width=\"225\" height=\"300\" srcset=\"http:\/\/www.respirelavie.fr\/vannes\/wp-content\/uploads\/sites\/4\/2023\/04\/1680336786-file1-PHOTO-SALON-VANNES-225x300.jpeg 225w, http:\/\/www.respirelavie.fr\/vannes\/wp-content\/uploads\/sites\/4\/2023\/04\/1680336786-file1-PHOTO-SALON-VANNES-768x1024.jpeg 768w, http:\/\/www.respirelavie.fr\/vannes\/wp-content\/uploads\/sites\/4\/2023\/04\/1680336786-file1-PHOTO-SALON-VANNES-1152x1536.jpeg 1152w, http:\/\/www.respirelavie.fr\/vannes\/wp-content\/uploads\/sites\/4\/2023\/04\/1680336786-file1-PHOTO-SALON-VANNES-1536x2048.jpeg 1536w, http:\/\/www.respirelavie.fr\/vannes\/wp-content\/uploads\/sites\/4\/2023\/04\/1680336786-file1-PHOTO-SALON-VANNES-150x200.jpeg 150w, http:\/\/www.respirelavie.fr\/vannes\/wp-content\/uploads\/sites\/4\/2023\/04\/1680336786-file1-PHOTO-SALON-VANNES-375x500.jpeg 375w, http:\/\/www.respirelavie.fr\/vannes\/wp-content\/uploads\/sites\/4\/2023\/04\/1680336786-file1-PHOTO-SALON-VANNES-scaled.jpeg 1920w\" sizes=\"(max-width: 225px) 100vw, 225px\" \/><\/h2>\n<h2>Parlez-nous de votre relation avec le salon<\/h2>\n<p>Respire la Vie Vannes est un salon qui nous permet de rencontrer un public vari\u00e9, des exposants toujours sympathiques, nous avons h\u00e2te d&#8217;y participer !<br \/>\nEn effet, nous sommes tr\u00e8s heureux qu&#8217;il reprenne apr\u00e8s les ann\u00e9es COVID, et de le refaire suite \u00e0 l&#8217;\u00e9dition de 2019.<\/p>\n<p>&nbsp;<\/p>\n<p><em><a href=\"https:\/\/www.respirelavie.fr\/vannes\/visiter\/liste-des-exposants\/\" target=\"_blank\" rel=\"noopener\">Consultez la liste des exposants 2023<\/a><\/em><\/p>\n","protected":false},"excerpt":{"rendered":"<p>Pr\u00e9sentez-vous en quelques mots Chez \u00c9O FASCIA-PULSO-\u00e9o, je suis certifi\u00e9 en th\u00e9rapie du fascia-fasciapulsologie et en pr\u00e9paration mentale professionnelle et sportive. La fasciapulsologie s&#8217;int\u00e9resse \u00e0 la personne dans sa globalit\u00e9 corporelle et psychique. Elle aborde le corps par ses tissus conjonctifs (fascia) et son irrigation (pulsologie). En fait, c&#8217;est un processus d&#8217;accompagnement naturels d&#8217;autor\u00e9gulation du&hellip; <\/p>\n","protected":false},"author":5,"featured_media":8007,"comment_status":"open","ping_status":"open","sticky":false,"template":"","format":"standard","meta":{"_monsterinsights_skip_tracking":false,"_monsterinsights_sitenote_active":false,"_monsterinsights_sitenote_note":"","_monsterinsights_sitenote_category":0,"footnotes":""},"categories":[26],"tags":[],"class_list":["post-8041","post","type-post","status-publish","format-standard","has-post-thumbnail","hentry","category-actualites"],"yoast_head":"<!-- This site is optimized with the Yoast SEO plugin v27.3 - https:\/\/yoast.com\/product\/yoast-seo-wordpress\/ -->\n<title>Portrait d&#039;exposant - \u00c9O FASCIA-PULSO-\u00e9o - RESPIRE VANNES<\/title>\n<meta name=\"description\" content=\"Venez rencontrer \u00c9O FASCIA-PULSO-\u00e9o au salon Respire la Vie au Parc des Expositions de Vannes du 07 au 09 avril 2023.\" \/>\n<meta name=\"robots\" content=\"index, follow, max-snippet:-1, max-image-preview:large, max-video-preview:-1\" \/>\n<link rel=\"canonical\" href=\"http:\/\/www.respirelavie.fr\/vannes\/blog\/2023\/04\/04\/eo-fascia-pulso-eo\/\" \/>\n<meta property=\"og:locale\" content=\"fr_FR\" \/>\n<meta property=\"og:type\" content=\"article\" \/>\n<meta property=\"og:title\" content=\"Portrait d&#039;exposant - \u00c9O FASCIA-PULSO-\u00e9o - RESPIRE VANNES\" \/>\n<meta property=\"og:description\" content=\"Venez rencontrer \u00c9O FASCIA-PULSO-\u00e9o au salon Respire la Vie au Parc des Expositions de Vannes du 07 au 09 avril 2023.\" \/>\n<meta property=\"og:url\" content=\"http:\/\/www.respirelavie.fr\/vannes\/blog\/2023\/04\/04\/eo-fascia-pulso-eo\/\" \/>\n<meta property=\"og:site_name\" content=\"RESPIRE VANNES\" \/>\n<meta property=\"article:published_time\" content=\"2023-04-04T10:50:27+00:00\" \/>\n<meta property=\"og:image\" content=\"http:\/\/www.respirelavie.fr\/vannes\/wp-content\/uploads\/sites\/4\/2023\/04\/Sans-titre-25.jpg\" \/>\n\t<meta property=\"og:image:width\" content=\"800\" \/>\n\t<meta property=\"og:image:height\" content=\"800\" \/>\n\t<meta property=\"og:image:type\" content=\"image\/jpeg\" \/>\n<meta name=\"author\" content=\"communication\" \/>\n<meta name=\"twitter:card\" content=\"summary_large_image\" \/>\n<meta name=\"twitter:label1\" content=\"\u00c9crit par\" \/>\n\t<meta name=\"twitter:data1\" content=\"communication\" \/>\n\t<meta name=\"twitter:label2\" content=\"Dur\u00e9e de lecture estim\u00e9e\" \/>\n\t<meta name=\"twitter:data2\" content=\"2 minutes\" \/>\n<script type=\"application\/ld+json\" class=\"yoast-schema-graph\">{\"@context\":\"https:\\\/\\\/schema.org\",\"@graph\":[{\"@type\":\"Article\",\"@id\":\"http:\\\/\\\/www.respirelavie.fr\\\/vannes\\\/blog\\\/2023\\\/04\\\/04\\\/eo-fascia-pulso-eo\\\/#article\",\"isPartOf\":{\"@id\":\"http:\\\/\\\/www.respirelavie.fr\\\/vannes\\\/blog\\\/2023\\\/04\\\/04\\\/eo-fascia-pulso-eo\\\/\"},\"author\":{\"name\":\"communication\",\"@id\":\"http:\\\/\\\/www.respirelavie.fr\\\/vannes\\\/#\\\/schema\\\/person\\\/773bfe7c31181098698bacd32c5d233c\"},\"headline\":\"Portrait d&#8217;exposant &#8211; \u00c9O FASCIA-PULSO-\u00e9o\",\"datePublished\":\"2023-04-04T10:50:27+00:00\",\"mainEntityOfPage\":{\"@id\":\"http:\\\/\\\/www.respirelavie.fr\\\/vannes\\\/blog\\\/2023\\\/04\\\/04\\\/eo-fascia-pulso-eo\\\/\"},\"wordCount\":208,\"commentCount\":0,\"publisher\":{\"@id\":\"http:\\\/\\\/www.respirelavie.fr\\\/vannes\\\/#organization\"},\"image\":{\"@id\":\"http:\\\/\\\/www.respirelavie.fr\\\/vannes\\\/blog\\\/2023\\\/04\\\/04\\\/eo-fascia-pulso-eo\\\/#primaryimage\"},\"thumbnailUrl\":\"http:\\\/\\\/www.respirelavie.fr\\\/vannes\\\/wp-content\\\/uploads\\\/sites\\\/4\\\/2023\\\/04\\\/Sans-titre-25.jpg\",\"articleSection\":[\"Actualit\u00e9s\"],\"inLanguage\":\"fr-FR\",\"potentialAction\":[{\"@type\":\"CommentAction\",\"name\":\"Comment\",\"target\":[\"http:\\\/\\\/www.respirelavie.fr\\\/vannes\\\/blog\\\/2023\\\/04\\\/04\\\/eo-fascia-pulso-eo\\\/#respond\"]}]},{\"@type\":\"WebPage\",\"@id\":\"http:\\\/\\\/www.respirelavie.fr\\\/vannes\\\/blog\\\/2023\\\/04\\\/04\\\/eo-fascia-pulso-eo\\\/\",\"url\":\"http:\\\/\\\/www.respirelavie.fr\\\/vannes\\\/blog\\\/2023\\\/04\\\/04\\\/eo-fascia-pulso-eo\\\/\",\"name\":\"Portrait d'exposant - \u00c9O FASCIA-PULSO-\u00e9o - RESPIRE VANNES\",\"isPartOf\":{\"@id\":\"http:\\\/\\\/www.respirelavie.fr\\\/vannes\\\/#website\"},\"primaryImageOfPage\":{\"@id\":\"http:\\\/\\\/www.respirelavie.fr\\\/vannes\\\/blog\\\/2023\\\/04\\\/04\\\/eo-fascia-pulso-eo\\\/#primaryimage\"},\"image\":{\"@id\":\"http:\\\/\\\/www.respirelavie.fr\\\/vannes\\\/blog\\\/2023\\\/04\\\/04\\\/eo-fascia-pulso-eo\\\/#primaryimage\"},\"thumbnailUrl\":\"http:\\\/\\\/www.respirelavie.fr\\\/vannes\\\/wp-content\\\/uploads\\\/sites\\\/4\\\/2023\\\/04\\\/Sans-titre-25.jpg\",\"datePublished\":\"2023-04-04T10:50:27+00:00\",\"description\":\"Venez rencontrer \u00c9O FASCIA-PULSO-\u00e9o au salon Respire la Vie au Parc des Expositions de Vannes du 07 au 09 avril 2023.\",\"breadcrumb\":{\"@id\":\"http:\\\/\\\/www.respirelavie.fr\\\/vannes\\\/blog\\\/2023\\\/04\\\/04\\\/eo-fascia-pulso-eo\\\/#breadcrumb\"},\"inLanguage\":\"fr-FR\",\"potentialAction\":[{\"@type\":\"ReadAction\",\"target\":[\"http:\\\/\\\/www.respirelavie.fr\\\/vannes\\\/blog\\\/2023\\\/04\\\/04\\\/eo-fascia-pulso-eo\\\/\"]}]},{\"@type\":\"ImageObject\",\"inLanguage\":\"fr-FR\",\"@id\":\"http:\\\/\\\/www.respirelavie.fr\\\/vannes\\\/blog\\\/2023\\\/04\\\/04\\\/eo-fascia-pulso-eo\\\/#primaryimage\",\"url\":\"http:\\\/\\\/www.respirelavie.fr\\\/vannes\\\/wp-content\\\/uploads\\\/sites\\\/4\\\/2023\\\/04\\\/Sans-titre-25.jpg\",\"contentUrl\":\"http:\\\/\\\/www.respirelavie.fr\\\/vannes\\\/wp-content\\\/uploads\\\/sites\\\/4\\\/2023\\\/04\\\/Sans-titre-25.jpg\",\"width\":800,\"height\":800,\"caption\":\"Vivifiance \u00e9quipe\"},{\"@type\":\"BreadcrumbList\",\"@id\":\"http:\\\/\\\/www.respirelavie.fr\\\/vannes\\\/blog\\\/2023\\\/04\\\/04\\\/eo-fascia-pulso-eo\\\/#breadcrumb\",\"itemListElement\":[{\"@type\":\"ListItem\",\"position\":1,\"name\":\"Accueil\",\"item\":\"http:\\\/\\\/www.respirelavie.fr\\\/vannes\\\/\"},{\"@type\":\"ListItem\",\"position\":2,\"name\":\"Portrait d&#8217;exposant &#8211; \u00c9O FASCIA-PULSO-\u00e9o\"}]},{\"@type\":\"WebSite\",\"@id\":\"http:\\\/\\\/www.respirelavie.fr\\\/vannes\\\/#website\",\"url\":\"http:\\\/\\\/www.respirelavie.fr\\\/vannes\\\/\",\"name\":\"RESPIRE VANNES\",\"description\":\"RESPIRE : votre salon bio, bien-\u00eatre et habitat sain \u00e0 Vannes\",\"publisher\":{\"@id\":\"http:\\\/\\\/www.respirelavie.fr\\\/vannes\\\/#organization\"},\"potentialAction\":[{\"@type\":\"SearchAction\",\"target\":{\"@type\":\"EntryPoint\",\"urlTemplate\":\"http:\\\/\\\/www.respirelavie.fr\\\/vannes\\\/?s={search_term_string}\"},\"query-input\":{\"@type\":\"PropertyValueSpecification\",\"valueRequired\":true,\"valueName\":\"search_term_string\"}}],\"inLanguage\":\"fr-FR\"},{\"@type\":\"Organization\",\"@id\":\"http:\\\/\\\/www.respirelavie.fr\\\/vannes\\\/#organization\",\"name\":\"RESPIRE VANNES\",\"url\":\"http:\\\/\\\/www.respirelavie.fr\\\/vannes\\\/\",\"logo\":{\"@type\":\"ImageObject\",\"inLanguage\":\"fr-FR\",\"@id\":\"http:\\\/\\\/www.respirelavie.fr\\\/vannes\\\/#\\\/schema\\\/logo\\\/image\\\/\",\"url\":\"http:\\\/\\\/www.respirelavie.fr\\\/vannes\\\/wp-content\\\/uploads\\\/sites\\\/4\\\/2024\\\/10\\\/cropped-cropped-cropped-Logo-RESPIRE-vannes-2025-1-1.png\",\"contentUrl\":\"http:\\\/\\\/www.respirelavie.fr\\\/vannes\\\/wp-content\\\/uploads\\\/sites\\\/4\\\/2024\\\/10\\\/cropped-cropped-cropped-Logo-RESPIRE-vannes-2025-1-1.png\",\"width\":797,\"height\":145,\"caption\":\"RESPIRE VANNES\"},\"image\":{\"@id\":\"http:\\\/\\\/www.respirelavie.fr\\\/vannes\\\/#\\\/schema\\\/logo\\\/image\\\/\"}},{\"@type\":\"Person\",\"@id\":\"http:\\\/\\\/www.respirelavie.fr\\\/vannes\\\/#\\\/schema\\\/person\\\/773bfe7c31181098698bacd32c5d233c\",\"name\":\"communication\",\"image\":{\"@type\":\"ImageObject\",\"inLanguage\":\"fr-FR\",\"@id\":\"https:\\\/\\\/secure.gravatar.com\\\/avatar\\\/0f49d5b7ab56355ffa797b3ce25e4f2375cedf6bc9afe416fe669342c3524275?s=96&d=mm&r=g\",\"url\":\"https:\\\/\\\/secure.gravatar.com\\\/avatar\\\/0f49d5b7ab56355ffa797b3ce25e4f2375cedf6bc9afe416fe669342c3524275?s=96&d=mm&r=g\",\"contentUrl\":\"https:\\\/\\\/secure.gravatar.com\\\/avatar\\\/0f49d5b7ab56355ffa797b3ce25e4f2375cedf6bc9afe416fe669342c3524275?s=96&d=mm&r=g\",\"caption\":\"communication\"},\"url\":\"http:\\\/\\\/www.respirelavie.fr\\\/vannes\\\/blog\\\/author\\\/communication\\\/\"}]}<\/script>\n<!-- \/ Yoast SEO plugin. -->","yoast_head_json":{"title":"Portrait d'exposant - \u00c9O FASCIA-PULSO-\u00e9o - RESPIRE VANNES","description":"Venez rencontrer \u00c9O FASCIA-PULSO-\u00e9o au salon Respire la Vie au Parc des Expositions de Vannes du 07 au 09 avril 2023.","robots":{"index":"index","follow":"follow","max-snippet":"max-snippet:-1","max-image-preview":"max-image-preview:large","max-video-preview":"max-video-preview:-1"},"canonical":"http:\/\/www.respirelavie.fr\/vannes\/blog\/2023\/04\/04\/eo-fascia-pulso-eo\/","og_locale":"fr_FR","og_type":"article","og_title":"Portrait d'exposant - \u00c9O FASCIA-PULSO-\u00e9o - RESPIRE VANNES","og_description":"Venez rencontrer \u00c9O FASCIA-PULSO-\u00e9o au salon Respire la Vie au Parc des Expositions de Vannes du 07 au 09 avril 2023.","og_url":"http:\/\/www.respirelavie.fr\/vannes\/blog\/2023\/04\/04\/eo-fascia-pulso-eo\/","og_site_name":"RESPIRE VANNES","article_published_time":"2023-04-04T10:50:27+00:00","og_image":[{"width":800,"height":800,"url":"http:\/\/www.respirelavie.fr\/vannes\/wp-content\/uploads\/sites\/4\/2023\/04\/Sans-titre-25.jpg","type":"image\/jpeg"}],"author":"communication","twitter_card":"summary_large_image","twitter_misc":{"\u00c9crit par":"communication","Dur\u00e9e de lecture estim\u00e9e":"2 minutes"},"schema":{"@context":"https:\/\/schema.org","@graph":[{"@type":"Article","@id":"http:\/\/www.respirelavie.fr\/vannes\/blog\/2023\/04\/04\/eo-fascia-pulso-eo\/#article","isPartOf":{"@id":"http:\/\/www.respirelavie.fr\/vannes\/blog\/2023\/04\/04\/eo-fascia-pulso-eo\/"},"author":{"name":"communication","@id":"http:\/\/www.respirelavie.fr\/vannes\/#\/schema\/person\/773bfe7c31181098698bacd32c5d233c"},"headline":"Portrait d&#8217;exposant &#8211; \u00c9O FASCIA-PULSO-\u00e9o","datePublished":"2023-04-04T10:50:27+00:00","mainEntityOfPage":{"@id":"http:\/\/www.respirelavie.fr\/vannes\/blog\/2023\/04\/04\/eo-fascia-pulso-eo\/"},"wordCount":208,"commentCount":0,"publisher":{"@id":"http:\/\/www.respirelavie.fr\/vannes\/#organization"},"image":{"@id":"http:\/\/www.respirelavie.fr\/vannes\/blog\/2023\/04\/04\/eo-fascia-pulso-eo\/#primaryimage"},"thumbnailUrl":"http:\/\/www.respirelavie.fr\/vannes\/wp-content\/uploads\/sites\/4\/2023\/04\/Sans-titre-25.jpg","articleSection":["Actualit\u00e9s"],"inLanguage":"fr-FR","potentialAction":[{"@type":"CommentAction","name":"Comment","target":["http:\/\/www.respirelavie.fr\/vannes\/blog\/2023\/04\/04\/eo-fascia-pulso-eo\/#respond"]}]},{"@type":"WebPage","@id":"http:\/\/www.respirelavie.fr\/vannes\/blog\/2023\/04\/04\/eo-fascia-pulso-eo\/","url":"http:\/\/www.respirelavie.fr\/vannes\/blog\/2023\/04\/04\/eo-fascia-pulso-eo\/","name":"Portrait d'exposant - \u00c9O FASCIA-PULSO-\u00e9o - RESPIRE VANNES","isPartOf":{"@id":"http:\/\/www.respirelavie.fr\/vannes\/#website"},"primaryImageOfPage":{"@id":"http:\/\/www.respirelavie.fr\/vannes\/blog\/2023\/04\/04\/eo-fascia-pulso-eo\/#primaryimage"},"image":{"@id":"http:\/\/www.respirelavie.fr\/vannes\/blog\/2023\/04\/04\/eo-fascia-pulso-eo\/#primaryimage"},"thumbnailUrl":"http:\/\/www.respirelavie.fr\/vannes\/wp-content\/uploads\/sites\/4\/2023\/04\/Sans-titre-25.jpg","datePublished":"2023-04-04T10:50:27+00:00","description":"Venez rencontrer \u00c9O FASCIA-PULSO-\u00e9o au salon Respire la Vie au Parc des Expositions de Vannes du 07 au 09 avril 2023.","breadcrumb":{"@id":"http:\/\/www.respirelavie.fr\/vannes\/blog\/2023\/04\/04\/eo-fascia-pulso-eo\/#breadcrumb"},"inLanguage":"fr-FR","potentialAction":[{"@type":"ReadAction","target":["http:\/\/www.respirelavie.fr\/vannes\/blog\/2023\/04\/04\/eo-fascia-pulso-eo\/"]}]},{"@type":"ImageObject","inLanguage":"fr-FR","@id":"http:\/\/www.respirelavie.fr\/vannes\/blog\/2023\/04\/04\/eo-fascia-pulso-eo\/#primaryimage","url":"http:\/\/www.respirelavie.fr\/vannes\/wp-content\/uploads\/sites\/4\/2023\/04\/Sans-titre-25.jpg","contentUrl":"http:\/\/www.respirelavie.fr\/vannes\/wp-content\/uploads\/sites\/4\/2023\/04\/Sans-titre-25.jpg","width":800,"height":800,"caption":"Vivifiance \u00e9quipe"},{"@type":"BreadcrumbList","@id":"http:\/\/www.respirelavie.fr\/vannes\/blog\/2023\/04\/04\/eo-fascia-pulso-eo\/#breadcrumb","itemListElement":[{"@type":"ListItem","position":1,"name":"Accueil","item":"http:\/\/www.respirelavie.fr\/vannes\/"},{"@type":"ListItem","position":2,"name":"Portrait d&#8217;exposant &#8211; \u00c9O FASCIA-PULSO-\u00e9o"}]},{"@type":"WebSite","@id":"http:\/\/www.respirelavie.fr\/vannes\/#website","url":"http:\/\/www.respirelavie.fr\/vannes\/","name":"RESPIRE VANNES","description":"RESPIRE : votre salon bio, bien-\u00eatre et habitat sain \u00e0 Vannes","publisher":{"@id":"http:\/\/www.respirelavie.fr\/vannes\/#organization"},"potentialAction":[{"@type":"SearchAction","target":{"@type":"EntryPoint","urlTemplate":"http:\/\/www.respirelavie.fr\/vannes\/?s={search_term_string}"},"query-input":{"@type":"PropertyValueSpecification","valueRequired":true,"valueName":"search_term_string"}}],"inLanguage":"fr-FR"},{"@type":"Organization","@id":"http:\/\/www.respirelavie.fr\/vannes\/#organization","name":"RESPIRE VANNES","url":"http:\/\/www.respirelavie.fr\/vannes\/","logo":{"@type":"ImageObject","inLanguage":"fr-FR","@id":"http:\/\/www.respirelavie.fr\/vannes\/#\/schema\/logo\/image\/","url":"http:\/\/www.respirelavie.fr\/vannes\/wp-content\/uploads\/sites\/4\/2024\/10\/cropped-cropped-cropped-Logo-RESPIRE-vannes-2025-1-1.png","contentUrl":"http:\/\/www.respirelavie.fr\/vannes\/wp-content\/uploads\/sites\/4\/2024\/10\/cropped-cropped-cropped-Logo-RESPIRE-vannes-2025-1-1.png","width":797,"height":145,"caption":"RESPIRE VANNES"},"image":{"@id":"http:\/\/www.respirelavie.fr\/vannes\/#\/schema\/logo\/image\/"}},{"@type":"Person","@id":"http:\/\/www.respirelavie.fr\/vannes\/#\/schema\/person\/773bfe7c31181098698bacd32c5d233c","name":"communication","image":{"@type":"ImageObject","inLanguage":"fr-FR","@id":"https:\/\/secure.gravatar.com\/avatar\/0f49d5b7ab56355ffa797b3ce25e4f2375cedf6bc9afe416fe669342c3524275?s=96&d=mm&r=g","url":"https:\/\/secure.gravatar.com\/avatar\/0f49d5b7ab56355ffa797b3ce25e4f2375cedf6bc9afe416fe669342c3524275?s=96&d=mm&r=g","contentUrl":"https:\/\/secure.gravatar.com\/avatar\/0f49d5b7ab56355ffa797b3ce25e4f2375cedf6bc9afe416fe669342c3524275?s=96&d=mm&r=g","caption":"communication"},"url":"http:\/\/www.respirelavie.fr\/vannes\/blog\/author\/communication\/"}]}},"_links":{"self":[{"href":"http:\/\/www.respirelavie.fr\/vannes\/wp-json\/wp\/v2\/posts\/8041","targetHints":{"allow":["GET"]}}],"collection":[{"href":"http:\/\/www.respirelavie.fr\/vannes\/wp-json\/wp\/v2\/posts"}],"about":[{"href":"http:\/\/www.respirelavie.fr\/vannes\/wp-json\/wp\/v2\/types\/post"}],"author":[{"embeddable":true,"href":"http:\/\/www.respirelavie.fr\/vannes\/wp-json\/wp\/v2\/users\/5"}],"replies":[{"embeddable":true,"href":"http:\/\/www.respirelavie.fr\/vannes\/wp-json\/wp\/v2\/comments?post=8041"}],"version-history":[{"count":3,"href":"http:\/\/www.respirelavie.fr\/vannes\/wp-json\/wp\/v2\/posts\/8041\/revisions"}],"predecessor-version":[{"id":8056,"href":"http:\/\/www.respirelavie.fr\/vannes\/wp-json\/wp\/v2\/posts\/8041\/revisions\/8056"}],"wp:featuredmedia":[{"embeddable":true,"href":"http:\/\/www.respirelavie.fr\/vannes\/wp-json\/wp\/v2\/media\/8007"}],"wp:attachment":[{"href":"http:\/\/www.respirelavie.fr\/vannes\/wp-json\/wp\/v2\/media?parent=8041"}],"wp:term":[{"taxonomy":"category","embeddable":true,"href":"http:\/\/www.respirelavie.fr\/vannes\/wp-json\/wp\/v2\/categories?post=8041"},{"taxonomy":"post_tag","embeddable":true,"href":"http:\/\/www.respirelavie.fr\/vannes\/wp-json\/wp\/v2\/tags?post=8041"}],"curies":[{"name":"wp","href":"https:\/\/api.w.org\/{rel}","templated":true}]}}