{"id":9179,"date":"2022-09-19T14:17:29","date_gmt":"2022-09-19T12:17:29","guid":{"rendered":"https:\/\/www.respirelavie.fr\/poitiers\/?p=9179"},"modified":"2022-09-19T14:17:29","modified_gmt":"2022-09-19T12:17:29","slug":"lameethisme","status":"publish","type":"post","link":"https:\/\/www.respirelavie.fr\/poitiers\/blog\/2022\/09\/19\/lameethisme\/","title":{"rendered":"L&rsquo;\u00c2me&rsquo;Ethisme"},"content":{"rendered":"<h2>Pr\u00e9sentez-vous en quelques mots<\/h2>\n<p>Infirmi\u00e8re au CHU de Poitiers pendant plus de 20 ans, je propose aujourd&rsquo;hui une autre fa\u00e7on de prendre soin par le biais de la lithoth\u00e9rapie.<br \/>\nApr\u00e8s 2 ans \u00e0 tenir un stand de vente de min\u00e9raux et bijoux sur Poitiers, j&rsquo;ai finalement am\u00e9nag\u00e9 une petite boutique \u00ab\u00a0L&rsquo;\u00c2me&rsquo;Ethisme\u00a0\u00bb du centre-ville de Poitiers rue Paul Guillon. J&rsquo;y accueille le public du mardi au samedi de 10h \u00e0 13h et 14h \u00e0 19h.<br \/>\nJ&rsquo;ai \u00e9galement con\u00e7u un <a href=\"https:\/\/www.l-ame-ethisme.fr\/\" target=\"_blank\" rel=\"noopener\">site web<\/a> avec une boutique de vente en ligne et aussi beaucoup d&rsquo;informations sur les bienfaits des pierres, comment les entretenir, et bien d&rsquo;autres encore.<br \/>\nElisa, passionn\u00e9e par les \u00e9nergies, la nature, les plantes et toutes formes de vie m\u2019a r\u00e9cemment rejoint \u00e0 la boutique.<\/p>\n<p><img fetchpriority=\"high\" decoding=\"async\" class=\"aligncenter wp-image-9181 size-full\" src=\"https:\/\/www.respirelavie.fr\/poitiers\/wp-content\/uploads\/sites\/3\/2022\/09\/1663531941-file1-LAmeEthisme-Google-Chrome.jpeg\" alt=\"L'\u00c2me'Ethisme Boutique \" width=\"957\" height=\"592\" srcset=\"https:\/\/www.respirelavie.fr\/poitiers\/wp-content\/uploads\/sites\/3\/2022\/09\/1663531941-file1-LAmeEthisme-Google-Chrome.jpeg 957w, https:\/\/www.respirelavie.fr\/poitiers\/wp-content\/uploads\/sites\/3\/2022\/09\/1663531941-file1-LAmeEthisme-Google-Chrome-300x186.jpeg 300w, https:\/\/www.respirelavie.fr\/poitiers\/wp-content\/uploads\/sites\/3\/2022\/09\/1663531941-file1-LAmeEthisme-Google-Chrome-768x475.jpeg 768w, https:\/\/www.respirelavie.fr\/poitiers\/wp-content\/uploads\/sites\/3\/2022\/09\/1663531941-file1-LAmeEthisme-Google-Chrome-150x93.jpeg 150w, https:\/\/www.respirelavie.fr\/poitiers\/wp-content\/uploads\/sites\/3\/2022\/09\/1663531941-file1-LAmeEthisme-Google-Chrome-500x309.jpeg 500w\" sizes=\"(max-width: 957px) 100vw, 957px\" \/><\/p>\n<h2>Que propose L&rsquo;\u00c2me&rsquo;Ethisme sur le salon ?<\/h2>\n<p>Lors du salon je vais proposer des min\u00e9raux du monde sous diverses formes : Galets, formes libres, g\u00e9odes, sph\u00e8res,<br \/>\nDes bijoux en min\u00e9raux, bijoux \u00e9nerg\u00e9tiques<br \/>\nObjets de massages : Roller, Gua sha, b\u00e2tons de massage<\/p>\n<ul>\n<li>Baguettes de soins<\/li>\n<li>Pendules<\/li>\n<li>Plaques de rechargement en pierre et bois<\/li>\n<li>Egalement des encens : fagots de sauge, bois de Palo Santo<\/li>\n<\/ul>\n<h2>Parlez-nous de votre relation avec le salon<\/h2>\n<p>Cette pr\u00e9sence au salon 2022 sera ma premi\u00e8re en tant qu&rsquo;exposante. Je le connais bien pour y \u00eatre all\u00e9e tous les ans depuis plusieurs ann\u00e9es en tant que visiteur.<\/p><div id=\"respi-1317285579\" class=\"respi-contenu respi-entity-placement\"><script async src=\"\/\/pagead2.googlesyndication.com\/pagead\/js\/adsbygoogle.js?client=ca-pub-7511070832818284\" crossorigin=\"anonymous\"><\/script><ins class=\"adsbygoogle\" style=\"display:block;\" data-ad-client=\"ca-pub-7511070832818284\" \ndata-ad-slot=\"4196289901\" \ndata-ad-format=\"auto\"><\/ins>\n<script> \n(adsbygoogle = window.adsbygoogle || []).push({}); \n<\/script>\n<\/div>\n<p><em><a href=\"https:\/\/www.respirelavie.fr\/poitiers\/visiter\/liste-des-exposants\/\" target=\"_blank\" rel=\"noopener\">Consultez la liste des exposants<\/a><\/em><\/p>\n","protected":false},"excerpt":{"rendered":"<p>Pr\u00e9sentez-vous en quelques mots Infirmi\u00e8re au CHU de Poitiers pendant plus de 20 ans, je propose aujourd&rsquo;hui une autre fa\u00e7on de prendre soin par le biais de la lithoth\u00e9rapie. Apr\u00e8s 2 ans \u00e0 tenir un stand de vente de min\u00e9raux et bijoux sur Poitiers, j&rsquo;ai finalement am\u00e9nag\u00e9 une petite boutique \u00ab\u00a0L&rsquo;\u00c2me&rsquo;Ethisme\u00a0\u00bb du centre-ville de Poitiers&hellip; <\/p>\n","protected":false},"author":5,"featured_media":9181,"comment_status":"closed","ping_status":"open","sticky":false,"template":"","format":"standard","meta":{"_monsterinsights_skip_tracking":false,"_monsterinsights_sitenote_active":false,"_monsterinsights_sitenote_note":"","_monsterinsights_sitenote_category":0,"footnotes":""},"categories":[352],"tags":[],"class_list":["post-9179","post","type-post","status-publish","format-standard","has-post-thumbnail","hentry","category-portrait-exposant"],"yoast_head":"<!-- This site is optimized with the Yoast SEO plugin v27.3 - https:\/\/yoast.com\/product\/yoast-seo-wordpress\/ -->\n<title>L&#039;\u00c2me&#039;Ethisme - Salon RESPIRE LA VIE Poitiers<\/title>\n<meta name=\"description\" content=\"Venez d\u00e9couvrir pour la premi\u00e8re fois L&#039;\u00c2me&#039;Ethisme lors du salon Respire La Vie Poitiers du 23 au 25 septembre 2022 !\" \/>\n<meta name=\"robots\" content=\"index, follow, max-snippet:-1, max-image-preview:large, max-video-preview:-1\" \/>\n<link rel=\"canonical\" href=\"https:\/\/www.respirelavie.fr\/poitiers\/blog\/2022\/09\/19\/lameethisme\/\" \/>\n<meta property=\"og:locale\" content=\"fr_FR\" \/>\n<meta property=\"og:type\" content=\"article\" \/>\n<meta property=\"og:title\" content=\"L&#039;\u00c2me&#039;Ethisme - Salon RESPIRE LA VIE Poitiers\" \/>\n<meta property=\"og:description\" content=\"Venez d\u00e9couvrir pour la premi\u00e8re fois L&#039;\u00c2me&#039;Ethisme lors du salon Respire La Vie Poitiers du 23 au 25 septembre 2022 !\" \/>\n<meta property=\"og:url\" content=\"https:\/\/www.respirelavie.fr\/poitiers\/blog\/2022\/09\/19\/lameethisme\/\" \/>\n<meta property=\"og:site_name\" content=\"Salon RESPIRE LA VIE Poitiers\" \/>\n<meta property=\"article:published_time\" content=\"2022-09-19T12:17:29+00:00\" \/>\n<meta property=\"og:image\" content=\"https:\/\/www.respirelavie.fr\/poitiers\/wp-content\/uploads\/sites\/3\/2022\/09\/1663531941-file1-LAmeEthisme-Google-Chrome.jpeg\" \/>\n\t<meta property=\"og:image:width\" content=\"957\" \/>\n\t<meta property=\"og:image:height\" content=\"592\" \/>\n\t<meta property=\"og:image:type\" content=\"image\/jpeg\" \/>\n<meta name=\"author\" content=\"communication\" \/>\n<meta name=\"twitter:card\" content=\"summary_large_image\" \/>\n<meta name=\"twitter:label1\" content=\"\u00c9crit par\" \/>\n\t<meta name=\"twitter:data1\" content=\"communication\" \/>\n\t<meta name=\"twitter:label2\" content=\"Dur\u00e9e de lecture estim\u00e9e\" \/>\n\t<meta name=\"twitter:data2\" content=\"1 minute\" \/>\n<script type=\"application\/ld+json\" class=\"yoast-schema-graph\">{\"@context\":\"https:\\\/\\\/schema.org\",\"@graph\":[{\"@type\":\"Article\",\"@id\":\"https:\\\/\\\/www.respirelavie.fr\\\/poitiers\\\/blog\\\/2022\\\/09\\\/19\\\/lameethisme\\\/#article\",\"isPartOf\":{\"@id\":\"https:\\\/\\\/www.respirelavie.fr\\\/poitiers\\\/blog\\\/2022\\\/09\\\/19\\\/lameethisme\\\/\"},\"author\":{\"name\":\"communication\",\"@id\":\"https:\\\/\\\/www.respirelavie.fr\\\/poitiers\\\/#\\\/schema\\\/person\\\/773bfe7c31181098698bacd32c5d233c\"},\"headline\":\"L&rsquo;\u00c2me&rsquo;Ethisme\",\"datePublished\":\"2022-09-19T12:17:29+00:00\",\"mainEntityOfPage\":{\"@id\":\"https:\\\/\\\/www.respirelavie.fr\\\/poitiers\\\/blog\\\/2022\\\/09\\\/19\\\/lameethisme\\\/\"},\"wordCount\":252,\"publisher\":{\"@id\":\"https:\\\/\\\/www.respirelavie.fr\\\/poitiers\\\/#organization\"},\"image\":{\"@id\":\"https:\\\/\\\/www.respirelavie.fr\\\/poitiers\\\/blog\\\/2022\\\/09\\\/19\\\/lameethisme\\\/#primaryimage\"},\"thumbnailUrl\":\"https:\\\/\\\/www.respirelavie.fr\\\/poitiers\\\/wp-content\\\/uploads\\\/sites\\\/3\\\/2022\\\/09\\\/1663531941-file1-LAmeEthisme-Google-Chrome.jpeg\",\"articleSection\":[\"portrait exposant\"],\"inLanguage\":\"fr-FR\"},{\"@type\":\"WebPage\",\"@id\":\"https:\\\/\\\/www.respirelavie.fr\\\/poitiers\\\/blog\\\/2022\\\/09\\\/19\\\/lameethisme\\\/\",\"url\":\"https:\\\/\\\/www.respirelavie.fr\\\/poitiers\\\/blog\\\/2022\\\/09\\\/19\\\/lameethisme\\\/\",\"name\":\"L'\u00c2me'Ethisme - Salon RESPIRE LA VIE Poitiers\",\"isPartOf\":{\"@id\":\"https:\\\/\\\/www.respirelavie.fr\\\/poitiers\\\/#website\"},\"primaryImageOfPage\":{\"@id\":\"https:\\\/\\\/www.respirelavie.fr\\\/poitiers\\\/blog\\\/2022\\\/09\\\/19\\\/lameethisme\\\/#primaryimage\"},\"image\":{\"@id\":\"https:\\\/\\\/www.respirelavie.fr\\\/poitiers\\\/blog\\\/2022\\\/09\\\/19\\\/lameethisme\\\/#primaryimage\"},\"thumbnailUrl\":\"https:\\\/\\\/www.respirelavie.fr\\\/poitiers\\\/wp-content\\\/uploads\\\/sites\\\/3\\\/2022\\\/09\\\/1663531941-file1-LAmeEthisme-Google-Chrome.jpeg\",\"datePublished\":\"2022-09-19T12:17:29+00:00\",\"description\":\"Venez d\u00e9couvrir pour la premi\u00e8re fois L'\u00c2me'Ethisme lors du salon Respire La Vie Poitiers du 23 au 25 septembre 2022 !\",\"breadcrumb\":{\"@id\":\"https:\\\/\\\/www.respirelavie.fr\\\/poitiers\\\/blog\\\/2022\\\/09\\\/19\\\/lameethisme\\\/#breadcrumb\"},\"inLanguage\":\"fr-FR\",\"potentialAction\":[{\"@type\":\"ReadAction\",\"target\":[\"https:\\\/\\\/www.respirelavie.fr\\\/poitiers\\\/blog\\\/2022\\\/09\\\/19\\\/lameethisme\\\/\"]}]},{\"@type\":\"ImageObject\",\"inLanguage\":\"fr-FR\",\"@id\":\"https:\\\/\\\/www.respirelavie.fr\\\/poitiers\\\/blog\\\/2022\\\/09\\\/19\\\/lameethisme\\\/#primaryimage\",\"url\":\"https:\\\/\\\/www.respirelavie.fr\\\/poitiers\\\/wp-content\\\/uploads\\\/sites\\\/3\\\/2022\\\/09\\\/1663531941-file1-LAmeEthisme-Google-Chrome.jpeg\",\"contentUrl\":\"https:\\\/\\\/www.respirelavie.fr\\\/poitiers\\\/wp-content\\\/uploads\\\/sites\\\/3\\\/2022\\\/09\\\/1663531941-file1-LAmeEthisme-Google-Chrome.jpeg\",\"width\":957,\"height\":592,\"caption\":\"L'\u00c2me'Ethisme Avant\"},{\"@type\":\"BreadcrumbList\",\"@id\":\"https:\\\/\\\/www.respirelavie.fr\\\/poitiers\\\/blog\\\/2022\\\/09\\\/19\\\/lameethisme\\\/#breadcrumb\",\"itemListElement\":[{\"@type\":\"ListItem\",\"position\":1,\"name\":\"Accueil\",\"item\":\"https:\\\/\\\/www.respirelavie.fr\\\/poitiers\\\/\"},{\"@type\":\"ListItem\",\"position\":2,\"name\":\"L&rsquo;\u00c2me&rsquo;Ethisme\"}]},{\"@type\":\"WebSite\",\"@id\":\"https:\\\/\\\/www.respirelavie.fr\\\/poitiers\\\/#website\",\"url\":\"https:\\\/\\\/www.respirelavie.fr\\\/poitiers\\\/\",\"name\":\"Salon RESPIRE LA VIE Poitiers\",\"description\":\"RESPIRE : votre salon bio, bien-\u00eatre et habitat sain \u00e0 Poitiers\",\"publisher\":{\"@id\":\"https:\\\/\\\/www.respirelavie.fr\\\/poitiers\\\/#organization\"},\"potentialAction\":[{\"@type\":\"SearchAction\",\"target\":{\"@type\":\"EntryPoint\",\"urlTemplate\":\"https:\\\/\\\/www.respirelavie.fr\\\/poitiers\\\/?s={search_term_string}\"},\"query-input\":{\"@type\":\"PropertyValueSpecification\",\"valueRequired\":true,\"valueName\":\"search_term_string\"}}],\"inLanguage\":\"fr-FR\"},{\"@type\":\"Organization\",\"@id\":\"https:\\\/\\\/www.respirelavie.fr\\\/poitiers\\\/#organization\",\"name\":\"Salon RESPIRE LA VIE Poitiers\",\"url\":\"https:\\\/\\\/www.respirelavie.fr\\\/poitiers\\\/\",\"logo\":{\"@type\":\"ImageObject\",\"inLanguage\":\"fr-FR\",\"@id\":\"https:\\\/\\\/www.respirelavie.fr\\\/poitiers\\\/#\\\/schema\\\/logo\\\/image\\\/\",\"url\":\"https:\\\/\\\/www.respirelavie.fr\\\/poitiers\\\/wp-content\\\/uploads\\\/sites\\\/3\\\/2024\\\/03\\\/Logo-RESPIRE-LA-VIE-poitiers.jpg\",\"contentUrl\":\"https:\\\/\\\/www.respirelavie.fr\\\/poitiers\\\/wp-content\\\/uploads\\\/sites\\\/3\\\/2024\\\/03\\\/Logo-RESPIRE-LA-VIE-poitiers.jpg\",\"width\":470,\"height\":262,\"caption\":\"Salon RESPIRE LA VIE Poitiers\"},\"image\":{\"@id\":\"https:\\\/\\\/www.respirelavie.fr\\\/poitiers\\\/#\\\/schema\\\/logo\\\/image\\\/\"}},{\"@type\":\"Person\",\"@id\":\"https:\\\/\\\/www.respirelavie.fr\\\/poitiers\\\/#\\\/schema\\\/person\\\/773bfe7c31181098698bacd32c5d233c\",\"name\":\"communication\",\"image\":{\"@type\":\"ImageObject\",\"inLanguage\":\"fr-FR\",\"@id\":\"https:\\\/\\\/secure.gravatar.com\\\/avatar\\\/0f49d5b7ab56355ffa797b3ce25e4f2375cedf6bc9afe416fe669342c3524275?s=96&d=mm&r=g\",\"url\":\"https:\\\/\\\/secure.gravatar.com\\\/avatar\\\/0f49d5b7ab56355ffa797b3ce25e4f2375cedf6bc9afe416fe669342c3524275?s=96&d=mm&r=g\",\"contentUrl\":\"https:\\\/\\\/secure.gravatar.com\\\/avatar\\\/0f49d5b7ab56355ffa797b3ce25e4f2375cedf6bc9afe416fe669342c3524275?s=96&d=mm&r=g\",\"caption\":\"communication\"},\"url\":\"https:\\\/\\\/www.respirelavie.fr\\\/poitiers\\\/blog\\\/author\\\/communication\\\/\"}]}<\/script>\n<!-- \/ Yoast SEO plugin. -->","yoast_head_json":{"title":"L'\u00c2me'Ethisme - Salon RESPIRE LA VIE Poitiers","description":"Venez d\u00e9couvrir pour la premi\u00e8re fois L'\u00c2me'Ethisme lors du salon Respire La Vie Poitiers du 23 au 25 septembre 2022 !","robots":{"index":"index","follow":"follow","max-snippet":"max-snippet:-1","max-image-preview":"max-image-preview:large","max-video-preview":"max-video-preview:-1"},"canonical":"https:\/\/www.respirelavie.fr\/poitiers\/blog\/2022\/09\/19\/lameethisme\/","og_locale":"fr_FR","og_type":"article","og_title":"L'\u00c2me'Ethisme - Salon RESPIRE LA VIE Poitiers","og_description":"Venez d\u00e9couvrir pour la premi\u00e8re fois L'\u00c2me'Ethisme lors du salon Respire La Vie Poitiers du 23 au 25 septembre 2022 !","og_url":"https:\/\/www.respirelavie.fr\/poitiers\/blog\/2022\/09\/19\/lameethisme\/","og_site_name":"Salon RESPIRE LA VIE Poitiers","article_published_time":"2022-09-19T12:17:29+00:00","og_image":[{"width":957,"height":592,"url":"https:\/\/www.respirelavie.fr\/poitiers\/wp-content\/uploads\/sites\/3\/2022\/09\/1663531941-file1-LAmeEthisme-Google-Chrome.jpeg","type":"image\/jpeg"}],"author":"communication","twitter_card":"summary_large_image","twitter_misc":{"\u00c9crit par":"communication","Dur\u00e9e de lecture estim\u00e9e":"1 minute"},"schema":{"@context":"https:\/\/schema.org","@graph":[{"@type":"Article","@id":"https:\/\/www.respirelavie.fr\/poitiers\/blog\/2022\/09\/19\/lameethisme\/#article","isPartOf":{"@id":"https:\/\/www.respirelavie.fr\/poitiers\/blog\/2022\/09\/19\/lameethisme\/"},"author":{"name":"communication","@id":"https:\/\/www.respirelavie.fr\/poitiers\/#\/schema\/person\/773bfe7c31181098698bacd32c5d233c"},"headline":"L&rsquo;\u00c2me&rsquo;Ethisme","datePublished":"2022-09-19T12:17:29+00:00","mainEntityOfPage":{"@id":"https:\/\/www.respirelavie.fr\/poitiers\/blog\/2022\/09\/19\/lameethisme\/"},"wordCount":252,"publisher":{"@id":"https:\/\/www.respirelavie.fr\/poitiers\/#organization"},"image":{"@id":"https:\/\/www.respirelavie.fr\/poitiers\/blog\/2022\/09\/19\/lameethisme\/#primaryimage"},"thumbnailUrl":"https:\/\/www.respirelavie.fr\/poitiers\/wp-content\/uploads\/sites\/3\/2022\/09\/1663531941-file1-LAmeEthisme-Google-Chrome.jpeg","articleSection":["portrait exposant"],"inLanguage":"fr-FR"},{"@type":"WebPage","@id":"https:\/\/www.respirelavie.fr\/poitiers\/blog\/2022\/09\/19\/lameethisme\/","url":"https:\/\/www.respirelavie.fr\/poitiers\/blog\/2022\/09\/19\/lameethisme\/","name":"L'\u00c2me'Ethisme - Salon RESPIRE LA VIE Poitiers","isPartOf":{"@id":"https:\/\/www.respirelavie.fr\/poitiers\/#website"},"primaryImageOfPage":{"@id":"https:\/\/www.respirelavie.fr\/poitiers\/blog\/2022\/09\/19\/lameethisme\/#primaryimage"},"image":{"@id":"https:\/\/www.respirelavie.fr\/poitiers\/blog\/2022\/09\/19\/lameethisme\/#primaryimage"},"thumbnailUrl":"https:\/\/www.respirelavie.fr\/poitiers\/wp-content\/uploads\/sites\/3\/2022\/09\/1663531941-file1-LAmeEthisme-Google-Chrome.jpeg","datePublished":"2022-09-19T12:17:29+00:00","description":"Venez d\u00e9couvrir pour la premi\u00e8re fois L'\u00c2me'Ethisme lors du salon Respire La Vie Poitiers du 23 au 25 septembre 2022 !","breadcrumb":{"@id":"https:\/\/www.respirelavie.fr\/poitiers\/blog\/2022\/09\/19\/lameethisme\/#breadcrumb"},"inLanguage":"fr-FR","potentialAction":[{"@type":"ReadAction","target":["https:\/\/www.respirelavie.fr\/poitiers\/blog\/2022\/09\/19\/lameethisme\/"]}]},{"@type":"ImageObject","inLanguage":"fr-FR","@id":"https:\/\/www.respirelavie.fr\/poitiers\/blog\/2022\/09\/19\/lameethisme\/#primaryimage","url":"https:\/\/www.respirelavie.fr\/poitiers\/wp-content\/uploads\/sites\/3\/2022\/09\/1663531941-file1-LAmeEthisme-Google-Chrome.jpeg","contentUrl":"https:\/\/www.respirelavie.fr\/poitiers\/wp-content\/uploads\/sites\/3\/2022\/09\/1663531941-file1-LAmeEthisme-Google-Chrome.jpeg","width":957,"height":592,"caption":"L'\u00c2me'Ethisme Avant"},{"@type":"BreadcrumbList","@id":"https:\/\/www.respirelavie.fr\/poitiers\/blog\/2022\/09\/19\/lameethisme\/#breadcrumb","itemListElement":[{"@type":"ListItem","position":1,"name":"Accueil","item":"https:\/\/www.respirelavie.fr\/poitiers\/"},{"@type":"ListItem","position":2,"name":"L&rsquo;\u00c2me&rsquo;Ethisme"}]},{"@type":"WebSite","@id":"https:\/\/www.respirelavie.fr\/poitiers\/#website","url":"https:\/\/www.respirelavie.fr\/poitiers\/","name":"Salon RESPIRE LA VIE Poitiers","description":"RESPIRE : votre salon bio, bien-\u00eatre et habitat sain \u00e0 Poitiers","publisher":{"@id":"https:\/\/www.respirelavie.fr\/poitiers\/#organization"},"potentialAction":[{"@type":"SearchAction","target":{"@type":"EntryPoint","urlTemplate":"https:\/\/www.respirelavie.fr\/poitiers\/?s={search_term_string}"},"query-input":{"@type":"PropertyValueSpecification","valueRequired":true,"valueName":"search_term_string"}}],"inLanguage":"fr-FR"},{"@type":"Organization","@id":"https:\/\/www.respirelavie.fr\/poitiers\/#organization","name":"Salon RESPIRE LA VIE Poitiers","url":"https:\/\/www.respirelavie.fr\/poitiers\/","logo":{"@type":"ImageObject","inLanguage":"fr-FR","@id":"https:\/\/www.respirelavie.fr\/poitiers\/#\/schema\/logo\/image\/","url":"https:\/\/www.respirelavie.fr\/poitiers\/wp-content\/uploads\/sites\/3\/2024\/03\/Logo-RESPIRE-LA-VIE-poitiers.jpg","contentUrl":"https:\/\/www.respirelavie.fr\/poitiers\/wp-content\/uploads\/sites\/3\/2024\/03\/Logo-RESPIRE-LA-VIE-poitiers.jpg","width":470,"height":262,"caption":"Salon RESPIRE LA VIE Poitiers"},"image":{"@id":"https:\/\/www.respirelavie.fr\/poitiers\/#\/schema\/logo\/image\/"}},{"@type":"Person","@id":"https:\/\/www.respirelavie.fr\/poitiers\/#\/schema\/person\/773bfe7c31181098698bacd32c5d233c","name":"communication","image":{"@type":"ImageObject","inLanguage":"fr-FR","@id":"https:\/\/secure.gravatar.com\/avatar\/0f49d5b7ab56355ffa797b3ce25e4f2375cedf6bc9afe416fe669342c3524275?s=96&d=mm&r=g","url":"https:\/\/secure.gravatar.com\/avatar\/0f49d5b7ab56355ffa797b3ce25e4f2375cedf6bc9afe416fe669342c3524275?s=96&d=mm&r=g","contentUrl":"https:\/\/secure.gravatar.com\/avatar\/0f49d5b7ab56355ffa797b3ce25e4f2375cedf6bc9afe416fe669342c3524275?s=96&d=mm&r=g","caption":"communication"},"url":"https:\/\/www.respirelavie.fr\/poitiers\/blog\/author\/communication\/"}]}},"_links":{"self":[{"href":"https:\/\/www.respirelavie.fr\/poitiers\/wp-json\/wp\/v2\/posts\/9179","targetHints":{"allow":["GET"]}}],"collection":[{"href":"https:\/\/www.respirelavie.fr\/poitiers\/wp-json\/wp\/v2\/posts"}],"about":[{"href":"https:\/\/www.respirelavie.fr\/poitiers\/wp-json\/wp\/v2\/types\/post"}],"author":[{"embeddable":true,"href":"https:\/\/www.respirelavie.fr\/poitiers\/wp-json\/wp\/v2\/users\/5"}],"replies":[{"embeddable":true,"href":"https:\/\/www.respirelavie.fr\/poitiers\/wp-json\/wp\/v2\/comments?post=9179"}],"version-history":[{"count":0,"href":"https:\/\/www.respirelavie.fr\/poitiers\/wp-json\/wp\/v2\/posts\/9179\/revisions"}],"wp:featuredmedia":[{"embeddable":true,"href":"https:\/\/www.respirelavie.fr\/poitiers\/wp-json\/wp\/v2\/media\/9181"}],"wp:attachment":[{"href":"https:\/\/www.respirelavie.fr\/poitiers\/wp-json\/wp\/v2\/media?parent=9179"}],"wp:term":[{"taxonomy":"category","embeddable":true,"href":"https:\/\/www.respirelavie.fr\/poitiers\/wp-json\/wp\/v2\/categories?post=9179"},{"taxonomy":"post_tag","embeddable":true,"href":"https:\/\/www.respirelavie.fr\/poitiers\/wp-json\/wp\/v2\/tags?post=9179"}],"curies":[{"name":"wp","href":"https:\/\/api.w.org\/{rel}","templated":true}]}}