{"id":10176,"date":"2024-02-06T16:54:56","date_gmt":"2024-02-06T15:54:56","guid":{"rendered":"https:\/\/www.respirelavie.fr\/rennes\/?p=10176"},"modified":"2024-02-06T17:11:29","modified_gmt":"2024-02-06T16:11:29","slug":"sarl-head-balance","status":"publish","type":"post","link":"https:\/\/www.respirelavie.fr\/rennes\/blog\/2024\/02\/06\/sarl-head-balance\/","title":{"rendered":"SARL Head-Balance"},"content":{"rendered":"<h2>Pr\u00e9sentez-vous en quelques mots<\/h2>\n<p><span id=\"p0\">En tant que <span id=\"5\">Heilpraktiker<\/span>, hom\u00e9opathie\u00a0<span id=\"6\">uniciste<\/span>, conf\u00e9rencier, formateur en \u00e9quilibre postural selon <span id=\"8\">AP<\/span>, je me suis sp\u00e9cialis\u00e9 sur tous les probl\u00e8mes li\u00e9s \u00e0 des contractions musculaires du\u00a0<span id=\"9\">corps<\/span> &#8220;migraines, c\u00e9phal\u00e9es, n\u00e9vralgie, bruxisme, trismus, <span id=\"10\">dysfonctionnement<\/span>\u00a0de l&#8217;appareil manducateur, luxations, ronflement, acouph\u00e8nes, probl\u00e8mes articulaires et tendinites&#8221;<\/span><\/p>\n<p><img decoding=\"async\" class=\" wp-image-10177 alignleft\" src=\"https:\/\/www.respirelavie.fr\/rennes\/wp-content\/uploads\/sites\/5\/2024\/01\/1704739425-file2-medaille-federation-sport.png\" alt=\"SARL Head-Balance - m\u00e9daille\" width=\"174\" height=\"177\" srcset=\"https:\/\/www.respirelavie.fr\/rennes\/wp-content\/uploads\/sites\/5\/2024\/01\/1704739425-file2-medaille-federation-sport.png 105w, https:\/\/www.respirelavie.fr\/rennes\/wp-content\/uploads\/sites\/5\/2024\/01\/1704739425-file2-medaille-federation-sport-45x45.png 45w\" sizes=\"(max-width: 174px) 100vw, 174px\" \/><\/p>\n<p><span id=\"p1\">Je suis l&#8217;inventeur de l&#8217;appareil de gymnastique buccal\u00a0<span id=\"11\">Head-Balance<\/span>\u00a0<\/span><span id=\"p3\">en 2003, qui a eu la m\u00e9daille d&#8217;or au Concours\u00a0<span id=\"16\">L\u00e9pine<\/span>\u00a0en 2005 et m\u00e9daill\u00e9 par la Soci\u00e9t\u00e9 Fran\u00e7aise de M\u00e9decine du sport.<\/span><\/p>\n<h2><\/h2>\n<h2><\/h2>\n<h2><\/h2>\n<p>&nbsp;<\/p>\n<p>&nbsp;<\/p>\n<h2>Que propose SARL Head-Balance sur le salon ?<\/h2>\n<p><img decoding=\"async\" class=\" wp-image-10178 alignleft\" src=\"https:\/\/www.respirelavie.fr\/rennes\/wp-content\/uploads\/sites\/5\/2024\/01\/1704739425-file1-BOITE-ET-APPAREIL-HB-300x211.jpg\" alt=\"SARL Head-Balance - appareil de gymnastique buccal\" width=\"215\" height=\"151\" srcset=\"https:\/\/www.respirelavie.fr\/rennes\/wp-content\/uploads\/sites\/5\/2024\/01\/1704739425-file1-BOITE-ET-APPAREIL-HB-300x211.jpg 300w, https:\/\/www.respirelavie.fr\/rennes\/wp-content\/uploads\/sites\/5\/2024\/01\/1704739425-file1-BOITE-ET-APPAREIL-HB-150x106.jpg 150w, https:\/\/www.respirelavie.fr\/rennes\/wp-content\/uploads\/sites\/5\/2024\/01\/1704739425-file1-BOITE-ET-APPAREIL-HB-500x352.jpg 500w, https:\/\/www.respirelavie.fr\/rennes\/wp-content\/uploads\/sites\/5\/2024\/01\/1704739425-file1-BOITE-ET-APPAREIL-HB.jpg 591w\" sizes=\"(max-width: 215px) 100vw, 215px\" \/><\/p>\n<p><span id=\"p22\">Un\u00a0<a href=\"https:\/\/www.head-balance.com\/\" target=\"_blank\" rel=\"noopener\">appareil de gymnastique buccal<\/a>\u00a0<span id=\"28\">Head-Balance et une <\/span>conf\u00e9rence sur &#8220;<\/span>Comment agir contre les tensions musculaires de la t\u00eate, de la nuque et du dos.&#8221;<\/p>\n<p><span id=\"p25\">Dans cette conf\u00e9rence, monsieur Pfennig explique le lien entre les points de douleurs et leurs origines, ainsi que des solutions simples et efficaces.<\/span><\/p>\n<p><span id=\"p26\">Des d\u00e9monstrations seront faites sur place.<\/span><\/p>\n<h2>Parlez-nous de votre relation avec le salon<\/h2>\n<p>Depuis 20 ann\u00e9es, je fais des salons sur l&#8217;ensemble de la France notamment avec la\u00a0<span id=\"36\">SPAS<\/span> o\u00f9 r\u00e8gne une tr\u00e8s bonne ambiance.<\/p>\n<h2>Quelle est votre devise ?<\/h2>\n<p><span id=\"p44\">Pour tout probl\u00e8me, il existe toujours une solution, il faut juste la trouver, si on cherche, on trouve.<\/span><br \/>\n<span id=\"p41\">J&#8217;ai cherch\u00e9 toute ma vie.<\/span><\/p>\n<p class=\"p1\"><span class=\"s1\"><a href=\"https:\/\/www.respirelavie.fr\/rennes\/visiter\/liste-des-exposants\/\" target=\"_blank\" rel=\"noopener\"><i>Consultez la liste des exposants<\/i><\/a><\/span><\/p>\n","protected":false},"excerpt":{"rendered":"<p>Pr\u00e9sentez-vous en quelques mots En tant que Heilpraktiker, hom\u00e9opathie\u00a0uniciste, conf\u00e9rencier, formateur en \u00e9quilibre postural selon AP, je me suis sp\u00e9cialis\u00e9 sur tous les probl\u00e8mes li\u00e9s \u00e0 des contractions musculaires du\u00a0corps &#8220;migraines, c\u00e9phal\u00e9es, n\u00e9vralgie, bruxisme, trismus, dysfonctionnement\u00a0de l&#8217;appareil manducateur, luxations, ronflement, acouph\u00e8nes, probl\u00e8mes articulaires et tendinites&#8221; Je suis l&#8217;inventeur de l&#8217;appareil de gymnastique buccal\u00a0Head-Balance\u00a0en 2003, qui&hellip; <\/p>\n","protected":false},"author":5,"featured_media":10178,"comment_status":"closed","ping_status":"open","sticky":false,"template":"","format":"standard","meta":{"_monsterinsights_skip_tracking":false,"_monsterinsights_sitenote_active":false,"_monsterinsights_sitenote_note":"","_monsterinsights_sitenote_category":0,"footnotes":""},"categories":[358],"tags":[],"class_list":["post-10176","post","type-post","status-publish","format-standard","has-post-thumbnail","hentry","category-portraits-exposants"],"yoast_head":"<!-- This site is optimized with the Yoast SEO plugin v27.3 - https:\/\/yoast.com\/product\/yoast-seo-wordpress\/ -->\n<title>SARL Head-Balance - Respire La Vie Rennes<\/title>\n<meta name=\"description\" content=\"Venez d\u00e9couvrir ou red\u00e9couvrir SARL Head-Balance lors du salon Respire la Vie Rennes du 16 au 18 janvier 2024 !\" \/>\n<meta name=\"robots\" content=\"index, follow, max-snippet:-1, max-image-preview:large, max-video-preview:-1\" \/>\n<link rel=\"canonical\" href=\"https:\/\/www.respirelavie.fr\/rennes\/blog\/2024\/02\/06\/sarl-head-balance\/\" \/>\n<meta property=\"og:locale\" content=\"fr_FR\" \/>\n<meta property=\"og:type\" content=\"article\" \/>\n<meta property=\"og:title\" content=\"SARL Head-Balance - Respire La Vie Rennes\" \/>\n<meta property=\"og:description\" content=\"Venez d\u00e9couvrir ou red\u00e9couvrir SARL Head-Balance lors du salon Respire la Vie Rennes du 16 au 18 janvier 2024 !\" \/>\n<meta property=\"og:url\" content=\"https:\/\/www.respirelavie.fr\/rennes\/blog\/2024\/02\/06\/sarl-head-balance\/\" \/>\n<meta property=\"og:site_name\" content=\"Respire La Vie Rennes\" \/>\n<meta property=\"article:published_time\" content=\"2024-02-06T15:54:56+00:00\" \/>\n<meta property=\"article:modified_time\" content=\"2024-02-06T16:11:29+00:00\" \/>\n<meta property=\"og:image\" content=\"https:\/\/www.respirelavie.fr\/rennes\/wp-content\/uploads\/sites\/5\/2024\/01\/1704739425-file1-BOITE-ET-APPAREIL-HB.jpg\" \/>\n\t<meta property=\"og:image:width\" content=\"591\" \/>\n\t<meta property=\"og:image:height\" content=\"416\" \/>\n\t<meta property=\"og:image:type\" content=\"image\/jpeg\" \/>\n<meta name=\"author\" content=\"communication\" \/>\n<meta name=\"twitter:card\" content=\"summary_large_image\" \/>\n<meta name=\"twitter:label1\" content=\"\u00c9crit par\" \/>\n\t<meta name=\"twitter:data1\" content=\"communication\" \/>\n\t<meta name=\"twitter:label2\" content=\"Dur\u00e9e de lecture estim\u00e9e\" \/>\n\t<meta name=\"twitter:data2\" content=\"2 minutes\" \/>\n<script type=\"application\/ld+json\" class=\"yoast-schema-graph\">{\"@context\":\"https:\\\/\\\/schema.org\",\"@graph\":[{\"@type\":\"Article\",\"@id\":\"https:\\\/\\\/www.respirelavie.fr\\\/rennes\\\/blog\\\/2024\\\/02\\\/06\\\/sarl-head-balance\\\/#article\",\"isPartOf\":{\"@id\":\"https:\\\/\\\/www.respirelavie.fr\\\/rennes\\\/blog\\\/2024\\\/02\\\/06\\\/sarl-head-balance\\\/\"},\"author\":{\"name\":\"communication\",\"@id\":\"https:\\\/\\\/www.respirelavie.fr\\\/rennes\\\/#\\\/schema\\\/person\\\/773bfe7c31181098698bacd32c5d233c\"},\"headline\":\"SARL Head-Balance\",\"datePublished\":\"2024-02-06T15:54:56+00:00\",\"dateModified\":\"2024-02-06T16:11:29+00:00\",\"mainEntityOfPage\":{\"@id\":\"https:\\\/\\\/www.respirelavie.fr\\\/rennes\\\/blog\\\/2024\\\/02\\\/06\\\/sarl-head-balance\\\/\"},\"wordCount\":233,\"publisher\":{\"@id\":\"https:\\\/\\\/www.respirelavie.fr\\\/rennes\\\/#organization\"},\"image\":{\"@id\":\"https:\\\/\\\/www.respirelavie.fr\\\/rennes\\\/blog\\\/2024\\\/02\\\/06\\\/sarl-head-balance\\\/#primaryimage\"},\"thumbnailUrl\":\"https:\\\/\\\/www.respirelavie.fr\\\/rennes\\\/wp-content\\\/uploads\\\/sites\\\/5\\\/2024\\\/01\\\/1704739425-file1-BOITE-ET-APPAREIL-HB.jpg\",\"articleSection\":[\"Portraits d'exposants\"],\"inLanguage\":\"fr-FR\"},{\"@type\":\"WebPage\",\"@id\":\"https:\\\/\\\/www.respirelavie.fr\\\/rennes\\\/blog\\\/2024\\\/02\\\/06\\\/sarl-head-balance\\\/\",\"url\":\"https:\\\/\\\/www.respirelavie.fr\\\/rennes\\\/blog\\\/2024\\\/02\\\/06\\\/sarl-head-balance\\\/\",\"name\":\"SARL Head-Balance - Respire La Vie Rennes\",\"isPartOf\":{\"@id\":\"https:\\\/\\\/www.respirelavie.fr\\\/rennes\\\/#website\"},\"primaryImageOfPage\":{\"@id\":\"https:\\\/\\\/www.respirelavie.fr\\\/rennes\\\/blog\\\/2024\\\/02\\\/06\\\/sarl-head-balance\\\/#primaryimage\"},\"image\":{\"@id\":\"https:\\\/\\\/www.respirelavie.fr\\\/rennes\\\/blog\\\/2024\\\/02\\\/06\\\/sarl-head-balance\\\/#primaryimage\"},\"thumbnailUrl\":\"https:\\\/\\\/www.respirelavie.fr\\\/rennes\\\/wp-content\\\/uploads\\\/sites\\\/5\\\/2024\\\/01\\\/1704739425-file1-BOITE-ET-APPAREIL-HB.jpg\",\"datePublished\":\"2024-02-06T15:54:56+00:00\",\"dateModified\":\"2024-02-06T16:11:29+00:00\",\"description\":\"Venez d\u00e9couvrir ou red\u00e9couvrir SARL Head-Balance lors du salon Respire la Vie Rennes du 16 au 18 janvier 2024 !\",\"breadcrumb\":{\"@id\":\"https:\\\/\\\/www.respirelavie.fr\\\/rennes\\\/blog\\\/2024\\\/02\\\/06\\\/sarl-head-balance\\\/#breadcrumb\"},\"inLanguage\":\"fr-FR\",\"potentialAction\":[{\"@type\":\"ReadAction\",\"target\":[\"https:\\\/\\\/www.respirelavie.fr\\\/rennes\\\/blog\\\/2024\\\/02\\\/06\\\/sarl-head-balance\\\/\"]}]},{\"@type\":\"ImageObject\",\"inLanguage\":\"fr-FR\",\"@id\":\"https:\\\/\\\/www.respirelavie.fr\\\/rennes\\\/blog\\\/2024\\\/02\\\/06\\\/sarl-head-balance\\\/#primaryimage\",\"url\":\"https:\\\/\\\/www.respirelavie.fr\\\/rennes\\\/wp-content\\\/uploads\\\/sites\\\/5\\\/2024\\\/01\\\/1704739425-file1-BOITE-ET-APPAREIL-HB.jpg\",\"contentUrl\":\"https:\\\/\\\/www.respirelavie.fr\\\/rennes\\\/wp-content\\\/uploads\\\/sites\\\/5\\\/2024\\\/01\\\/1704739425-file1-BOITE-ET-APPAREIL-HB.jpg\",\"width\":591,\"height\":416,\"caption\":\"SARL Head-Balance - appareil de gymnastique buccal\"},{\"@type\":\"BreadcrumbList\",\"@id\":\"https:\\\/\\\/www.respirelavie.fr\\\/rennes\\\/blog\\\/2024\\\/02\\\/06\\\/sarl-head-balance\\\/#breadcrumb\",\"itemListElement\":[{\"@type\":\"ListItem\",\"position\":1,\"name\":\"Accueil\",\"item\":\"https:\\\/\\\/www.respirelavie.fr\\\/rennes\\\/\"},{\"@type\":\"ListItem\",\"position\":2,\"name\":\"SARL Head-Balance\"}]},{\"@type\":\"WebSite\",\"@id\":\"https:\\\/\\\/www.respirelavie.fr\\\/rennes\\\/#website\",\"url\":\"https:\\\/\\\/www.respirelavie.fr\\\/rennes\\\/\",\"name\":\"Respire La Vie Rennes\",\"description\":\"Respire La Vie Rennes : votre salon \u00e9colo, bio, bien-\u00eatre et habitat sain \u00e0 Rennes\",\"publisher\":{\"@id\":\"https:\\\/\\\/www.respirelavie.fr\\\/rennes\\\/#organization\"},\"potentialAction\":[{\"@type\":\"SearchAction\",\"target\":{\"@type\":\"EntryPoint\",\"urlTemplate\":\"https:\\\/\\\/www.respirelavie.fr\\\/rennes\\\/?s={search_term_string}\"},\"query-input\":{\"@type\":\"PropertyValueSpecification\",\"valueRequired\":true,\"valueName\":\"search_term_string\"}}],\"inLanguage\":\"fr-FR\"},{\"@type\":\"Organization\",\"@id\":\"https:\\\/\\\/www.respirelavie.fr\\\/rennes\\\/#organization\",\"name\":\"Respire La Vie Rennes\",\"url\":\"https:\\\/\\\/www.respirelavie.fr\\\/rennes\\\/\",\"logo\":{\"@type\":\"ImageObject\",\"inLanguage\":\"fr-FR\",\"@id\":\"https:\\\/\\\/www.respirelavie.fr\\\/rennes\\\/#\\\/schema\\\/logo\\\/image\\\/\",\"url\":\"https:\\\/\\\/www.respirelavie.fr\\\/rennes\\\/wp-content\\\/uploads\\\/sites\\\/5\\\/2025\\\/11\\\/cropped-Logo-RESPIRE-rennes-2026.png\",\"contentUrl\":\"https:\\\/\\\/www.respirelavie.fr\\\/rennes\\\/wp-content\\\/uploads\\\/sites\\\/5\\\/2025\\\/11\\\/cropped-Logo-RESPIRE-rennes-2026.png\",\"width\":921,\"height\":255,\"caption\":\"Respire La Vie Rennes\"},\"image\":{\"@id\":\"https:\\\/\\\/www.respirelavie.fr\\\/rennes\\\/#\\\/schema\\\/logo\\\/image\\\/\"}},{\"@type\":\"Person\",\"@id\":\"https:\\\/\\\/www.respirelavie.fr\\\/rennes\\\/#\\\/schema\\\/person\\\/773bfe7c31181098698bacd32c5d233c\",\"name\":\"communication\",\"image\":{\"@type\":\"ImageObject\",\"inLanguage\":\"fr-FR\",\"@id\":\"https:\\\/\\\/secure.gravatar.com\\\/avatar\\\/0f49d5b7ab56355ffa797b3ce25e4f2375cedf6bc9afe416fe669342c3524275?s=96&d=mm&r=g\",\"url\":\"https:\\\/\\\/secure.gravatar.com\\\/avatar\\\/0f49d5b7ab56355ffa797b3ce25e4f2375cedf6bc9afe416fe669342c3524275?s=96&d=mm&r=g\",\"contentUrl\":\"https:\\\/\\\/secure.gravatar.com\\\/avatar\\\/0f49d5b7ab56355ffa797b3ce25e4f2375cedf6bc9afe416fe669342c3524275?s=96&d=mm&r=g\",\"caption\":\"communication\"},\"url\":\"https:\\\/\\\/www.respirelavie.fr\\\/rennes\\\/blog\\\/author\\\/communication\\\/\"}]}<\/script>\n<!-- \/ Yoast SEO plugin. -->","yoast_head_json":{"title":"SARL Head-Balance - Respire La Vie Rennes","description":"Venez d\u00e9couvrir ou red\u00e9couvrir SARL Head-Balance lors du salon Respire la Vie Rennes du 16 au 18 janvier 2024 !","robots":{"index":"index","follow":"follow","max-snippet":"max-snippet:-1","max-image-preview":"max-image-preview:large","max-video-preview":"max-video-preview:-1"},"canonical":"https:\/\/www.respirelavie.fr\/rennes\/blog\/2024\/02\/06\/sarl-head-balance\/","og_locale":"fr_FR","og_type":"article","og_title":"SARL Head-Balance - Respire La Vie Rennes","og_description":"Venez d\u00e9couvrir ou red\u00e9couvrir SARL Head-Balance lors du salon Respire la Vie Rennes du 16 au 18 janvier 2024 !","og_url":"https:\/\/www.respirelavie.fr\/rennes\/blog\/2024\/02\/06\/sarl-head-balance\/","og_site_name":"Respire La Vie Rennes","article_published_time":"2024-02-06T15:54:56+00:00","article_modified_time":"2024-02-06T16:11:29+00:00","og_image":[{"width":591,"height":416,"url":"https:\/\/www.respirelavie.fr\/rennes\/wp-content\/uploads\/sites\/5\/2024\/01\/1704739425-file1-BOITE-ET-APPAREIL-HB.jpg","type":"image\/jpeg"}],"author":"communication","twitter_card":"summary_large_image","twitter_misc":{"\u00c9crit par":"communication","Dur\u00e9e de lecture estim\u00e9e":"2 minutes"},"schema":{"@context":"https:\/\/schema.org","@graph":[{"@type":"Article","@id":"https:\/\/www.respirelavie.fr\/rennes\/blog\/2024\/02\/06\/sarl-head-balance\/#article","isPartOf":{"@id":"https:\/\/www.respirelavie.fr\/rennes\/blog\/2024\/02\/06\/sarl-head-balance\/"},"author":{"name":"communication","@id":"https:\/\/www.respirelavie.fr\/rennes\/#\/schema\/person\/773bfe7c31181098698bacd32c5d233c"},"headline":"SARL Head-Balance","datePublished":"2024-02-06T15:54:56+00:00","dateModified":"2024-02-06T16:11:29+00:00","mainEntityOfPage":{"@id":"https:\/\/www.respirelavie.fr\/rennes\/blog\/2024\/02\/06\/sarl-head-balance\/"},"wordCount":233,"publisher":{"@id":"https:\/\/www.respirelavie.fr\/rennes\/#organization"},"image":{"@id":"https:\/\/www.respirelavie.fr\/rennes\/blog\/2024\/02\/06\/sarl-head-balance\/#primaryimage"},"thumbnailUrl":"https:\/\/www.respirelavie.fr\/rennes\/wp-content\/uploads\/sites\/5\/2024\/01\/1704739425-file1-BOITE-ET-APPAREIL-HB.jpg","articleSection":["Portraits d'exposants"],"inLanguage":"fr-FR"},{"@type":"WebPage","@id":"https:\/\/www.respirelavie.fr\/rennes\/blog\/2024\/02\/06\/sarl-head-balance\/","url":"https:\/\/www.respirelavie.fr\/rennes\/blog\/2024\/02\/06\/sarl-head-balance\/","name":"SARL Head-Balance - Respire La Vie Rennes","isPartOf":{"@id":"https:\/\/www.respirelavie.fr\/rennes\/#website"},"primaryImageOfPage":{"@id":"https:\/\/www.respirelavie.fr\/rennes\/blog\/2024\/02\/06\/sarl-head-balance\/#primaryimage"},"image":{"@id":"https:\/\/www.respirelavie.fr\/rennes\/blog\/2024\/02\/06\/sarl-head-balance\/#primaryimage"},"thumbnailUrl":"https:\/\/www.respirelavie.fr\/rennes\/wp-content\/uploads\/sites\/5\/2024\/01\/1704739425-file1-BOITE-ET-APPAREIL-HB.jpg","datePublished":"2024-02-06T15:54:56+00:00","dateModified":"2024-02-06T16:11:29+00:00","description":"Venez d\u00e9couvrir ou red\u00e9couvrir SARL Head-Balance lors du salon Respire la Vie Rennes du 16 au 18 janvier 2024 !","breadcrumb":{"@id":"https:\/\/www.respirelavie.fr\/rennes\/blog\/2024\/02\/06\/sarl-head-balance\/#breadcrumb"},"inLanguage":"fr-FR","potentialAction":[{"@type":"ReadAction","target":["https:\/\/www.respirelavie.fr\/rennes\/blog\/2024\/02\/06\/sarl-head-balance\/"]}]},{"@type":"ImageObject","inLanguage":"fr-FR","@id":"https:\/\/www.respirelavie.fr\/rennes\/blog\/2024\/02\/06\/sarl-head-balance\/#primaryimage","url":"https:\/\/www.respirelavie.fr\/rennes\/wp-content\/uploads\/sites\/5\/2024\/01\/1704739425-file1-BOITE-ET-APPAREIL-HB.jpg","contentUrl":"https:\/\/www.respirelavie.fr\/rennes\/wp-content\/uploads\/sites\/5\/2024\/01\/1704739425-file1-BOITE-ET-APPAREIL-HB.jpg","width":591,"height":416,"caption":"SARL Head-Balance - appareil de gymnastique buccal"},{"@type":"BreadcrumbList","@id":"https:\/\/www.respirelavie.fr\/rennes\/blog\/2024\/02\/06\/sarl-head-balance\/#breadcrumb","itemListElement":[{"@type":"ListItem","position":1,"name":"Accueil","item":"https:\/\/www.respirelavie.fr\/rennes\/"},{"@type":"ListItem","position":2,"name":"SARL Head-Balance"}]},{"@type":"WebSite","@id":"https:\/\/www.respirelavie.fr\/rennes\/#website","url":"https:\/\/www.respirelavie.fr\/rennes\/","name":"Respire La Vie Rennes","description":"Respire La Vie Rennes : votre salon \u00e9colo, bio, bien-\u00eatre et habitat sain \u00e0 Rennes","publisher":{"@id":"https:\/\/www.respirelavie.fr\/rennes\/#organization"},"potentialAction":[{"@type":"SearchAction","target":{"@type":"EntryPoint","urlTemplate":"https:\/\/www.respirelavie.fr\/rennes\/?s={search_term_string}"},"query-input":{"@type":"PropertyValueSpecification","valueRequired":true,"valueName":"search_term_string"}}],"inLanguage":"fr-FR"},{"@type":"Organization","@id":"https:\/\/www.respirelavie.fr\/rennes\/#organization","name":"Respire La Vie Rennes","url":"https:\/\/www.respirelavie.fr\/rennes\/","logo":{"@type":"ImageObject","inLanguage":"fr-FR","@id":"https:\/\/www.respirelavie.fr\/rennes\/#\/schema\/logo\/image\/","url":"https:\/\/www.respirelavie.fr\/rennes\/wp-content\/uploads\/sites\/5\/2025\/11\/cropped-Logo-RESPIRE-rennes-2026.png","contentUrl":"https:\/\/www.respirelavie.fr\/rennes\/wp-content\/uploads\/sites\/5\/2025\/11\/cropped-Logo-RESPIRE-rennes-2026.png","width":921,"height":255,"caption":"Respire La Vie Rennes"},"image":{"@id":"https:\/\/www.respirelavie.fr\/rennes\/#\/schema\/logo\/image\/"}},{"@type":"Person","@id":"https:\/\/www.respirelavie.fr\/rennes\/#\/schema\/person\/773bfe7c31181098698bacd32c5d233c","name":"communication","image":{"@type":"ImageObject","inLanguage":"fr-FR","@id":"https:\/\/secure.gravatar.com\/avatar\/0f49d5b7ab56355ffa797b3ce25e4f2375cedf6bc9afe416fe669342c3524275?s=96&d=mm&r=g","url":"https:\/\/secure.gravatar.com\/avatar\/0f49d5b7ab56355ffa797b3ce25e4f2375cedf6bc9afe416fe669342c3524275?s=96&d=mm&r=g","contentUrl":"https:\/\/secure.gravatar.com\/avatar\/0f49d5b7ab56355ffa797b3ce25e4f2375cedf6bc9afe416fe669342c3524275?s=96&d=mm&r=g","caption":"communication"},"url":"https:\/\/www.respirelavie.fr\/rennes\/blog\/author\/communication\/"}]}},"_links":{"self":[{"href":"https:\/\/www.respirelavie.fr\/rennes\/wp-json\/wp\/v2\/posts\/10176","targetHints":{"allow":["GET"]}}],"collection":[{"href":"https:\/\/www.respirelavie.fr\/rennes\/wp-json\/wp\/v2\/posts"}],"about":[{"href":"https:\/\/www.respirelavie.fr\/rennes\/wp-json\/wp\/v2\/types\/post"}],"author":[{"embeddable":true,"href":"https:\/\/www.respirelavie.fr\/rennes\/wp-json\/wp\/v2\/users\/5"}],"replies":[{"embeddable":true,"href":"https:\/\/www.respirelavie.fr\/rennes\/wp-json\/wp\/v2\/comments?post=10176"}],"version-history":[{"count":6,"href":"https:\/\/www.respirelavie.fr\/rennes\/wp-json\/wp\/v2\/posts\/10176\/revisions"}],"predecessor-version":[{"id":10711,"href":"https:\/\/www.respirelavie.fr\/rennes\/wp-json\/wp\/v2\/posts\/10176\/revisions\/10711"}],"wp:featuredmedia":[{"embeddable":true,"href":"https:\/\/www.respirelavie.fr\/rennes\/wp-json\/wp\/v2\/media\/10178"}],"wp:attachment":[{"href":"https:\/\/www.respirelavie.fr\/rennes\/wp-json\/wp\/v2\/media?parent=10176"}],"wp:term":[{"taxonomy":"category","embeddable":true,"href":"https:\/\/www.respirelavie.fr\/rennes\/wp-json\/wp\/v2\/categories?post=10176"},{"taxonomy":"post_tag","embeddable":true,"href":"https:\/\/www.respirelavie.fr\/rennes\/wp-json\/wp\/v2\/tags?post=10176"}],"curies":[{"name":"wp","href":"https:\/\/api.w.org\/{rel}","templated":true}]}}