{"id":10181,"date":"2024-02-05T10:13:30","date_gmt":"2024-02-05T09:13:30","guid":{"rendered":"https:\/\/www.respirelavie.fr\/rennes\/?p=10181"},"modified":"2024-02-06T14:01:31","modified_gmt":"2024-02-06T13:01:31","slug":"chateau-pinet-la-roquette","status":"publish","type":"post","link":"https:\/\/www.respirelavie.fr\/rennes\/blog\/2024\/02\/05\/chateau-pinet-la-roquette\/","title":{"rendered":"Chateau Pinet la Roquette"},"content":{"rendered":"<h2>Pr\u00e9sentez-vous en quelques mots<\/h2>\n<p><img fetchpriority=\"high\" decoding=\"async\" class=\"size-medium wp-image-10182 aligncenter\" src=\"https:\/\/www.respirelavie.fr\/rennes\/wp-content\/uploads\/sites\/5\/2024\/01\/1704790346-file1-Famille-300x200.jpg\" alt=\"Chateau Pinet la Roquette - domaine\" width=\"300\" height=\"200\" srcset=\"https:\/\/www.respirelavie.fr\/rennes\/wp-content\/uploads\/sites\/5\/2024\/01\/1704790346-file1-Famille-300x200.jpg 300w, https:\/\/www.respirelavie.fr\/rennes\/wp-content\/uploads\/sites\/5\/2024\/01\/1704790346-file1-Famille-1024x683.jpg 1024w, https:\/\/www.respirelavie.fr\/rennes\/wp-content\/uploads\/sites\/5\/2024\/01\/1704790346-file1-Famille-768x512.jpg 768w, https:\/\/www.respirelavie.fr\/rennes\/wp-content\/uploads\/sites\/5\/2024\/01\/1704790346-file1-Famille-1536x1024.jpg 1536w, https:\/\/www.respirelavie.fr\/rennes\/wp-content\/uploads\/sites\/5\/2024\/01\/1704790346-file1-Famille-2048x1366.jpg 2048w, https:\/\/www.respirelavie.fr\/rennes\/wp-content\/uploads\/sites\/5\/2024\/01\/1704790346-file1-Famille-150x100.jpg 150w, https:\/\/www.respirelavie.fr\/rennes\/wp-content\/uploads\/sites\/5\/2024\/01\/1704790346-file1-Famille-500x333.jpg 500w\" sizes=\"(max-width: 300px) 100vw, 300px\" \/><\/p>\n<p><span id=\"p172\">Le Ch\u00e2teau\u00a0<span id=\"177\">Pinet<\/span> La Roquette est une histoire de passion, d&#8217;engagement, de partage et de convivialit\u00e9 qui a vu le jour, il y a deux ans maintenant, suite \u00e0 une reconversion d&#8217;<span id=\"178\">Anne-Emilie<\/span>.<\/span><span id=\"p184\"> <\/span><\/p>\n<p><span id=\"p184\">Avec David et nos trois filles Louise, Clotilde &amp; Agathe, nous avons eu un v\u00e9ritable coup de c\u0153ur pour ce domaine de 9ha lov\u00e9 dans un \u00e9crin de verdure, discr\u00e8tement cach\u00e9 entre deux vallons en bord d&#8217;estuaire de la Gironde.<\/span><span id=\"p174\">\u00a0<\/span><\/p>\n<p><span id=\"p174\">Nous avons fait nos valises de citadins et le pari fou de devenir vignerons en se lan\u00e7ant dans cette aventure familiale.<\/span><span id=\"p175\">\u00a0Je g\u00e8re la propri\u00e9t\u00e9 en travaillant du sol au verre et \u00e0 la commercialisation avec la grande aide de mon mari David, de Nina notre alternante\u00a0<span id=\"180\" class=\"s-rg\">vitioeno<\/span>\u00a0et de\u00a0<span id=\"181\" class=\"s-rg\">Thais<\/span>\u00a0notre assistante\u00a0<span id=\"182\" class=\"s-rg\">commerciale-marketing<\/span>.<\/span><span id=\"p185\">\u00a0<\/span><\/p>\n<p><span id=\"p185\">Nous travaillons un terroir exceptionnel donnant une identit\u00e9 forte \u00e0 nos cuv\u00e9es, nous d\u00e9veloppons l&#8217;agroforesterie pour accompagner la biodiversit\u00e9 ainsi que des sols vivants.<\/span><\/p>\n<h2>Que propose Chateau Pinet la Roquette sur le salon ?<\/h2>\n<p><img decoding=\"async\" class=\"wp-image-10183 alignleft\" src=\"https:\/\/www.respirelavie.fr\/rennes\/wp-content\/uploads\/sites\/5\/2024\/01\/1704790346-file2-2CV-300x200.jpg\" alt=\"Chateau Pinet la Roquette - cuv\u00e9es\" width=\"242\" height=\"161\" srcset=\"https:\/\/www.respirelavie.fr\/rennes\/wp-content\/uploads\/sites\/5\/2024\/01\/1704790346-file2-2CV-300x200.jpg 300w, https:\/\/www.respirelavie.fr\/rennes\/wp-content\/uploads\/sites\/5\/2024\/01\/1704790346-file2-2CV-1024x683.jpg 1024w, https:\/\/www.respirelavie.fr\/rennes\/wp-content\/uploads\/sites\/5\/2024\/01\/1704790346-file2-2CV-768x512.jpg 768w, https:\/\/www.respirelavie.fr\/rennes\/wp-content\/uploads\/sites\/5\/2024\/01\/1704790346-file2-2CV-1536x1024.jpg 1536w, https:\/\/www.respirelavie.fr\/rennes\/wp-content\/uploads\/sites\/5\/2024\/01\/1704790346-file2-2CV-2048x1366.jpg 2048w, https:\/\/www.respirelavie.fr\/rennes\/wp-content\/uploads\/sites\/5\/2024\/01\/1704790346-file2-2CV-150x100.jpg 150w, https:\/\/www.respirelavie.fr\/rennes\/wp-content\/uploads\/sites\/5\/2024\/01\/1704790346-file2-2CV-500x333.jpg 500w\" sizes=\"(max-width: 242px) 100vw, 242px\" \/><\/p>\n<p><span id=\"p188\">Sur les salons de Vannes et de Rennes, nous proposons de d\u00e9couvrir et de d\u00e9guster nos cuv\u00e9es et de partager nos valeurs, notre passion pour notre terroir et nos produits.<\/span><br \/>\n<span id=\"p189\">Nos produits ont tous une histoire particuli\u00e8re et une identit\u00e9 sp\u00e9cifique comme notre\u00a0<span id=\"191\" class=\"s-rg\">Clairet<\/span>\u00a0qui joue avec des notes d&#8217;\u00e9pices et de fruits rouges, une pure gourmandise.<\/span><span id=\"p190\">\u00a0Idem pour la cuv\u00e9e\u00a0<span id=\"192\">Pinet<\/span>\u00a02022, un vin rouge min\u00e9ral aux notes de silex, de fruits noirs, il nous embarque rien qu&#8217;au nez.<\/span><\/p>\n<h2>Parlez-nous de votre relation avec le salon<\/h2>\n<p>Pour nous, ces salons seront une grande premi\u00e8re, nous esp\u00e9rons que vous serez nombreux \u00e0 venir nous d\u00e9couvrir soit par curiosit\u00e9, par amour et passion du vin et de la convivialit\u00e9 soit parce que vous aimez soutenir les petits nouveaux.<\/p>\n<h2>Quelle est votre devise ?<\/h2>\n<p><span id=\"p202\">La devise du domaine :<\/span><br \/>\n<span id=\"p205\">&#8221; Le bonheur est devant vous, laissez-vous tenter.<\/span><span id=\"p206\">&#8220;<\/span><\/p>\n<p class=\"p1\"><span class=\"s1\"><a href=\"https:\/\/www.respirelavie.fr\/rennes\/visiter\/liste-des-exposants\/\" target=\"_blank\" rel=\"noopener\"><i>Consultez la liste des exposants<\/i><\/a><\/span><\/p>\n","protected":false},"excerpt":{"rendered":"<p>Pr\u00e9sentez-vous en quelques mots Le Ch\u00e2teau\u00a0Pinet La Roquette est une histoire de passion, d&#8217;engagement, de partage et de convivialit\u00e9 qui a vu le jour, il y a deux ans maintenant, suite \u00e0 une reconversion d&#8217;Anne-Emilie. Avec David et nos trois filles Louise, Clotilde &amp; Agathe, nous avons eu un v\u00e9ritable coup de c\u0153ur pour ce&hellip; <\/p>\n","protected":false},"author":5,"featured_media":10182,"comment_status":"closed","ping_status":"open","sticky":false,"template":"","format":"standard","meta":{"_monsterinsights_skip_tracking":false,"_monsterinsights_sitenote_active":false,"_monsterinsights_sitenote_note":"","_monsterinsights_sitenote_category":0,"footnotes":""},"categories":[358],"tags":[],"class_list":["post-10181","post","type-post","status-publish","format-standard","has-post-thumbnail","hentry","category-portraits-exposants"],"yoast_head":"<!-- This site is optimized with the Yoast SEO plugin v27.3 - https:\/\/yoast.com\/product\/yoast-seo-wordpress\/ -->\n<title>Chateau Pinet la Roquette - Respire La Vie Rennes<\/title>\n<meta name=\"description\" content=\"Venez d\u00e9couvrir ou red\u00e9couvrir Chateau Pinet la Roquette lors du salon Respire la Vie Rennes du 16 au 18 janvier 2024 !\" \/>\n<meta name=\"robots\" content=\"index, follow, max-snippet:-1, max-image-preview:large, max-video-preview:-1\" \/>\n<link rel=\"canonical\" href=\"https:\/\/www.respirelavie.fr\/rennes\/blog\/2024\/02\/05\/chateau-pinet-la-roquette\/\" \/>\n<meta property=\"og:locale\" content=\"fr_FR\" \/>\n<meta property=\"og:type\" content=\"article\" \/>\n<meta property=\"og:title\" content=\"Chateau Pinet la Roquette - Respire La Vie Rennes\" \/>\n<meta property=\"og:description\" content=\"Venez d\u00e9couvrir ou red\u00e9couvrir Chateau Pinet la Roquette lors du salon Respire la Vie Rennes du 16 au 18 janvier 2024 !\" \/>\n<meta property=\"og:url\" content=\"https:\/\/www.respirelavie.fr\/rennes\/blog\/2024\/02\/05\/chateau-pinet-la-roquette\/\" \/>\n<meta property=\"og:site_name\" content=\"Respire La Vie Rennes\" \/>\n<meta property=\"article:published_time\" content=\"2024-02-05T09:13:30+00:00\" \/>\n<meta property=\"article:modified_time\" content=\"2024-02-06T13:01:31+00:00\" \/>\n<meta property=\"og:image\" content=\"https:\/\/www.respirelavie.fr\/rennes\/wp-content\/uploads\/sites\/5\/2024\/01\/1704790346-file1-Famille.jpg\" \/>\n\t<meta property=\"og:image:width\" content=\"2449\" \/>\n\t<meta property=\"og:image:height\" content=\"1633\" \/>\n\t<meta property=\"og:image:type\" content=\"image\/jpeg\" \/>\n<meta name=\"author\" content=\"communication\" \/>\n<meta name=\"twitter:card\" content=\"summary_large_image\" \/>\n<meta name=\"twitter:label1\" content=\"\u00c9crit par\" \/>\n\t<meta name=\"twitter:data1\" content=\"communication\" \/>\n\t<meta name=\"twitter:label2\" content=\"Dur\u00e9e de lecture estim\u00e9e\" \/>\n\t<meta name=\"twitter:data2\" content=\"3 minutes\" \/>\n<script type=\"application\/ld+json\" class=\"yoast-schema-graph\">{\"@context\":\"https:\\\/\\\/schema.org\",\"@graph\":[{\"@type\":\"Article\",\"@id\":\"https:\\\/\\\/www.respirelavie.fr\\\/rennes\\\/blog\\\/2024\\\/02\\\/05\\\/chateau-pinet-la-roquette\\\/#article\",\"isPartOf\":{\"@id\":\"https:\\\/\\\/www.respirelavie.fr\\\/rennes\\\/blog\\\/2024\\\/02\\\/05\\\/chateau-pinet-la-roquette\\\/\"},\"author\":{\"name\":\"communication\",\"@id\":\"https:\\\/\\\/www.respirelavie.fr\\\/rennes\\\/#\\\/schema\\\/person\\\/773bfe7c31181098698bacd32c5d233c\"},\"headline\":\"Chateau Pinet la Roquette\",\"datePublished\":\"2024-02-05T09:13:30+00:00\",\"dateModified\":\"2024-02-06T13:01:31+00:00\",\"mainEntityOfPage\":{\"@id\":\"https:\\\/\\\/www.respirelavie.fr\\\/rennes\\\/blog\\\/2024\\\/02\\\/05\\\/chateau-pinet-la-roquette\\\/\"},\"wordCount\":335,\"publisher\":{\"@id\":\"https:\\\/\\\/www.respirelavie.fr\\\/rennes\\\/#organization\"},\"image\":{\"@id\":\"https:\\\/\\\/www.respirelavie.fr\\\/rennes\\\/blog\\\/2024\\\/02\\\/05\\\/chateau-pinet-la-roquette\\\/#primaryimage\"},\"thumbnailUrl\":\"https:\\\/\\\/www.respirelavie.fr\\\/rennes\\\/wp-content\\\/uploads\\\/sites\\\/5\\\/2024\\\/01\\\/1704790346-file1-Famille.jpg\",\"articleSection\":[\"Portraits d'exposants\"],\"inLanguage\":\"fr-FR\"},{\"@type\":\"WebPage\",\"@id\":\"https:\\\/\\\/www.respirelavie.fr\\\/rennes\\\/blog\\\/2024\\\/02\\\/05\\\/chateau-pinet-la-roquette\\\/\",\"url\":\"https:\\\/\\\/www.respirelavie.fr\\\/rennes\\\/blog\\\/2024\\\/02\\\/05\\\/chateau-pinet-la-roquette\\\/\",\"name\":\"Chateau Pinet la Roquette - Respire La Vie Rennes\",\"isPartOf\":{\"@id\":\"https:\\\/\\\/www.respirelavie.fr\\\/rennes\\\/#website\"},\"primaryImageOfPage\":{\"@id\":\"https:\\\/\\\/www.respirelavie.fr\\\/rennes\\\/blog\\\/2024\\\/02\\\/05\\\/chateau-pinet-la-roquette\\\/#primaryimage\"},\"image\":{\"@id\":\"https:\\\/\\\/www.respirelavie.fr\\\/rennes\\\/blog\\\/2024\\\/02\\\/05\\\/chateau-pinet-la-roquette\\\/#primaryimage\"},\"thumbnailUrl\":\"https:\\\/\\\/www.respirelavie.fr\\\/rennes\\\/wp-content\\\/uploads\\\/sites\\\/5\\\/2024\\\/01\\\/1704790346-file1-Famille.jpg\",\"datePublished\":\"2024-02-05T09:13:30+00:00\",\"dateModified\":\"2024-02-06T13:01:31+00:00\",\"description\":\"Venez d\u00e9couvrir ou red\u00e9couvrir Chateau Pinet la Roquette lors du salon Respire la Vie Rennes du 16 au 18 janvier 2024 !\",\"breadcrumb\":{\"@id\":\"https:\\\/\\\/www.respirelavie.fr\\\/rennes\\\/blog\\\/2024\\\/02\\\/05\\\/chateau-pinet-la-roquette\\\/#breadcrumb\"},\"inLanguage\":\"fr-FR\",\"potentialAction\":[{\"@type\":\"ReadAction\",\"target\":[\"https:\\\/\\\/www.respirelavie.fr\\\/rennes\\\/blog\\\/2024\\\/02\\\/05\\\/chateau-pinet-la-roquette\\\/\"]}]},{\"@type\":\"ImageObject\",\"inLanguage\":\"fr-FR\",\"@id\":\"https:\\\/\\\/www.respirelavie.fr\\\/rennes\\\/blog\\\/2024\\\/02\\\/05\\\/chateau-pinet-la-roquette\\\/#primaryimage\",\"url\":\"https:\\\/\\\/www.respirelavie.fr\\\/rennes\\\/wp-content\\\/uploads\\\/sites\\\/5\\\/2024\\\/01\\\/1704790346-file1-Famille.jpg\",\"contentUrl\":\"https:\\\/\\\/www.respirelavie.fr\\\/rennes\\\/wp-content\\\/uploads\\\/sites\\\/5\\\/2024\\\/01\\\/1704790346-file1-Famille.jpg\",\"width\":2449,\"height\":1633,\"caption\":\"Chateau Pinet la Roquette - domaine\"},{\"@type\":\"BreadcrumbList\",\"@id\":\"https:\\\/\\\/www.respirelavie.fr\\\/rennes\\\/blog\\\/2024\\\/02\\\/05\\\/chateau-pinet-la-roquette\\\/#breadcrumb\",\"itemListElement\":[{\"@type\":\"ListItem\",\"position\":1,\"name\":\"Accueil\",\"item\":\"https:\\\/\\\/www.respirelavie.fr\\\/rennes\\\/\"},{\"@type\":\"ListItem\",\"position\":2,\"name\":\"Chateau Pinet la Roquette\"}]},{\"@type\":\"WebSite\",\"@id\":\"https:\\\/\\\/www.respirelavie.fr\\\/rennes\\\/#website\",\"url\":\"https:\\\/\\\/www.respirelavie.fr\\\/rennes\\\/\",\"name\":\"Respire La Vie Rennes\",\"description\":\"Respire La Vie Rennes : votre salon \u00e9colo, bio, bien-\u00eatre et habitat sain \u00e0 Rennes\",\"publisher\":{\"@id\":\"https:\\\/\\\/www.respirelavie.fr\\\/rennes\\\/#organization\"},\"potentialAction\":[{\"@type\":\"SearchAction\",\"target\":{\"@type\":\"EntryPoint\",\"urlTemplate\":\"https:\\\/\\\/www.respirelavie.fr\\\/rennes\\\/?s={search_term_string}\"},\"query-input\":{\"@type\":\"PropertyValueSpecification\",\"valueRequired\":true,\"valueName\":\"search_term_string\"}}],\"inLanguage\":\"fr-FR\"},{\"@type\":\"Organization\",\"@id\":\"https:\\\/\\\/www.respirelavie.fr\\\/rennes\\\/#organization\",\"name\":\"Respire La Vie Rennes\",\"url\":\"https:\\\/\\\/www.respirelavie.fr\\\/rennes\\\/\",\"logo\":{\"@type\":\"ImageObject\",\"inLanguage\":\"fr-FR\",\"@id\":\"https:\\\/\\\/www.respirelavie.fr\\\/rennes\\\/#\\\/schema\\\/logo\\\/image\\\/\",\"url\":\"https:\\\/\\\/www.respirelavie.fr\\\/rennes\\\/wp-content\\\/uploads\\\/sites\\\/5\\\/2025\\\/11\\\/cropped-Logo-RESPIRE-rennes-2026.png\",\"contentUrl\":\"https:\\\/\\\/www.respirelavie.fr\\\/rennes\\\/wp-content\\\/uploads\\\/sites\\\/5\\\/2025\\\/11\\\/cropped-Logo-RESPIRE-rennes-2026.png\",\"width\":921,\"height\":255,\"caption\":\"Respire La Vie Rennes\"},\"image\":{\"@id\":\"https:\\\/\\\/www.respirelavie.fr\\\/rennes\\\/#\\\/schema\\\/logo\\\/image\\\/\"}},{\"@type\":\"Person\",\"@id\":\"https:\\\/\\\/www.respirelavie.fr\\\/rennes\\\/#\\\/schema\\\/person\\\/773bfe7c31181098698bacd32c5d233c\",\"name\":\"communication\",\"image\":{\"@type\":\"ImageObject\",\"inLanguage\":\"fr-FR\",\"@id\":\"https:\\\/\\\/secure.gravatar.com\\\/avatar\\\/0f49d5b7ab56355ffa797b3ce25e4f2375cedf6bc9afe416fe669342c3524275?s=96&d=mm&r=g\",\"url\":\"https:\\\/\\\/secure.gravatar.com\\\/avatar\\\/0f49d5b7ab56355ffa797b3ce25e4f2375cedf6bc9afe416fe669342c3524275?s=96&d=mm&r=g\",\"contentUrl\":\"https:\\\/\\\/secure.gravatar.com\\\/avatar\\\/0f49d5b7ab56355ffa797b3ce25e4f2375cedf6bc9afe416fe669342c3524275?s=96&d=mm&r=g\",\"caption\":\"communication\"},\"url\":\"https:\\\/\\\/www.respirelavie.fr\\\/rennes\\\/blog\\\/author\\\/communication\\\/\"}]}<\/script>\n<!-- \/ Yoast SEO plugin. -->","yoast_head_json":{"title":"Chateau Pinet la Roquette - Respire La Vie Rennes","description":"Venez d\u00e9couvrir ou red\u00e9couvrir Chateau Pinet la Roquette lors du salon Respire la Vie Rennes du 16 au 18 janvier 2024 !","robots":{"index":"index","follow":"follow","max-snippet":"max-snippet:-1","max-image-preview":"max-image-preview:large","max-video-preview":"max-video-preview:-1"},"canonical":"https:\/\/www.respirelavie.fr\/rennes\/blog\/2024\/02\/05\/chateau-pinet-la-roquette\/","og_locale":"fr_FR","og_type":"article","og_title":"Chateau Pinet la Roquette - Respire La Vie Rennes","og_description":"Venez d\u00e9couvrir ou red\u00e9couvrir Chateau Pinet la Roquette lors du salon Respire la Vie Rennes du 16 au 18 janvier 2024 !","og_url":"https:\/\/www.respirelavie.fr\/rennes\/blog\/2024\/02\/05\/chateau-pinet-la-roquette\/","og_site_name":"Respire La Vie Rennes","article_published_time":"2024-02-05T09:13:30+00:00","article_modified_time":"2024-02-06T13:01:31+00:00","og_image":[{"width":2449,"height":1633,"url":"https:\/\/www.respirelavie.fr\/rennes\/wp-content\/uploads\/sites\/5\/2024\/01\/1704790346-file1-Famille.jpg","type":"image\/jpeg"}],"author":"communication","twitter_card":"summary_large_image","twitter_misc":{"\u00c9crit par":"communication","Dur\u00e9e de lecture estim\u00e9e":"3 minutes"},"schema":{"@context":"https:\/\/schema.org","@graph":[{"@type":"Article","@id":"https:\/\/www.respirelavie.fr\/rennes\/blog\/2024\/02\/05\/chateau-pinet-la-roquette\/#article","isPartOf":{"@id":"https:\/\/www.respirelavie.fr\/rennes\/blog\/2024\/02\/05\/chateau-pinet-la-roquette\/"},"author":{"name":"communication","@id":"https:\/\/www.respirelavie.fr\/rennes\/#\/schema\/person\/773bfe7c31181098698bacd32c5d233c"},"headline":"Chateau Pinet la Roquette","datePublished":"2024-02-05T09:13:30+00:00","dateModified":"2024-02-06T13:01:31+00:00","mainEntityOfPage":{"@id":"https:\/\/www.respirelavie.fr\/rennes\/blog\/2024\/02\/05\/chateau-pinet-la-roquette\/"},"wordCount":335,"publisher":{"@id":"https:\/\/www.respirelavie.fr\/rennes\/#organization"},"image":{"@id":"https:\/\/www.respirelavie.fr\/rennes\/blog\/2024\/02\/05\/chateau-pinet-la-roquette\/#primaryimage"},"thumbnailUrl":"https:\/\/www.respirelavie.fr\/rennes\/wp-content\/uploads\/sites\/5\/2024\/01\/1704790346-file1-Famille.jpg","articleSection":["Portraits d'exposants"],"inLanguage":"fr-FR"},{"@type":"WebPage","@id":"https:\/\/www.respirelavie.fr\/rennes\/blog\/2024\/02\/05\/chateau-pinet-la-roquette\/","url":"https:\/\/www.respirelavie.fr\/rennes\/blog\/2024\/02\/05\/chateau-pinet-la-roquette\/","name":"Chateau Pinet la Roquette - Respire La Vie Rennes","isPartOf":{"@id":"https:\/\/www.respirelavie.fr\/rennes\/#website"},"primaryImageOfPage":{"@id":"https:\/\/www.respirelavie.fr\/rennes\/blog\/2024\/02\/05\/chateau-pinet-la-roquette\/#primaryimage"},"image":{"@id":"https:\/\/www.respirelavie.fr\/rennes\/blog\/2024\/02\/05\/chateau-pinet-la-roquette\/#primaryimage"},"thumbnailUrl":"https:\/\/www.respirelavie.fr\/rennes\/wp-content\/uploads\/sites\/5\/2024\/01\/1704790346-file1-Famille.jpg","datePublished":"2024-02-05T09:13:30+00:00","dateModified":"2024-02-06T13:01:31+00:00","description":"Venez d\u00e9couvrir ou red\u00e9couvrir Chateau Pinet la Roquette lors du salon Respire la Vie Rennes du 16 au 18 janvier 2024 !","breadcrumb":{"@id":"https:\/\/www.respirelavie.fr\/rennes\/blog\/2024\/02\/05\/chateau-pinet-la-roquette\/#breadcrumb"},"inLanguage":"fr-FR","potentialAction":[{"@type":"ReadAction","target":["https:\/\/www.respirelavie.fr\/rennes\/blog\/2024\/02\/05\/chateau-pinet-la-roquette\/"]}]},{"@type":"ImageObject","inLanguage":"fr-FR","@id":"https:\/\/www.respirelavie.fr\/rennes\/blog\/2024\/02\/05\/chateau-pinet-la-roquette\/#primaryimage","url":"https:\/\/www.respirelavie.fr\/rennes\/wp-content\/uploads\/sites\/5\/2024\/01\/1704790346-file1-Famille.jpg","contentUrl":"https:\/\/www.respirelavie.fr\/rennes\/wp-content\/uploads\/sites\/5\/2024\/01\/1704790346-file1-Famille.jpg","width":2449,"height":1633,"caption":"Chateau Pinet la Roquette - domaine"},{"@type":"BreadcrumbList","@id":"https:\/\/www.respirelavie.fr\/rennes\/blog\/2024\/02\/05\/chateau-pinet-la-roquette\/#breadcrumb","itemListElement":[{"@type":"ListItem","position":1,"name":"Accueil","item":"https:\/\/www.respirelavie.fr\/rennes\/"},{"@type":"ListItem","position":2,"name":"Chateau Pinet la Roquette"}]},{"@type":"WebSite","@id":"https:\/\/www.respirelavie.fr\/rennes\/#website","url":"https:\/\/www.respirelavie.fr\/rennes\/","name":"Respire La Vie Rennes","description":"Respire La Vie Rennes : votre salon \u00e9colo, bio, bien-\u00eatre et habitat sain \u00e0 Rennes","publisher":{"@id":"https:\/\/www.respirelavie.fr\/rennes\/#organization"},"potentialAction":[{"@type":"SearchAction","target":{"@type":"EntryPoint","urlTemplate":"https:\/\/www.respirelavie.fr\/rennes\/?s={search_term_string}"},"query-input":{"@type":"PropertyValueSpecification","valueRequired":true,"valueName":"search_term_string"}}],"inLanguage":"fr-FR"},{"@type":"Organization","@id":"https:\/\/www.respirelavie.fr\/rennes\/#organization","name":"Respire La Vie Rennes","url":"https:\/\/www.respirelavie.fr\/rennes\/","logo":{"@type":"ImageObject","inLanguage":"fr-FR","@id":"https:\/\/www.respirelavie.fr\/rennes\/#\/schema\/logo\/image\/","url":"https:\/\/www.respirelavie.fr\/rennes\/wp-content\/uploads\/sites\/5\/2025\/11\/cropped-Logo-RESPIRE-rennes-2026.png","contentUrl":"https:\/\/www.respirelavie.fr\/rennes\/wp-content\/uploads\/sites\/5\/2025\/11\/cropped-Logo-RESPIRE-rennes-2026.png","width":921,"height":255,"caption":"Respire La Vie Rennes"},"image":{"@id":"https:\/\/www.respirelavie.fr\/rennes\/#\/schema\/logo\/image\/"}},{"@type":"Person","@id":"https:\/\/www.respirelavie.fr\/rennes\/#\/schema\/person\/773bfe7c31181098698bacd32c5d233c","name":"communication","image":{"@type":"ImageObject","inLanguage":"fr-FR","@id":"https:\/\/secure.gravatar.com\/avatar\/0f49d5b7ab56355ffa797b3ce25e4f2375cedf6bc9afe416fe669342c3524275?s=96&d=mm&r=g","url":"https:\/\/secure.gravatar.com\/avatar\/0f49d5b7ab56355ffa797b3ce25e4f2375cedf6bc9afe416fe669342c3524275?s=96&d=mm&r=g","contentUrl":"https:\/\/secure.gravatar.com\/avatar\/0f49d5b7ab56355ffa797b3ce25e4f2375cedf6bc9afe416fe669342c3524275?s=96&d=mm&r=g","caption":"communication"},"url":"https:\/\/www.respirelavie.fr\/rennes\/blog\/author\/communication\/"}]}},"_links":{"self":[{"href":"https:\/\/www.respirelavie.fr\/rennes\/wp-json\/wp\/v2\/posts\/10181","targetHints":{"allow":["GET"]}}],"collection":[{"href":"https:\/\/www.respirelavie.fr\/rennes\/wp-json\/wp\/v2\/posts"}],"about":[{"href":"https:\/\/www.respirelavie.fr\/rennes\/wp-json\/wp\/v2\/types\/post"}],"author":[{"embeddable":true,"href":"https:\/\/www.respirelavie.fr\/rennes\/wp-json\/wp\/v2\/users\/5"}],"replies":[{"embeddable":true,"href":"https:\/\/www.respirelavie.fr\/rennes\/wp-json\/wp\/v2\/comments?post=10181"}],"version-history":[{"count":6,"href":"https:\/\/www.respirelavie.fr\/rennes\/wp-json\/wp\/v2\/posts\/10181\/revisions"}],"predecessor-version":[{"id":10697,"href":"https:\/\/www.respirelavie.fr\/rennes\/wp-json\/wp\/v2\/posts\/10181\/revisions\/10697"}],"wp:featuredmedia":[{"embeddable":true,"href":"https:\/\/www.respirelavie.fr\/rennes\/wp-json\/wp\/v2\/media\/10182"}],"wp:attachment":[{"href":"https:\/\/www.respirelavie.fr\/rennes\/wp-json\/wp\/v2\/media?parent=10181"}],"wp:term":[{"taxonomy":"category","embeddable":true,"href":"https:\/\/www.respirelavie.fr\/rennes\/wp-json\/wp\/v2\/categories?post=10181"},{"taxonomy":"post_tag","embeddable":true,"href":"https:\/\/www.respirelavie.fr\/rennes\/wp-json\/wp\/v2\/tags?post=10181"}],"curies":[{"name":"wp","href":"https:\/\/api.w.org\/{rel}","templated":true}]}}