{"id":10599,"date":"2024-02-01T17:26:50","date_gmt":"2024-02-01T16:26:50","guid":{"rendered":"https:\/\/www.respirelavie.fr\/rennes\/?p=10599"},"modified":"2024-02-01T17:26:50","modified_gmt":"2024-02-01T16:26:50","slug":"amilo","status":"publish","type":"post","link":"https:\/\/www.respirelavie.fr\/rennes\/blog\/2024\/02\/01\/amilo\/","title":{"rendered":"Amilo"},"content":{"rendered":"<h2>Pr\u00e9sentez-vous en quelques mots<\/h2>\n<p><img fetchpriority=\"high\" decoding=\"async\" class=\"alignleft wp-image-14664\" src=\"https:\/\/www.salon-zenetbio.com\/nantes\/wp-content\/uploads\/sites\/7\/2023\/10\/1696340988-file1-Amilo-presentation-208x300.jpg\" alt=\"qualit\u00e9 d'eau Amilo\" width=\"210\" height=\"302\" \/><\/p>\n<p><span id=\"p182\">Vous informez de l\u2019importance de la qualit\u00e9 de l\u2019eau pour la sant\u00e9, dans ses 2 aspects, physico-chimique et \u00e9nerg\u00e9tique.<\/span><br \/>\n<span id=\"p180\">La mission d&#8217;Amilo est de rendre accessible au plus grand nombre des outils de <a href=\"https:\/\/www.amilo.earth\/filtration-de-leau-amilo-pour-toute-la-maison\/?ga=hab_s&amp;gclid=CjwKCAjw4P6oBhBsEiwAKYVkq3Hr5eyKftFlJDbCTfqbQ3LyZ8fWwsXisOzRRK55xZ8glEwUHAjn3hoCKAkQAvD_BwE\" target=\"_blank\" rel=\"noopener\">purification et vitalisation de l\u2019eau<\/a> pour toutes les utilisations quotidiennes.<\/span><\/p>\n<h2><\/h2>\n<p>&nbsp;<\/p>\n<p>&nbsp;<\/p>\n<h2><\/h2>\n<p>&nbsp;<\/p>\n<p>&nbsp;<\/p>\n<h2>Que propose Amilo sur le salon ?<\/h2>\n<p><img decoding=\"async\" class=\"aligncenter wp-image-14663\" src=\"https:\/\/www.salon-zenetbio.com\/nantes\/wp-content\/uploads\/sites\/7\/2023\/10\/1696340988-file2-Amilo-produits-phare-300x210.png\" alt=\"syst\u00e8mes de filtration Amilo\" width=\"399\" height=\"279\" \/><\/p>\n<p><span id=\"p189\">Nous proposons une gamme compl\u00e8te de syst\u00e8mes de filtration et de dynamisation de l&#8217;<span id=\"197\">eau, <\/span><\/span><span id=\"p190\"><span id=\"198\">adapt\u00e9s<\/span>\u00a0\u00e0 l&#8217;habitat et aux professionnels n\u00e9cessitant une eau de bonne qualit\u00e9.<\/span><br \/>\n<span id=\"p191\">Nous filtrons l&#8217;eau du r\u00e9seau et l&#8217;eau issue de captage, puits, forage ou r\u00e9cup\u00e9ration d&#8217;eau de pluie.\u00a0<\/span><span id=\"p192\">Les produits phares sont le syst\u00e8me de filtration pour toute la maison et le sous-\u00e9vier.<\/span><span id=\"p193\">\u00a0Ces deux syst\u00e8mes permettent de consommer au quotidien une eau de qualit\u00e9 d\u00e9barrass\u00e9e de la plupart des polluants.\u00a0<\/span><\/p>\n<p><span id=\"p194\"><span id=\"199\">Nouveaut\u00e9 :<\/span><\/span><span id=\"p195\">\u00a0une ligne de\u00a0<span id=\"201\" class=\"s-rg\">potabilisation<\/span>\u00a0de l&#8217;eau issue de captage ou de r\u00e9cup\u00e9ration d&#8217;eau de pluie.<\/span><\/p>\n<p><span id=\"p196\"><span id=\"202\">Amilo<\/span> propose un prix sp\u00e9cial salon sur les syst\u00e8mes habitation.<\/span><\/p>\n<h2>Parlez-nous de votre relation avec le salon<\/h2>\n<p><span id=\"p209\">Salon tr\u00e8s professionnel drainant un large public averti !<\/span><\/p>\n<h2>Quelle est votre devise ?<\/h2>\n<p><span id=\"p217\">&#8220;La force de l&#8217;eau vient de la source.<\/span><span id=\"p218\">&#8220;<\/span><br \/>\n<span id=\"p219\">Proverbe persan<\/span><\/p>\n<p><span class=\"s1\"><a href=\"https:\/\/www.respirelavie.fr\/rennes\/visiter\/liste-des-exposants\/\" target=\"_blank\" rel=\"noopener\"><i>Consultez la liste des exposants<\/i><\/a><\/span><\/p>\n","protected":false},"excerpt":{"rendered":"<p>Pr\u00e9sentez-vous en quelques mots Vous informez de l\u2019importance de la qualit\u00e9 de l\u2019eau pour la sant\u00e9, dans ses 2 aspects, physico-chimique et \u00e9nerg\u00e9tique. La mission d&#8217;Amilo est de rendre accessible au plus grand nombre des outils de purification et vitalisation de l\u2019eau pour toutes les utilisations quotidiennes. &nbsp; &nbsp; &nbsp; &nbsp; Que propose Amilo sur&hellip; <\/p>\n","protected":false},"author":5,"featured_media":10600,"comment_status":"closed","ping_status":"open","sticky":false,"template":"","format":"standard","meta":{"_monsterinsights_skip_tracking":false,"_monsterinsights_sitenote_active":false,"_monsterinsights_sitenote_note":"","_monsterinsights_sitenote_category":0,"footnotes":""},"categories":[358],"tags":[],"class_list":["post-10599","post","type-post","status-publish","format-standard","has-post-thumbnail","hentry","category-portraits-exposants"],"yoast_head":"<!-- This site is optimized with the Yoast SEO plugin v27.3 - https:\/\/yoast.com\/product\/yoast-seo-wordpress\/ -->\n<title>Amilo - Respire La Vie Rennes<\/title>\n<meta name=\"description\" content=\"Venez d\u00e9couvrir ou red\u00e9couvrir Amilo lors du salon Respire la Vie Rennes du 16 au 18 f\u00e9vrier 2024 !\" \/>\n<meta name=\"robots\" content=\"index, follow, max-snippet:-1, max-image-preview:large, max-video-preview:-1\" \/>\n<link rel=\"canonical\" href=\"https:\/\/www.respirelavie.fr\/rennes\/blog\/2024\/02\/01\/amilo\/\" \/>\n<meta property=\"og:locale\" content=\"fr_FR\" \/>\n<meta property=\"og:type\" content=\"article\" \/>\n<meta property=\"og:title\" content=\"Amilo - Respire La Vie Rennes\" \/>\n<meta property=\"og:description\" content=\"Venez d\u00e9couvrir ou red\u00e9couvrir Amilo lors du salon Respire la Vie Rennes du 16 au 18 f\u00e9vrier 2024 !\" \/>\n<meta property=\"og:url\" content=\"https:\/\/www.respirelavie.fr\/rennes\/blog\/2024\/02\/01\/amilo\/\" \/>\n<meta property=\"og:site_name\" content=\"Respire La Vie Rennes\" \/>\n<meta property=\"article:published_time\" content=\"2024-02-01T16:26:50+00:00\" \/>\n<meta property=\"og:image\" content=\"https:\/\/www.respirelavie.fr\/rennes\/wp-content\/uploads\/sites\/5\/2024\/01\/1696340988-file1-Amilo-presentation.jpg\" \/>\n\t<meta property=\"og:image:width\" content=\"726\" \/>\n\t<meta property=\"og:image:height\" content=\"1048\" \/>\n\t<meta property=\"og:image:type\" content=\"image\/jpeg\" \/>\n<meta name=\"author\" content=\"communication\" \/>\n<meta name=\"twitter:card\" content=\"summary_large_image\" \/>\n<meta name=\"twitter:label1\" content=\"\u00c9crit par\" \/>\n\t<meta name=\"twitter:data1\" content=\"communication\" \/>\n\t<meta name=\"twitter:label2\" content=\"Dur\u00e9e de lecture estim\u00e9e\" \/>\n\t<meta name=\"twitter:data2\" content=\"2 minutes\" \/>\n<script type=\"application\/ld+json\" class=\"yoast-schema-graph\">{\"@context\":\"https:\\\/\\\/schema.org\",\"@graph\":[{\"@type\":\"Article\",\"@id\":\"https:\\\/\\\/www.respirelavie.fr\\\/rennes\\\/blog\\\/2024\\\/02\\\/01\\\/amilo\\\/#article\",\"isPartOf\":{\"@id\":\"https:\\\/\\\/www.respirelavie.fr\\\/rennes\\\/blog\\\/2024\\\/02\\\/01\\\/amilo\\\/\"},\"author\":{\"name\":\"communication\",\"@id\":\"https:\\\/\\\/www.respirelavie.fr\\\/rennes\\\/#\\\/schema\\\/person\\\/773bfe7c31181098698bacd32c5d233c\"},\"headline\":\"Amilo\",\"datePublished\":\"2024-02-01T16:26:50+00:00\",\"mainEntityOfPage\":{\"@id\":\"https:\\\/\\\/www.respirelavie.fr\\\/rennes\\\/blog\\\/2024\\\/02\\\/01\\\/amilo\\\/\"},\"wordCount\":223,\"publisher\":{\"@id\":\"https:\\\/\\\/www.respirelavie.fr\\\/rennes\\\/#organization\"},\"image\":{\"@id\":\"https:\\\/\\\/www.respirelavie.fr\\\/rennes\\\/blog\\\/2024\\\/02\\\/01\\\/amilo\\\/#primaryimage\"},\"thumbnailUrl\":\"https:\\\/\\\/www.respirelavie.fr\\\/rennes\\\/wp-content\\\/uploads\\\/sites\\\/5\\\/2024\\\/01\\\/1696340988-file1-Amilo-presentation.jpg\",\"articleSection\":[\"Portraits d'exposants\"],\"inLanguage\":\"fr-FR\"},{\"@type\":\"WebPage\",\"@id\":\"https:\\\/\\\/www.respirelavie.fr\\\/rennes\\\/blog\\\/2024\\\/02\\\/01\\\/amilo\\\/\",\"url\":\"https:\\\/\\\/www.respirelavie.fr\\\/rennes\\\/blog\\\/2024\\\/02\\\/01\\\/amilo\\\/\",\"name\":\"Amilo - Respire La Vie Rennes\",\"isPartOf\":{\"@id\":\"https:\\\/\\\/www.respirelavie.fr\\\/rennes\\\/#website\"},\"primaryImageOfPage\":{\"@id\":\"https:\\\/\\\/www.respirelavie.fr\\\/rennes\\\/blog\\\/2024\\\/02\\\/01\\\/amilo\\\/#primaryimage\"},\"image\":{\"@id\":\"https:\\\/\\\/www.respirelavie.fr\\\/rennes\\\/blog\\\/2024\\\/02\\\/01\\\/amilo\\\/#primaryimage\"},\"thumbnailUrl\":\"https:\\\/\\\/www.respirelavie.fr\\\/rennes\\\/wp-content\\\/uploads\\\/sites\\\/5\\\/2024\\\/01\\\/1696340988-file1-Amilo-presentation.jpg\",\"datePublished\":\"2024-02-01T16:26:50+00:00\",\"description\":\"Venez d\u00e9couvrir ou red\u00e9couvrir Amilo lors du salon Respire la Vie Rennes du 16 au 18 f\u00e9vrier 2024 !\",\"breadcrumb\":{\"@id\":\"https:\\\/\\\/www.respirelavie.fr\\\/rennes\\\/blog\\\/2024\\\/02\\\/01\\\/amilo\\\/#breadcrumb\"},\"inLanguage\":\"fr-FR\",\"potentialAction\":[{\"@type\":\"ReadAction\",\"target\":[\"https:\\\/\\\/www.respirelavie.fr\\\/rennes\\\/blog\\\/2024\\\/02\\\/01\\\/amilo\\\/\"]}]},{\"@type\":\"ImageObject\",\"inLanguage\":\"fr-FR\",\"@id\":\"https:\\\/\\\/www.respirelavie.fr\\\/rennes\\\/blog\\\/2024\\\/02\\\/01\\\/amilo\\\/#primaryimage\",\"url\":\"https:\\\/\\\/www.respirelavie.fr\\\/rennes\\\/wp-content\\\/uploads\\\/sites\\\/5\\\/2024\\\/01\\\/1696340988-file1-Amilo-presentation.jpg\",\"contentUrl\":\"https:\\\/\\\/www.respirelavie.fr\\\/rennes\\\/wp-content\\\/uploads\\\/sites\\\/5\\\/2024\\\/01\\\/1696340988-file1-Amilo-presentation.jpg\",\"width\":726,\"height\":1048,\"caption\":\"amilo\"},{\"@type\":\"BreadcrumbList\",\"@id\":\"https:\\\/\\\/www.respirelavie.fr\\\/rennes\\\/blog\\\/2024\\\/02\\\/01\\\/amilo\\\/#breadcrumb\",\"itemListElement\":[{\"@type\":\"ListItem\",\"position\":1,\"name\":\"Accueil\",\"item\":\"https:\\\/\\\/www.respirelavie.fr\\\/rennes\\\/\"},{\"@type\":\"ListItem\",\"position\":2,\"name\":\"Amilo\"}]},{\"@type\":\"WebSite\",\"@id\":\"https:\\\/\\\/www.respirelavie.fr\\\/rennes\\\/#website\",\"url\":\"https:\\\/\\\/www.respirelavie.fr\\\/rennes\\\/\",\"name\":\"Respire La Vie Rennes\",\"description\":\"Respire La Vie Rennes : votre salon \u00e9colo, bio, bien-\u00eatre et habitat sain \u00e0 Rennes\",\"publisher\":{\"@id\":\"https:\\\/\\\/www.respirelavie.fr\\\/rennes\\\/#organization\"},\"potentialAction\":[{\"@type\":\"SearchAction\",\"target\":{\"@type\":\"EntryPoint\",\"urlTemplate\":\"https:\\\/\\\/www.respirelavie.fr\\\/rennes\\\/?s={search_term_string}\"},\"query-input\":{\"@type\":\"PropertyValueSpecification\",\"valueRequired\":true,\"valueName\":\"search_term_string\"}}],\"inLanguage\":\"fr-FR\"},{\"@type\":\"Organization\",\"@id\":\"https:\\\/\\\/www.respirelavie.fr\\\/rennes\\\/#organization\",\"name\":\"Respire La Vie Rennes\",\"url\":\"https:\\\/\\\/www.respirelavie.fr\\\/rennes\\\/\",\"logo\":{\"@type\":\"ImageObject\",\"inLanguage\":\"fr-FR\",\"@id\":\"https:\\\/\\\/www.respirelavie.fr\\\/rennes\\\/#\\\/schema\\\/logo\\\/image\\\/\",\"url\":\"https:\\\/\\\/www.respirelavie.fr\\\/rennes\\\/wp-content\\\/uploads\\\/sites\\\/5\\\/2025\\\/11\\\/cropped-Logo-RESPIRE-rennes-2026.png\",\"contentUrl\":\"https:\\\/\\\/www.respirelavie.fr\\\/rennes\\\/wp-content\\\/uploads\\\/sites\\\/5\\\/2025\\\/11\\\/cropped-Logo-RESPIRE-rennes-2026.png\",\"width\":921,\"height\":255,\"caption\":\"Respire La Vie Rennes\"},\"image\":{\"@id\":\"https:\\\/\\\/www.respirelavie.fr\\\/rennes\\\/#\\\/schema\\\/logo\\\/image\\\/\"}},{\"@type\":\"Person\",\"@id\":\"https:\\\/\\\/www.respirelavie.fr\\\/rennes\\\/#\\\/schema\\\/person\\\/773bfe7c31181098698bacd32c5d233c\",\"name\":\"communication\",\"image\":{\"@type\":\"ImageObject\",\"inLanguage\":\"fr-FR\",\"@id\":\"https:\\\/\\\/secure.gravatar.com\\\/avatar\\\/0f49d5b7ab56355ffa797b3ce25e4f2375cedf6bc9afe416fe669342c3524275?s=96&d=mm&r=g\",\"url\":\"https:\\\/\\\/secure.gravatar.com\\\/avatar\\\/0f49d5b7ab56355ffa797b3ce25e4f2375cedf6bc9afe416fe669342c3524275?s=96&d=mm&r=g\",\"contentUrl\":\"https:\\\/\\\/secure.gravatar.com\\\/avatar\\\/0f49d5b7ab56355ffa797b3ce25e4f2375cedf6bc9afe416fe669342c3524275?s=96&d=mm&r=g\",\"caption\":\"communication\"},\"url\":\"https:\\\/\\\/www.respirelavie.fr\\\/rennes\\\/blog\\\/author\\\/communication\\\/\"}]}<\/script>\n<!-- \/ Yoast SEO plugin. -->","yoast_head_json":{"title":"Amilo - Respire La Vie Rennes","description":"Venez d\u00e9couvrir ou red\u00e9couvrir Amilo lors du salon Respire la Vie Rennes du 16 au 18 f\u00e9vrier 2024 !","robots":{"index":"index","follow":"follow","max-snippet":"max-snippet:-1","max-image-preview":"max-image-preview:large","max-video-preview":"max-video-preview:-1"},"canonical":"https:\/\/www.respirelavie.fr\/rennes\/blog\/2024\/02\/01\/amilo\/","og_locale":"fr_FR","og_type":"article","og_title":"Amilo - Respire La Vie Rennes","og_description":"Venez d\u00e9couvrir ou red\u00e9couvrir Amilo lors du salon Respire la Vie Rennes du 16 au 18 f\u00e9vrier 2024 !","og_url":"https:\/\/www.respirelavie.fr\/rennes\/blog\/2024\/02\/01\/amilo\/","og_site_name":"Respire La Vie Rennes","article_published_time":"2024-02-01T16:26:50+00:00","og_image":[{"width":726,"height":1048,"url":"https:\/\/www.respirelavie.fr\/rennes\/wp-content\/uploads\/sites\/5\/2024\/01\/1696340988-file1-Amilo-presentation.jpg","type":"image\/jpeg"}],"author":"communication","twitter_card":"summary_large_image","twitter_misc":{"\u00c9crit par":"communication","Dur\u00e9e de lecture estim\u00e9e":"2 minutes"},"schema":{"@context":"https:\/\/schema.org","@graph":[{"@type":"Article","@id":"https:\/\/www.respirelavie.fr\/rennes\/blog\/2024\/02\/01\/amilo\/#article","isPartOf":{"@id":"https:\/\/www.respirelavie.fr\/rennes\/blog\/2024\/02\/01\/amilo\/"},"author":{"name":"communication","@id":"https:\/\/www.respirelavie.fr\/rennes\/#\/schema\/person\/773bfe7c31181098698bacd32c5d233c"},"headline":"Amilo","datePublished":"2024-02-01T16:26:50+00:00","mainEntityOfPage":{"@id":"https:\/\/www.respirelavie.fr\/rennes\/blog\/2024\/02\/01\/amilo\/"},"wordCount":223,"publisher":{"@id":"https:\/\/www.respirelavie.fr\/rennes\/#organization"},"image":{"@id":"https:\/\/www.respirelavie.fr\/rennes\/blog\/2024\/02\/01\/amilo\/#primaryimage"},"thumbnailUrl":"https:\/\/www.respirelavie.fr\/rennes\/wp-content\/uploads\/sites\/5\/2024\/01\/1696340988-file1-Amilo-presentation.jpg","articleSection":["Portraits d'exposants"],"inLanguage":"fr-FR"},{"@type":"WebPage","@id":"https:\/\/www.respirelavie.fr\/rennes\/blog\/2024\/02\/01\/amilo\/","url":"https:\/\/www.respirelavie.fr\/rennes\/blog\/2024\/02\/01\/amilo\/","name":"Amilo - Respire La Vie Rennes","isPartOf":{"@id":"https:\/\/www.respirelavie.fr\/rennes\/#website"},"primaryImageOfPage":{"@id":"https:\/\/www.respirelavie.fr\/rennes\/blog\/2024\/02\/01\/amilo\/#primaryimage"},"image":{"@id":"https:\/\/www.respirelavie.fr\/rennes\/blog\/2024\/02\/01\/amilo\/#primaryimage"},"thumbnailUrl":"https:\/\/www.respirelavie.fr\/rennes\/wp-content\/uploads\/sites\/5\/2024\/01\/1696340988-file1-Amilo-presentation.jpg","datePublished":"2024-02-01T16:26:50+00:00","description":"Venez d\u00e9couvrir ou red\u00e9couvrir Amilo lors du salon Respire la Vie Rennes du 16 au 18 f\u00e9vrier 2024 !","breadcrumb":{"@id":"https:\/\/www.respirelavie.fr\/rennes\/blog\/2024\/02\/01\/amilo\/#breadcrumb"},"inLanguage":"fr-FR","potentialAction":[{"@type":"ReadAction","target":["https:\/\/www.respirelavie.fr\/rennes\/blog\/2024\/02\/01\/amilo\/"]}]},{"@type":"ImageObject","inLanguage":"fr-FR","@id":"https:\/\/www.respirelavie.fr\/rennes\/blog\/2024\/02\/01\/amilo\/#primaryimage","url":"https:\/\/www.respirelavie.fr\/rennes\/wp-content\/uploads\/sites\/5\/2024\/01\/1696340988-file1-Amilo-presentation.jpg","contentUrl":"https:\/\/www.respirelavie.fr\/rennes\/wp-content\/uploads\/sites\/5\/2024\/01\/1696340988-file1-Amilo-presentation.jpg","width":726,"height":1048,"caption":"amilo"},{"@type":"BreadcrumbList","@id":"https:\/\/www.respirelavie.fr\/rennes\/blog\/2024\/02\/01\/amilo\/#breadcrumb","itemListElement":[{"@type":"ListItem","position":1,"name":"Accueil","item":"https:\/\/www.respirelavie.fr\/rennes\/"},{"@type":"ListItem","position":2,"name":"Amilo"}]},{"@type":"WebSite","@id":"https:\/\/www.respirelavie.fr\/rennes\/#website","url":"https:\/\/www.respirelavie.fr\/rennes\/","name":"Respire La Vie Rennes","description":"Respire La Vie Rennes : votre salon \u00e9colo, bio, bien-\u00eatre et habitat sain \u00e0 Rennes","publisher":{"@id":"https:\/\/www.respirelavie.fr\/rennes\/#organization"},"potentialAction":[{"@type":"SearchAction","target":{"@type":"EntryPoint","urlTemplate":"https:\/\/www.respirelavie.fr\/rennes\/?s={search_term_string}"},"query-input":{"@type":"PropertyValueSpecification","valueRequired":true,"valueName":"search_term_string"}}],"inLanguage":"fr-FR"},{"@type":"Organization","@id":"https:\/\/www.respirelavie.fr\/rennes\/#organization","name":"Respire La Vie Rennes","url":"https:\/\/www.respirelavie.fr\/rennes\/","logo":{"@type":"ImageObject","inLanguage":"fr-FR","@id":"https:\/\/www.respirelavie.fr\/rennes\/#\/schema\/logo\/image\/","url":"https:\/\/www.respirelavie.fr\/rennes\/wp-content\/uploads\/sites\/5\/2025\/11\/cropped-Logo-RESPIRE-rennes-2026.png","contentUrl":"https:\/\/www.respirelavie.fr\/rennes\/wp-content\/uploads\/sites\/5\/2025\/11\/cropped-Logo-RESPIRE-rennes-2026.png","width":921,"height":255,"caption":"Respire La Vie Rennes"},"image":{"@id":"https:\/\/www.respirelavie.fr\/rennes\/#\/schema\/logo\/image\/"}},{"@type":"Person","@id":"https:\/\/www.respirelavie.fr\/rennes\/#\/schema\/person\/773bfe7c31181098698bacd32c5d233c","name":"communication","image":{"@type":"ImageObject","inLanguage":"fr-FR","@id":"https:\/\/secure.gravatar.com\/avatar\/0f49d5b7ab56355ffa797b3ce25e4f2375cedf6bc9afe416fe669342c3524275?s=96&d=mm&r=g","url":"https:\/\/secure.gravatar.com\/avatar\/0f49d5b7ab56355ffa797b3ce25e4f2375cedf6bc9afe416fe669342c3524275?s=96&d=mm&r=g","contentUrl":"https:\/\/secure.gravatar.com\/avatar\/0f49d5b7ab56355ffa797b3ce25e4f2375cedf6bc9afe416fe669342c3524275?s=96&d=mm&r=g","caption":"communication"},"url":"https:\/\/www.respirelavie.fr\/rennes\/blog\/author\/communication\/"}]}},"_links":{"self":[{"href":"https:\/\/www.respirelavie.fr\/rennes\/wp-json\/wp\/v2\/posts\/10599","targetHints":{"allow":["GET"]}}],"collection":[{"href":"https:\/\/www.respirelavie.fr\/rennes\/wp-json\/wp\/v2\/posts"}],"about":[{"href":"https:\/\/www.respirelavie.fr\/rennes\/wp-json\/wp\/v2\/types\/post"}],"author":[{"embeddable":true,"href":"https:\/\/www.respirelavie.fr\/rennes\/wp-json\/wp\/v2\/users\/5"}],"replies":[{"embeddable":true,"href":"https:\/\/www.respirelavie.fr\/rennes\/wp-json\/wp\/v2\/comments?post=10599"}],"version-history":[{"count":3,"href":"https:\/\/www.respirelavie.fr\/rennes\/wp-json\/wp\/v2\/posts\/10599\/revisions"}],"predecessor-version":[{"id":10640,"href":"https:\/\/www.respirelavie.fr\/rennes\/wp-json\/wp\/v2\/posts\/10599\/revisions\/10640"}],"wp:featuredmedia":[{"embeddable":true,"href":"https:\/\/www.respirelavie.fr\/rennes\/wp-json\/wp\/v2\/media\/10600"}],"wp:attachment":[{"href":"https:\/\/www.respirelavie.fr\/rennes\/wp-json\/wp\/v2\/media?parent=10599"}],"wp:term":[{"taxonomy":"category","embeddable":true,"href":"https:\/\/www.respirelavie.fr\/rennes\/wp-json\/wp\/v2\/categories?post=10599"},{"taxonomy":"post_tag","embeddable":true,"href":"https:\/\/www.respirelavie.fr\/rennes\/wp-json\/wp\/v2\/tags?post=10599"}],"curies":[{"name":"wp","href":"https:\/\/api.w.org\/{rel}","templated":true}]}}