{"id":10934,"date":"2024-02-12T17:01:51","date_gmt":"2024-02-12T16:01:51","guid":{"rendered":"https:\/\/www.respirelavie.fr\/rennes\/?p=10934"},"modified":"2024-02-12T17:01:51","modified_gmt":"2024-02-12T16:01:51","slug":"nadine-dupeux","status":"publish","type":"post","link":"https:\/\/www.respirelavie.fr\/rennes\/blog\/2024\/02\/12\/nadine-dupeux\/","title":{"rendered":"Nadine Dupeux"},"content":{"rendered":"<h2>Pr\u00e9sentez-vous en quelques mots<\/h2>\n<p><a href=\"https:\/\/www.leventdanslherbe.fr\/\" target=\"_blank\" rel=\"noopener\">Plasticienne<\/a>, j&#8217;exp\u00e9rimente depuis une quinzaine d&#8217;ann\u00e9e une vannerie tr\u00e8s ancienne, la vannerie spiral\u00e9e cousue. Cette technique, qui se pratique avec les herbes sauvages et de jardin, permet \u00e0 bras le corps avec l&#8217;univers des plantes.<\/p>\n<p>N&#8217;h\u00e9sitez pas \u00e0 me contacter par e-mail : nadinerachel35@gmail.com<\/p>\n<p><img decoding=\"async\" class=\"alignnone size-medium wp-image-10935\" src=\"https:\/\/www.respirelavie.fr\/rennes\/wp-content\/uploads\/sites\/5\/2024\/02\/1707497983-file1-ORB-Pour-envoi-3-142x300.jpg\" alt=\"Nadine Dupeux - Mat\u00e9riel\" width=\"142\" height=\"300\" srcset=\"https:\/\/www.respirelavie.fr\/rennes\/wp-content\/uploads\/sites\/5\/2024\/02\/1707497983-file1-ORB-Pour-envoi-3-142x300.jpg 142w, https:\/\/www.respirelavie.fr\/rennes\/wp-content\/uploads\/sites\/5\/2024\/02\/1707497983-file1-ORB-Pour-envoi-3-486x1024.jpg 486w, https:\/\/www.respirelavie.fr\/rennes\/wp-content\/uploads\/sites\/5\/2024\/02\/1707497983-file1-ORB-Pour-envoi-3-150x316.jpg 150w, https:\/\/www.respirelavie.fr\/rennes\/wp-content\/uploads\/sites\/5\/2024\/02\/1707497983-file1-ORB-Pour-envoi-3-237x500.jpg 237w, https:\/\/www.respirelavie.fr\/rennes\/wp-content\/uploads\/sites\/5\/2024\/02\/1707497983-file1-ORB-Pour-envoi-3.jpg 672w\" sizes=\"(max-width: 142px) 100vw, 142px\" \/><\/p>\n<h2>Que propose Nadine Dupeux sur le salon ?<\/h2>\n<p>La technique que je pratique permet d&#8217;abord un lien fort avec les v\u00e9g\u00e9taux. Sa geste, toute en spirales, ouvre sur des espaces m\u00e9ditatifs et introspectifs, que l&#8217;introduction de cristaux, de coquillages, de formes en c\u00e9ramique comme les empreintes de feuilles, et l&#8217;utilisation cibl\u00e9e de plantes, ouvre sur une cr\u00e9ation \u00e9nergiquement tr\u00e8s b\u00e9n\u00e9fique.<br \/>\nCe sont ces objets, ces &#8220;ORBS&#8221;, Objets \u00e0 Rayonnement B\u00e9n\u00e9fique, que je pr\u00e9sente au salon, pour la premi\u00e8re fois.<\/p>\n<p><img fetchpriority=\"high\" decoding=\"async\" class=\"alignnone size-medium wp-image-10936\" src=\"https:\/\/www.respirelavie.fr\/rennes\/wp-content\/uploads\/sites\/5\/2024\/02\/1707497983-file2-ORB-pour-envoi-246x300.jpg\" alt=\"Nadine Dupeux - Mat\u00e9riel 2\" width=\"246\" height=\"300\" srcset=\"https:\/\/www.respirelavie.fr\/rennes\/wp-content\/uploads\/sites\/5\/2024\/02\/1707497983-file2-ORB-pour-envoi-246x300.jpg 246w, https:\/\/www.respirelavie.fr\/rennes\/wp-content\/uploads\/sites\/5\/2024\/02\/1707497983-file2-ORB-pour-envoi-839x1024.jpg 839w, https:\/\/www.respirelavie.fr\/rennes\/wp-content\/uploads\/sites\/5\/2024\/02\/1707497983-file2-ORB-pour-envoi-768x937.jpg 768w, https:\/\/www.respirelavie.fr\/rennes\/wp-content\/uploads\/sites\/5\/2024\/02\/1707497983-file2-ORB-pour-envoi-150x183.jpg 150w, https:\/\/www.respirelavie.fr\/rennes\/wp-content\/uploads\/sites\/5\/2024\/02\/1707497983-file2-ORB-pour-envoi-410x500.jpg 410w, https:\/\/www.respirelavie.fr\/rennes\/wp-content\/uploads\/sites\/5\/2024\/02\/1707497983-file2-ORB-pour-envoi.jpg 929w\" sizes=\"(max-width: 246px) 100vw, 246px\" \/><\/p>\n<h2>Parlez-nous de votre relation avec le salon<\/h2>\n<p>J&#8217;ai choisi le salon Respire de Rennes pour offrir au public pour la toute premi\u00e8re fois ma collection d&#8217;Orbs. Je sais que ce salon est fr\u00e9quent\u00e9 par des personnes curieuses et ouvertes, et j&#8217;esp\u00e8re recevoir un accueil enthousiaste. Ce sera une sorte de bapt\u00eame du feu pour cette partie de ma cr\u00e9ation \u00e0 connotation spirituelle.<\/p>\n<h2>Quelle est votre devise ?<\/h2>\n<p>J&#8217;aime ce vers du po\u00e8te persan Rabindranah Tagore : &#8220;Le m\u00eame fleuve de vie qui court \u00e0 travers mes veines nuit et jour court \u00e0 travers le monde et danse en pulsations rythm\u00e9es&#8230; Et je m&#8217;enorgueillis, car le grand battement de la vie des \u00e2ges, c&#8217;est dans mon sang qu&#8217;il danse en ce moment&#8221; (Gitarjali).<\/p>\n<p>&nbsp;<\/p>\n<p><span class=\"s1\"><a href=\"https:\/\/www.respirelavie.fr\/rennes\/visiter\/liste-des-exposants\/\" target=\"_blank\" rel=\"noopener\"><i>Consultez la liste des exposants\u00a0<\/i><\/a><\/span><\/p>\n","protected":false},"excerpt":{"rendered":"<p>Pr\u00e9sentez-vous en quelques mots Plasticienne, j&#8217;exp\u00e9rimente depuis une quinzaine d&#8217;ann\u00e9e une vannerie tr\u00e8s ancienne, la vannerie spiral\u00e9e cousue. Cette technique, qui se pratique avec les herbes sauvages et de jardin, permet \u00e0 bras le corps avec l&#8217;univers des plantes. N&#8217;h\u00e9sitez pas \u00e0 me contacter par e-mail : nadinerachel35@gmail.com Que propose Nadine Dupeux sur le salon&hellip; <\/p>\n","protected":false},"author":5,"featured_media":10936,"comment_status":"closed","ping_status":"open","sticky":false,"template":"","format":"standard","meta":{"_monsterinsights_skip_tracking":false,"_monsterinsights_sitenote_active":false,"_monsterinsights_sitenote_note":"","_monsterinsights_sitenote_category":0,"footnotes":""},"categories":[358],"tags":[],"class_list":["post-10934","post","type-post","status-publish","format-standard","has-post-thumbnail","hentry","category-portraits-exposants"],"yoast_head":"<!-- This site is optimized with the Yoast SEO plugin v27.3 - https:\/\/yoast.com\/product\/yoast-seo-wordpress\/ -->\n<title>Nadine Dupeux - Respire La Vie Rennes<\/title>\n<meta name=\"description\" content=\"Nadine Dupeux sera ravie de vous rencontrer lors du salon Respire La Vie sur Rennes du 16 au 18 f\u00e9vrier 2024 !\" \/>\n<meta name=\"robots\" content=\"index, follow, max-snippet:-1, max-image-preview:large, max-video-preview:-1\" \/>\n<link rel=\"canonical\" href=\"https:\/\/www.respirelavie.fr\/rennes\/blog\/2024\/02\/12\/nadine-dupeux\/\" \/>\n<meta property=\"og:locale\" content=\"fr_FR\" \/>\n<meta property=\"og:type\" content=\"article\" \/>\n<meta property=\"og:title\" content=\"Nadine Dupeux - Respire La Vie Rennes\" \/>\n<meta property=\"og:description\" content=\"Nadine Dupeux sera ravie de vous rencontrer lors du salon Respire La Vie sur Rennes du 16 au 18 f\u00e9vrier 2024 !\" \/>\n<meta property=\"og:url\" content=\"https:\/\/www.respirelavie.fr\/rennes\/blog\/2024\/02\/12\/nadine-dupeux\/\" \/>\n<meta property=\"og:site_name\" content=\"Respire La Vie Rennes\" \/>\n<meta property=\"article:published_time\" content=\"2024-02-12T16:01:51+00:00\" \/>\n<meta property=\"og:image\" content=\"https:\/\/www.respirelavie.fr\/rennes\/wp-content\/uploads\/sites\/5\/2024\/02\/1707497983-file2-ORB-pour-envoi.jpg\" \/>\n\t<meta property=\"og:image:width\" content=\"929\" \/>\n\t<meta property=\"og:image:height\" content=\"1134\" \/>\n\t<meta property=\"og:image:type\" content=\"image\/jpeg\" \/>\n<meta name=\"author\" content=\"communication\" \/>\n<meta name=\"twitter:card\" content=\"summary_large_image\" \/>\n<meta name=\"twitter:label1\" content=\"\u00c9crit par\" \/>\n\t<meta name=\"twitter:data1\" content=\"communication\" \/>\n\t<meta name=\"twitter:label2\" content=\"Dur\u00e9e de lecture estim\u00e9e\" \/>\n\t<meta name=\"twitter:data2\" content=\"2 minutes\" \/>\n<script type=\"application\/ld+json\" class=\"yoast-schema-graph\">{\"@context\":\"https:\\\/\\\/schema.org\",\"@graph\":[{\"@type\":\"Article\",\"@id\":\"https:\\\/\\\/www.respirelavie.fr\\\/rennes\\\/blog\\\/2024\\\/02\\\/12\\\/nadine-dupeux\\\/#article\",\"isPartOf\":{\"@id\":\"https:\\\/\\\/www.respirelavie.fr\\\/rennes\\\/blog\\\/2024\\\/02\\\/12\\\/nadine-dupeux\\\/\"},\"author\":{\"name\":\"communication\",\"@id\":\"https:\\\/\\\/www.respirelavie.fr\\\/rennes\\\/#\\\/schema\\\/person\\\/773bfe7c31181098698bacd32c5d233c\"},\"headline\":\"Nadine Dupeux\",\"datePublished\":\"2024-02-12T16:01:51+00:00\",\"mainEntityOfPage\":{\"@id\":\"https:\\\/\\\/www.respirelavie.fr\\\/rennes\\\/blog\\\/2024\\\/02\\\/12\\\/nadine-dupeux\\\/\"},\"wordCount\":290,\"publisher\":{\"@id\":\"https:\\\/\\\/www.respirelavie.fr\\\/rennes\\\/#organization\"},\"image\":{\"@id\":\"https:\\\/\\\/www.respirelavie.fr\\\/rennes\\\/blog\\\/2024\\\/02\\\/12\\\/nadine-dupeux\\\/#primaryimage\"},\"thumbnailUrl\":\"https:\\\/\\\/www.respirelavie.fr\\\/rennes\\\/wp-content\\\/uploads\\\/sites\\\/5\\\/2024\\\/02\\\/1707497983-file2-ORB-pour-envoi.jpg\",\"articleSection\":[\"Portraits d'exposants\"],\"inLanguage\":\"fr-FR\"},{\"@type\":\"WebPage\",\"@id\":\"https:\\\/\\\/www.respirelavie.fr\\\/rennes\\\/blog\\\/2024\\\/02\\\/12\\\/nadine-dupeux\\\/\",\"url\":\"https:\\\/\\\/www.respirelavie.fr\\\/rennes\\\/blog\\\/2024\\\/02\\\/12\\\/nadine-dupeux\\\/\",\"name\":\"Nadine Dupeux - Respire La Vie Rennes\",\"isPartOf\":{\"@id\":\"https:\\\/\\\/www.respirelavie.fr\\\/rennes\\\/#website\"},\"primaryImageOfPage\":{\"@id\":\"https:\\\/\\\/www.respirelavie.fr\\\/rennes\\\/blog\\\/2024\\\/02\\\/12\\\/nadine-dupeux\\\/#primaryimage\"},\"image\":{\"@id\":\"https:\\\/\\\/www.respirelavie.fr\\\/rennes\\\/blog\\\/2024\\\/02\\\/12\\\/nadine-dupeux\\\/#primaryimage\"},\"thumbnailUrl\":\"https:\\\/\\\/www.respirelavie.fr\\\/rennes\\\/wp-content\\\/uploads\\\/sites\\\/5\\\/2024\\\/02\\\/1707497983-file2-ORB-pour-envoi.jpg\",\"datePublished\":\"2024-02-12T16:01:51+00:00\",\"description\":\"Nadine Dupeux sera ravie de vous rencontrer lors du salon Respire La Vie sur Rennes du 16 au 18 f\u00e9vrier 2024 !\",\"breadcrumb\":{\"@id\":\"https:\\\/\\\/www.respirelavie.fr\\\/rennes\\\/blog\\\/2024\\\/02\\\/12\\\/nadine-dupeux\\\/#breadcrumb\"},\"inLanguage\":\"fr-FR\",\"potentialAction\":[{\"@type\":\"ReadAction\",\"target\":[\"https:\\\/\\\/www.respirelavie.fr\\\/rennes\\\/blog\\\/2024\\\/02\\\/12\\\/nadine-dupeux\\\/\"]}]},{\"@type\":\"ImageObject\",\"inLanguage\":\"fr-FR\",\"@id\":\"https:\\\/\\\/www.respirelavie.fr\\\/rennes\\\/blog\\\/2024\\\/02\\\/12\\\/nadine-dupeux\\\/#primaryimage\",\"url\":\"https:\\\/\\\/www.respirelavie.fr\\\/rennes\\\/wp-content\\\/uploads\\\/sites\\\/5\\\/2024\\\/02\\\/1707497983-file2-ORB-pour-envoi.jpg\",\"contentUrl\":\"https:\\\/\\\/www.respirelavie.fr\\\/rennes\\\/wp-content\\\/uploads\\\/sites\\\/5\\\/2024\\\/02\\\/1707497983-file2-ORB-pour-envoi.jpg\",\"width\":929,\"height\":1134,\"caption\":\"Nadine Dupeux - Mat\u00e9riel 2\"},{\"@type\":\"BreadcrumbList\",\"@id\":\"https:\\\/\\\/www.respirelavie.fr\\\/rennes\\\/blog\\\/2024\\\/02\\\/12\\\/nadine-dupeux\\\/#breadcrumb\",\"itemListElement\":[{\"@type\":\"ListItem\",\"position\":1,\"name\":\"Accueil\",\"item\":\"https:\\\/\\\/www.respirelavie.fr\\\/rennes\\\/\"},{\"@type\":\"ListItem\",\"position\":2,\"name\":\"Nadine Dupeux\"}]},{\"@type\":\"WebSite\",\"@id\":\"https:\\\/\\\/www.respirelavie.fr\\\/rennes\\\/#website\",\"url\":\"https:\\\/\\\/www.respirelavie.fr\\\/rennes\\\/\",\"name\":\"Respire La Vie Rennes\",\"description\":\"Respire La Vie Rennes : votre salon \u00e9colo, bio, bien-\u00eatre et habitat sain \u00e0 Rennes\",\"publisher\":{\"@id\":\"https:\\\/\\\/www.respirelavie.fr\\\/rennes\\\/#organization\"},\"potentialAction\":[{\"@type\":\"SearchAction\",\"target\":{\"@type\":\"EntryPoint\",\"urlTemplate\":\"https:\\\/\\\/www.respirelavie.fr\\\/rennes\\\/?s={search_term_string}\"},\"query-input\":{\"@type\":\"PropertyValueSpecification\",\"valueRequired\":true,\"valueName\":\"search_term_string\"}}],\"inLanguage\":\"fr-FR\"},{\"@type\":\"Organization\",\"@id\":\"https:\\\/\\\/www.respirelavie.fr\\\/rennes\\\/#organization\",\"name\":\"Respire La Vie Rennes\",\"url\":\"https:\\\/\\\/www.respirelavie.fr\\\/rennes\\\/\",\"logo\":{\"@type\":\"ImageObject\",\"inLanguage\":\"fr-FR\",\"@id\":\"https:\\\/\\\/www.respirelavie.fr\\\/rennes\\\/#\\\/schema\\\/logo\\\/image\\\/\",\"url\":\"https:\\\/\\\/www.respirelavie.fr\\\/rennes\\\/wp-content\\\/uploads\\\/sites\\\/5\\\/2025\\\/11\\\/cropped-Logo-RESPIRE-rennes-2026.png\",\"contentUrl\":\"https:\\\/\\\/www.respirelavie.fr\\\/rennes\\\/wp-content\\\/uploads\\\/sites\\\/5\\\/2025\\\/11\\\/cropped-Logo-RESPIRE-rennes-2026.png\",\"width\":921,\"height\":255,\"caption\":\"Respire La Vie Rennes\"},\"image\":{\"@id\":\"https:\\\/\\\/www.respirelavie.fr\\\/rennes\\\/#\\\/schema\\\/logo\\\/image\\\/\"}},{\"@type\":\"Person\",\"@id\":\"https:\\\/\\\/www.respirelavie.fr\\\/rennes\\\/#\\\/schema\\\/person\\\/773bfe7c31181098698bacd32c5d233c\",\"name\":\"communication\",\"image\":{\"@type\":\"ImageObject\",\"inLanguage\":\"fr-FR\",\"@id\":\"https:\\\/\\\/secure.gravatar.com\\\/avatar\\\/0f49d5b7ab56355ffa797b3ce25e4f2375cedf6bc9afe416fe669342c3524275?s=96&d=mm&r=g\",\"url\":\"https:\\\/\\\/secure.gravatar.com\\\/avatar\\\/0f49d5b7ab56355ffa797b3ce25e4f2375cedf6bc9afe416fe669342c3524275?s=96&d=mm&r=g\",\"contentUrl\":\"https:\\\/\\\/secure.gravatar.com\\\/avatar\\\/0f49d5b7ab56355ffa797b3ce25e4f2375cedf6bc9afe416fe669342c3524275?s=96&d=mm&r=g\",\"caption\":\"communication\"},\"url\":\"https:\\\/\\\/www.respirelavie.fr\\\/rennes\\\/blog\\\/author\\\/communication\\\/\"}]}<\/script>\n<!-- \/ Yoast SEO plugin. -->","yoast_head_json":{"title":"Nadine Dupeux - Respire La Vie Rennes","description":"Nadine Dupeux sera ravie de vous rencontrer lors du salon Respire La Vie sur Rennes du 16 au 18 f\u00e9vrier 2024 !","robots":{"index":"index","follow":"follow","max-snippet":"max-snippet:-1","max-image-preview":"max-image-preview:large","max-video-preview":"max-video-preview:-1"},"canonical":"https:\/\/www.respirelavie.fr\/rennes\/blog\/2024\/02\/12\/nadine-dupeux\/","og_locale":"fr_FR","og_type":"article","og_title":"Nadine Dupeux - Respire La Vie Rennes","og_description":"Nadine Dupeux sera ravie de vous rencontrer lors du salon Respire La Vie sur Rennes du 16 au 18 f\u00e9vrier 2024 !","og_url":"https:\/\/www.respirelavie.fr\/rennes\/blog\/2024\/02\/12\/nadine-dupeux\/","og_site_name":"Respire La Vie Rennes","article_published_time":"2024-02-12T16:01:51+00:00","og_image":[{"width":929,"height":1134,"url":"https:\/\/www.respirelavie.fr\/rennes\/wp-content\/uploads\/sites\/5\/2024\/02\/1707497983-file2-ORB-pour-envoi.jpg","type":"image\/jpeg"}],"author":"communication","twitter_card":"summary_large_image","twitter_misc":{"\u00c9crit par":"communication","Dur\u00e9e de lecture estim\u00e9e":"2 minutes"},"schema":{"@context":"https:\/\/schema.org","@graph":[{"@type":"Article","@id":"https:\/\/www.respirelavie.fr\/rennes\/blog\/2024\/02\/12\/nadine-dupeux\/#article","isPartOf":{"@id":"https:\/\/www.respirelavie.fr\/rennes\/blog\/2024\/02\/12\/nadine-dupeux\/"},"author":{"name":"communication","@id":"https:\/\/www.respirelavie.fr\/rennes\/#\/schema\/person\/773bfe7c31181098698bacd32c5d233c"},"headline":"Nadine Dupeux","datePublished":"2024-02-12T16:01:51+00:00","mainEntityOfPage":{"@id":"https:\/\/www.respirelavie.fr\/rennes\/blog\/2024\/02\/12\/nadine-dupeux\/"},"wordCount":290,"publisher":{"@id":"https:\/\/www.respirelavie.fr\/rennes\/#organization"},"image":{"@id":"https:\/\/www.respirelavie.fr\/rennes\/blog\/2024\/02\/12\/nadine-dupeux\/#primaryimage"},"thumbnailUrl":"https:\/\/www.respirelavie.fr\/rennes\/wp-content\/uploads\/sites\/5\/2024\/02\/1707497983-file2-ORB-pour-envoi.jpg","articleSection":["Portraits d'exposants"],"inLanguage":"fr-FR"},{"@type":"WebPage","@id":"https:\/\/www.respirelavie.fr\/rennes\/blog\/2024\/02\/12\/nadine-dupeux\/","url":"https:\/\/www.respirelavie.fr\/rennes\/blog\/2024\/02\/12\/nadine-dupeux\/","name":"Nadine Dupeux - Respire La Vie Rennes","isPartOf":{"@id":"https:\/\/www.respirelavie.fr\/rennes\/#website"},"primaryImageOfPage":{"@id":"https:\/\/www.respirelavie.fr\/rennes\/blog\/2024\/02\/12\/nadine-dupeux\/#primaryimage"},"image":{"@id":"https:\/\/www.respirelavie.fr\/rennes\/blog\/2024\/02\/12\/nadine-dupeux\/#primaryimage"},"thumbnailUrl":"https:\/\/www.respirelavie.fr\/rennes\/wp-content\/uploads\/sites\/5\/2024\/02\/1707497983-file2-ORB-pour-envoi.jpg","datePublished":"2024-02-12T16:01:51+00:00","description":"Nadine Dupeux sera ravie de vous rencontrer lors du salon Respire La Vie sur Rennes du 16 au 18 f\u00e9vrier 2024 !","breadcrumb":{"@id":"https:\/\/www.respirelavie.fr\/rennes\/blog\/2024\/02\/12\/nadine-dupeux\/#breadcrumb"},"inLanguage":"fr-FR","potentialAction":[{"@type":"ReadAction","target":["https:\/\/www.respirelavie.fr\/rennes\/blog\/2024\/02\/12\/nadine-dupeux\/"]}]},{"@type":"ImageObject","inLanguage":"fr-FR","@id":"https:\/\/www.respirelavie.fr\/rennes\/blog\/2024\/02\/12\/nadine-dupeux\/#primaryimage","url":"https:\/\/www.respirelavie.fr\/rennes\/wp-content\/uploads\/sites\/5\/2024\/02\/1707497983-file2-ORB-pour-envoi.jpg","contentUrl":"https:\/\/www.respirelavie.fr\/rennes\/wp-content\/uploads\/sites\/5\/2024\/02\/1707497983-file2-ORB-pour-envoi.jpg","width":929,"height":1134,"caption":"Nadine Dupeux - Mat\u00e9riel 2"},{"@type":"BreadcrumbList","@id":"https:\/\/www.respirelavie.fr\/rennes\/blog\/2024\/02\/12\/nadine-dupeux\/#breadcrumb","itemListElement":[{"@type":"ListItem","position":1,"name":"Accueil","item":"https:\/\/www.respirelavie.fr\/rennes\/"},{"@type":"ListItem","position":2,"name":"Nadine Dupeux"}]},{"@type":"WebSite","@id":"https:\/\/www.respirelavie.fr\/rennes\/#website","url":"https:\/\/www.respirelavie.fr\/rennes\/","name":"Respire La Vie Rennes","description":"Respire La Vie Rennes : votre salon \u00e9colo, bio, bien-\u00eatre et habitat sain \u00e0 Rennes","publisher":{"@id":"https:\/\/www.respirelavie.fr\/rennes\/#organization"},"potentialAction":[{"@type":"SearchAction","target":{"@type":"EntryPoint","urlTemplate":"https:\/\/www.respirelavie.fr\/rennes\/?s={search_term_string}"},"query-input":{"@type":"PropertyValueSpecification","valueRequired":true,"valueName":"search_term_string"}}],"inLanguage":"fr-FR"},{"@type":"Organization","@id":"https:\/\/www.respirelavie.fr\/rennes\/#organization","name":"Respire La Vie Rennes","url":"https:\/\/www.respirelavie.fr\/rennes\/","logo":{"@type":"ImageObject","inLanguage":"fr-FR","@id":"https:\/\/www.respirelavie.fr\/rennes\/#\/schema\/logo\/image\/","url":"https:\/\/www.respirelavie.fr\/rennes\/wp-content\/uploads\/sites\/5\/2025\/11\/cropped-Logo-RESPIRE-rennes-2026.png","contentUrl":"https:\/\/www.respirelavie.fr\/rennes\/wp-content\/uploads\/sites\/5\/2025\/11\/cropped-Logo-RESPIRE-rennes-2026.png","width":921,"height":255,"caption":"Respire La Vie Rennes"},"image":{"@id":"https:\/\/www.respirelavie.fr\/rennes\/#\/schema\/logo\/image\/"}},{"@type":"Person","@id":"https:\/\/www.respirelavie.fr\/rennes\/#\/schema\/person\/773bfe7c31181098698bacd32c5d233c","name":"communication","image":{"@type":"ImageObject","inLanguage":"fr-FR","@id":"https:\/\/secure.gravatar.com\/avatar\/0f49d5b7ab56355ffa797b3ce25e4f2375cedf6bc9afe416fe669342c3524275?s=96&d=mm&r=g","url":"https:\/\/secure.gravatar.com\/avatar\/0f49d5b7ab56355ffa797b3ce25e4f2375cedf6bc9afe416fe669342c3524275?s=96&d=mm&r=g","contentUrl":"https:\/\/secure.gravatar.com\/avatar\/0f49d5b7ab56355ffa797b3ce25e4f2375cedf6bc9afe416fe669342c3524275?s=96&d=mm&r=g","caption":"communication"},"url":"https:\/\/www.respirelavie.fr\/rennes\/blog\/author\/communication\/"}]}},"_links":{"self":[{"href":"https:\/\/www.respirelavie.fr\/rennes\/wp-json\/wp\/v2\/posts\/10934","targetHints":{"allow":["GET"]}}],"collection":[{"href":"https:\/\/www.respirelavie.fr\/rennes\/wp-json\/wp\/v2\/posts"}],"about":[{"href":"https:\/\/www.respirelavie.fr\/rennes\/wp-json\/wp\/v2\/types\/post"}],"author":[{"embeddable":true,"href":"https:\/\/www.respirelavie.fr\/rennes\/wp-json\/wp\/v2\/users\/5"}],"replies":[{"embeddable":true,"href":"https:\/\/www.respirelavie.fr\/rennes\/wp-json\/wp\/v2\/comments?post=10934"}],"version-history":[{"count":3,"href":"https:\/\/www.respirelavie.fr\/rennes\/wp-json\/wp\/v2\/posts\/10934\/revisions"}],"predecessor-version":[{"id":10951,"href":"https:\/\/www.respirelavie.fr\/rennes\/wp-json\/wp\/v2\/posts\/10934\/revisions\/10951"}],"wp:featuredmedia":[{"embeddable":true,"href":"https:\/\/www.respirelavie.fr\/rennes\/wp-json\/wp\/v2\/media\/10936"}],"wp:attachment":[{"href":"https:\/\/www.respirelavie.fr\/rennes\/wp-json\/wp\/v2\/media?parent=10934"}],"wp:term":[{"taxonomy":"category","embeddable":true,"href":"https:\/\/www.respirelavie.fr\/rennes\/wp-json\/wp\/v2\/categories?post=10934"},{"taxonomy":"post_tag","embeddable":true,"href":"https:\/\/www.respirelavie.fr\/rennes\/wp-json\/wp\/v2\/tags?post=10934"}],"curies":[{"name":"wp","href":"https:\/\/api.w.org\/{rel}","templated":true}]}}