{"id":9373,"date":"2023-01-31T12:26:50","date_gmt":"2023-01-31T11:26:50","guid":{"rendered":"https:\/\/www.respirelavie.fr\/rennes\/?p=9373"},"modified":"2023-05-03T10:14:04","modified_gmt":"2023-05-03T08:14:04","slug":"medi-para-clinic-vivitex","status":"publish","type":"post","link":"https:\/\/www.respirelavie.fr\/rennes\/blog\/2023\/01\/31\/medi-para-clinic-vivitex\/","title":{"rendered":"Portrait d&#8217;exposant &#8211; Medi Para Clinic Vivitex"},"content":{"rendered":"<h2>Pr\u00e9sentez-vous en quelques mots<\/h2>\n<p>Toute la <a href=\"https:\/\/www.vivitex.fr\/2-home\" target=\"_blank\" rel=\"noopener\">gamme<\/a> de Medi Para Clinic Vivitex est con\u00e7ue avec la fibre Nexus Energy Source. Cette derni\u00e8re \u00e9met un rayonnement infrarouge qui est b\u00e9n\u00e9fique pour la circulation sanguine, la pression art\u00e9rielle et pour l&#8217;apport d&#8217;oxyg\u00e8ne aux muscles et au cerveau.<br \/>\nCes rayons permettent d&#8217;inhiber les processus inflammatoires, de tuer les bact\u00e9ries, de diminuer la douleur, d&#8217;am\u00e9liorer le sommeil et de r\u00e9duire la concentration d&#8217;acide lactique dans le sang et les muscles.<\/p>\n<h2><img fetchpriority=\"high\" decoding=\"async\" class=\"aligncenter wp-image-9375\" src=\"https:\/\/www.respirelavie.fr\/rennes\/wp-content\/uploads\/sites\/5\/2023\/01\/1675155872-file1-PUB-SALON-rennes-300x212.jpeg\" alt=\"Medi Para Clinic Vivitex affiche\" width=\"389\" height=\"275\" srcset=\"https:\/\/www.respirelavie.fr\/rennes\/wp-content\/uploads\/sites\/5\/2023\/01\/1675155872-file1-PUB-SALON-rennes-300x212.jpeg 300w, https:\/\/www.respirelavie.fr\/rennes\/wp-content\/uploads\/sites\/5\/2023\/01\/1675155872-file1-PUB-SALON-rennes-1024x724.jpeg 1024w, https:\/\/www.respirelavie.fr\/rennes\/wp-content\/uploads\/sites\/5\/2023\/01\/1675155872-file1-PUB-SALON-rennes-768x543.jpeg 768w, https:\/\/www.respirelavie.fr\/rennes\/wp-content\/uploads\/sites\/5\/2023\/01\/1675155872-file1-PUB-SALON-rennes-1536x1086.jpeg 1536w, https:\/\/www.respirelavie.fr\/rennes\/wp-content\/uploads\/sites\/5\/2023\/01\/1675155872-file1-PUB-SALON-rennes-2048x1448.jpeg 2048w, https:\/\/www.respirelavie.fr\/rennes\/wp-content\/uploads\/sites\/5\/2023\/01\/1675155872-file1-PUB-SALON-rennes-150x106.jpeg 150w, https:\/\/www.respirelavie.fr\/rennes\/wp-content\/uploads\/sites\/5\/2023\/01\/1675155872-file1-PUB-SALON-rennes-500x354.jpeg 500w\" sizes=\"(max-width: 389px) 100vw, 389px\" \/><\/h2>\n<h2>Que propose Medi Para Clinic Vivitex sur le salon ?<\/h2>\n<p>Nous proposons sur le salon notre gamme Vivitex qui contient :<\/p>\n<ul>\n<li>Une gamme d&#8217;articles orthop\u00e9diques,<\/li>\n<li>Une ligne de v\u00eatement sport,<\/li>\n<li>Une ligne de literie avec en nouveaut\u00e9 un Topper \u00e0 m\u00e9moire de forme en Lympa (fibre v\u00e9g\u00e9tale).<\/li>\n<\/ul>\n<h2>Parlez-nous de votre relation avec le salon<\/h2>\n<p>Le salon de Rennes est un salon que nous faisons depuis de nombreuses ann\u00e9es et nous sommes heureux d&#8217;y retrouver nos clients.<\/p>\n<p>&nbsp;<\/p>\n<p><em><a href=\"https:\/\/www.respirelavie.fr\/rennes\/visiter\/liste-des-exposants\/\" target=\"_blank\" rel=\"noopener\">Consultez la liste des exposants<\/a><\/em><\/p>\n","protected":false},"excerpt":{"rendered":"<p>Pr\u00e9sentez-vous en quelques mots Toute la gamme de Medi Para Clinic Vivitex est con\u00e7ue avec la fibre Nexus Energy Source. Cette derni\u00e8re \u00e9met un rayonnement infrarouge qui est b\u00e9n\u00e9fique pour la circulation sanguine, la pression art\u00e9rielle et pour l&#8217;apport d&#8217;oxyg\u00e8ne aux muscles et au cerveau. Ces rayons permettent d&#8217;inhiber les processus inflammatoires, de tuer les&hellip; <\/p>\n","protected":false},"author":5,"featured_media":9387,"comment_status":"closed","ping_status":"open","sticky":false,"template":"","format":"standard","meta":{"_monsterinsights_skip_tracking":false,"_monsterinsights_sitenote_active":false,"_monsterinsights_sitenote_note":"","_monsterinsights_sitenote_category":0,"footnotes":""},"categories":[26],"tags":[],"class_list":["post-9373","post","type-post","status-publish","format-standard","has-post-thumbnail","hentry","category-actualites"],"yoast_head":"<!-- This site is optimized with the Yoast SEO plugin v27.3 - https:\/\/yoast.com\/product\/yoast-seo-wordpress\/ -->\n<title>Portrait d&#039;exposant - Medi Para Clinic Vivitex -<\/title>\n<meta name=\"description\" content=\"Venez rencontrer Medi Para Clinic Vivitex au Parc des Expositions du salon Respire la Vie du 24 au 26 f\u00e9vrier 2023.\" \/>\n<meta name=\"robots\" content=\"index, follow, max-snippet:-1, max-image-preview:large, max-video-preview:-1\" \/>\n<link rel=\"canonical\" href=\"https:\/\/www.respirelavie.fr\/rennes\/blog\/2023\/01\/31\/medi-para-clinic-vivitex\/\" \/>\n<meta property=\"og:locale\" content=\"fr_FR\" \/>\n<meta property=\"og:type\" content=\"article\" \/>\n<meta property=\"og:title\" content=\"Portrait d&#039;exposant - Medi Para Clinic Vivitex -\" \/>\n<meta property=\"og:description\" content=\"Venez rencontrer Medi Para Clinic Vivitex au Parc des Expositions du salon Respire la Vie du 24 au 26 f\u00e9vrier 2023.\" \/>\n<meta property=\"og:url\" content=\"https:\/\/www.respirelavie.fr\/rennes\/blog\/2023\/01\/31\/medi-para-clinic-vivitex\/\" \/>\n<meta property=\"og:site_name\" content=\"Respire La Vie Rennes\" \/>\n<meta property=\"article:published_time\" content=\"2023-01-31T11:26:50+00:00\" \/>\n<meta property=\"article:modified_time\" content=\"2023-05-03T08:14:04+00:00\" \/>\n<meta property=\"og:image\" content=\"https:\/\/www.respirelavie.fr\/rennes\/wp-content\/uploads\/sites\/5\/2023\/01\/Mise-en-avant-Respire-la-Vie-4-1.png\" \/>\n\t<meta property=\"og:image:width\" content=\"800\" \/>\n\t<meta property=\"og:image:height\" content=\"800\" \/>\n\t<meta property=\"og:image:type\" content=\"image\/png\" \/>\n<meta name=\"author\" content=\"communication\" \/>\n<meta name=\"twitter:card\" content=\"summary_large_image\" \/>\n<meta name=\"twitter:label1\" content=\"\u00c9crit par\" \/>\n\t<meta name=\"twitter:data1\" content=\"communication\" \/>\n\t<meta name=\"twitter:label2\" content=\"Dur\u00e9e de lecture estim\u00e9e\" \/>\n\t<meta name=\"twitter:data2\" content=\"1 minute\" \/>\n<script type=\"application\/ld+json\" class=\"yoast-schema-graph\">{\"@context\":\"https:\\\/\\\/schema.org\",\"@graph\":[{\"@type\":\"Article\",\"@id\":\"https:\\\/\\\/www.respirelavie.fr\\\/rennes\\\/blog\\\/2023\\\/01\\\/31\\\/medi-para-clinic-vivitex\\\/#article\",\"isPartOf\":{\"@id\":\"https:\\\/\\\/www.respirelavie.fr\\\/rennes\\\/blog\\\/2023\\\/01\\\/31\\\/medi-para-clinic-vivitex\\\/\"},\"author\":{\"name\":\"communication\",\"@id\":\"https:\\\/\\\/www.respirelavie.fr\\\/rennes\\\/#\\\/schema\\\/person\\\/773bfe7c31181098698bacd32c5d233c\"},\"headline\":\"Portrait d&#8217;exposant &#8211; Medi Para Clinic Vivitex\",\"datePublished\":\"2023-01-31T11:26:50+00:00\",\"dateModified\":\"2023-05-03T08:14:04+00:00\",\"mainEntityOfPage\":{\"@id\":\"https:\\\/\\\/www.respirelavie.fr\\\/rennes\\\/blog\\\/2023\\\/01\\\/31\\\/medi-para-clinic-vivitex\\\/\"},\"wordCount\":186,\"publisher\":{\"@id\":\"https:\\\/\\\/www.respirelavie.fr\\\/rennes\\\/#organization\"},\"image\":{\"@id\":\"https:\\\/\\\/www.respirelavie.fr\\\/rennes\\\/blog\\\/2023\\\/01\\\/31\\\/medi-para-clinic-vivitex\\\/#primaryimage\"},\"thumbnailUrl\":\"https:\\\/\\\/www.respirelavie.fr\\\/rennes\\\/wp-content\\\/uploads\\\/sites\\\/5\\\/2023\\\/01\\\/Mise-en-avant-Respire-la-Vie-4-1.png\",\"articleSection\":[\"Actualit\u00e9s\"],\"inLanguage\":\"fr-FR\"},{\"@type\":\"WebPage\",\"@id\":\"https:\\\/\\\/www.respirelavie.fr\\\/rennes\\\/blog\\\/2023\\\/01\\\/31\\\/medi-para-clinic-vivitex\\\/\",\"url\":\"https:\\\/\\\/www.respirelavie.fr\\\/rennes\\\/blog\\\/2023\\\/01\\\/31\\\/medi-para-clinic-vivitex\\\/\",\"name\":\"Portrait d'exposant - Medi Para Clinic Vivitex -\",\"isPartOf\":{\"@id\":\"https:\\\/\\\/www.respirelavie.fr\\\/rennes\\\/#website\"},\"primaryImageOfPage\":{\"@id\":\"https:\\\/\\\/www.respirelavie.fr\\\/rennes\\\/blog\\\/2023\\\/01\\\/31\\\/medi-para-clinic-vivitex\\\/#primaryimage\"},\"image\":{\"@id\":\"https:\\\/\\\/www.respirelavie.fr\\\/rennes\\\/blog\\\/2023\\\/01\\\/31\\\/medi-para-clinic-vivitex\\\/#primaryimage\"},\"thumbnailUrl\":\"https:\\\/\\\/www.respirelavie.fr\\\/rennes\\\/wp-content\\\/uploads\\\/sites\\\/5\\\/2023\\\/01\\\/Mise-en-avant-Respire-la-Vie-4-1.png\",\"datePublished\":\"2023-01-31T11:26:50+00:00\",\"dateModified\":\"2023-05-03T08:14:04+00:00\",\"description\":\"Venez rencontrer Medi Para Clinic Vivitex au Parc des Expositions du salon Respire la Vie du 24 au 26 f\u00e9vrier 2023.\",\"breadcrumb\":{\"@id\":\"https:\\\/\\\/www.respirelavie.fr\\\/rennes\\\/blog\\\/2023\\\/01\\\/31\\\/medi-para-clinic-vivitex\\\/#breadcrumb\"},\"inLanguage\":\"fr-FR\",\"potentialAction\":[{\"@type\":\"ReadAction\",\"target\":[\"https:\\\/\\\/www.respirelavie.fr\\\/rennes\\\/blog\\\/2023\\\/01\\\/31\\\/medi-para-clinic-vivitex\\\/\"]}]},{\"@type\":\"ImageObject\",\"inLanguage\":\"fr-FR\",\"@id\":\"https:\\\/\\\/www.respirelavie.fr\\\/rennes\\\/blog\\\/2023\\\/01\\\/31\\\/medi-para-clinic-vivitex\\\/#primaryimage\",\"url\":\"https:\\\/\\\/www.respirelavie.fr\\\/rennes\\\/wp-content\\\/uploads\\\/sites\\\/5\\\/2023\\\/01\\\/Mise-en-avant-Respire-la-Vie-4-1.png\",\"contentUrl\":\"https:\\\/\\\/www.respirelavie.fr\\\/rennes\\\/wp-content\\\/uploads\\\/sites\\\/5\\\/2023\\\/01\\\/Mise-en-avant-Respire-la-Vie-4-1.png\",\"width\":800,\"height\":800,\"caption\":\"Vivitex Avant\"},{\"@type\":\"BreadcrumbList\",\"@id\":\"https:\\\/\\\/www.respirelavie.fr\\\/rennes\\\/blog\\\/2023\\\/01\\\/31\\\/medi-para-clinic-vivitex\\\/#breadcrumb\",\"itemListElement\":[{\"@type\":\"ListItem\",\"position\":1,\"name\":\"Accueil\",\"item\":\"https:\\\/\\\/www.respirelavie.fr\\\/rennes\\\/\"},{\"@type\":\"ListItem\",\"position\":2,\"name\":\"Portrait d&#8217;exposant &#8211; Medi Para Clinic Vivitex\"}]},{\"@type\":\"WebSite\",\"@id\":\"https:\\\/\\\/www.respirelavie.fr\\\/rennes\\\/#website\",\"url\":\"https:\\\/\\\/www.respirelavie.fr\\\/rennes\\\/\",\"name\":\"Respire La Vie Rennes\",\"description\":\"Respire La Vie Rennes : votre salon \u00e9colo, bio, bien-\u00eatre et habitat sain \u00e0 Rennes\",\"publisher\":{\"@id\":\"https:\\\/\\\/www.respirelavie.fr\\\/rennes\\\/#organization\"},\"potentialAction\":[{\"@type\":\"SearchAction\",\"target\":{\"@type\":\"EntryPoint\",\"urlTemplate\":\"https:\\\/\\\/www.respirelavie.fr\\\/rennes\\\/?s={search_term_string}\"},\"query-input\":{\"@type\":\"PropertyValueSpecification\",\"valueRequired\":true,\"valueName\":\"search_term_string\"}}],\"inLanguage\":\"fr-FR\"},{\"@type\":\"Organization\",\"@id\":\"https:\\\/\\\/www.respirelavie.fr\\\/rennes\\\/#organization\",\"name\":\"Respire La Vie Rennes\",\"url\":\"https:\\\/\\\/www.respirelavie.fr\\\/rennes\\\/\",\"logo\":{\"@type\":\"ImageObject\",\"inLanguage\":\"fr-FR\",\"@id\":\"https:\\\/\\\/www.respirelavie.fr\\\/rennes\\\/#\\\/schema\\\/logo\\\/image\\\/\",\"url\":\"https:\\\/\\\/www.respirelavie.fr\\\/rennes\\\/wp-content\\\/uploads\\\/sites\\\/5\\\/2025\\\/11\\\/cropped-Logo-RESPIRE-rennes-2026.png\",\"contentUrl\":\"https:\\\/\\\/www.respirelavie.fr\\\/rennes\\\/wp-content\\\/uploads\\\/sites\\\/5\\\/2025\\\/11\\\/cropped-Logo-RESPIRE-rennes-2026.png\",\"width\":921,\"height\":255,\"caption\":\"Respire La Vie Rennes\"},\"image\":{\"@id\":\"https:\\\/\\\/www.respirelavie.fr\\\/rennes\\\/#\\\/schema\\\/logo\\\/image\\\/\"}},{\"@type\":\"Person\",\"@id\":\"https:\\\/\\\/www.respirelavie.fr\\\/rennes\\\/#\\\/schema\\\/person\\\/773bfe7c31181098698bacd32c5d233c\",\"name\":\"communication\",\"image\":{\"@type\":\"ImageObject\",\"inLanguage\":\"fr-FR\",\"@id\":\"https:\\\/\\\/secure.gravatar.com\\\/avatar\\\/0f49d5b7ab56355ffa797b3ce25e4f2375cedf6bc9afe416fe669342c3524275?s=96&d=mm&r=g\",\"url\":\"https:\\\/\\\/secure.gravatar.com\\\/avatar\\\/0f49d5b7ab56355ffa797b3ce25e4f2375cedf6bc9afe416fe669342c3524275?s=96&d=mm&r=g\",\"contentUrl\":\"https:\\\/\\\/secure.gravatar.com\\\/avatar\\\/0f49d5b7ab56355ffa797b3ce25e4f2375cedf6bc9afe416fe669342c3524275?s=96&d=mm&r=g\",\"caption\":\"communication\"},\"url\":\"https:\\\/\\\/www.respirelavie.fr\\\/rennes\\\/blog\\\/author\\\/communication\\\/\"}]}<\/script>\n<!-- \/ Yoast SEO plugin. -->","yoast_head_json":{"title":"Portrait d'exposant - Medi Para Clinic Vivitex -","description":"Venez rencontrer Medi Para Clinic Vivitex au Parc des Expositions du salon Respire la Vie du 24 au 26 f\u00e9vrier 2023.","robots":{"index":"index","follow":"follow","max-snippet":"max-snippet:-1","max-image-preview":"max-image-preview:large","max-video-preview":"max-video-preview:-1"},"canonical":"https:\/\/www.respirelavie.fr\/rennes\/blog\/2023\/01\/31\/medi-para-clinic-vivitex\/","og_locale":"fr_FR","og_type":"article","og_title":"Portrait d'exposant - Medi Para Clinic Vivitex -","og_description":"Venez rencontrer Medi Para Clinic Vivitex au Parc des Expositions du salon Respire la Vie du 24 au 26 f\u00e9vrier 2023.","og_url":"https:\/\/www.respirelavie.fr\/rennes\/blog\/2023\/01\/31\/medi-para-clinic-vivitex\/","og_site_name":"Respire La Vie Rennes","article_published_time":"2023-01-31T11:26:50+00:00","article_modified_time":"2023-05-03T08:14:04+00:00","og_image":[{"width":800,"height":800,"url":"https:\/\/www.respirelavie.fr\/rennes\/wp-content\/uploads\/sites\/5\/2023\/01\/Mise-en-avant-Respire-la-Vie-4-1.png","type":"image\/png"}],"author":"communication","twitter_card":"summary_large_image","twitter_misc":{"\u00c9crit par":"communication","Dur\u00e9e de lecture estim\u00e9e":"1 minute"},"schema":{"@context":"https:\/\/schema.org","@graph":[{"@type":"Article","@id":"https:\/\/www.respirelavie.fr\/rennes\/blog\/2023\/01\/31\/medi-para-clinic-vivitex\/#article","isPartOf":{"@id":"https:\/\/www.respirelavie.fr\/rennes\/blog\/2023\/01\/31\/medi-para-clinic-vivitex\/"},"author":{"name":"communication","@id":"https:\/\/www.respirelavie.fr\/rennes\/#\/schema\/person\/773bfe7c31181098698bacd32c5d233c"},"headline":"Portrait d&#8217;exposant &#8211; Medi Para Clinic Vivitex","datePublished":"2023-01-31T11:26:50+00:00","dateModified":"2023-05-03T08:14:04+00:00","mainEntityOfPage":{"@id":"https:\/\/www.respirelavie.fr\/rennes\/blog\/2023\/01\/31\/medi-para-clinic-vivitex\/"},"wordCount":186,"publisher":{"@id":"https:\/\/www.respirelavie.fr\/rennes\/#organization"},"image":{"@id":"https:\/\/www.respirelavie.fr\/rennes\/blog\/2023\/01\/31\/medi-para-clinic-vivitex\/#primaryimage"},"thumbnailUrl":"https:\/\/www.respirelavie.fr\/rennes\/wp-content\/uploads\/sites\/5\/2023\/01\/Mise-en-avant-Respire-la-Vie-4-1.png","articleSection":["Actualit\u00e9s"],"inLanguage":"fr-FR"},{"@type":"WebPage","@id":"https:\/\/www.respirelavie.fr\/rennes\/blog\/2023\/01\/31\/medi-para-clinic-vivitex\/","url":"https:\/\/www.respirelavie.fr\/rennes\/blog\/2023\/01\/31\/medi-para-clinic-vivitex\/","name":"Portrait d'exposant - Medi Para Clinic Vivitex -","isPartOf":{"@id":"https:\/\/www.respirelavie.fr\/rennes\/#website"},"primaryImageOfPage":{"@id":"https:\/\/www.respirelavie.fr\/rennes\/blog\/2023\/01\/31\/medi-para-clinic-vivitex\/#primaryimage"},"image":{"@id":"https:\/\/www.respirelavie.fr\/rennes\/blog\/2023\/01\/31\/medi-para-clinic-vivitex\/#primaryimage"},"thumbnailUrl":"https:\/\/www.respirelavie.fr\/rennes\/wp-content\/uploads\/sites\/5\/2023\/01\/Mise-en-avant-Respire-la-Vie-4-1.png","datePublished":"2023-01-31T11:26:50+00:00","dateModified":"2023-05-03T08:14:04+00:00","description":"Venez rencontrer Medi Para Clinic Vivitex au Parc des Expositions du salon Respire la Vie du 24 au 26 f\u00e9vrier 2023.","breadcrumb":{"@id":"https:\/\/www.respirelavie.fr\/rennes\/blog\/2023\/01\/31\/medi-para-clinic-vivitex\/#breadcrumb"},"inLanguage":"fr-FR","potentialAction":[{"@type":"ReadAction","target":["https:\/\/www.respirelavie.fr\/rennes\/blog\/2023\/01\/31\/medi-para-clinic-vivitex\/"]}]},{"@type":"ImageObject","inLanguage":"fr-FR","@id":"https:\/\/www.respirelavie.fr\/rennes\/blog\/2023\/01\/31\/medi-para-clinic-vivitex\/#primaryimage","url":"https:\/\/www.respirelavie.fr\/rennes\/wp-content\/uploads\/sites\/5\/2023\/01\/Mise-en-avant-Respire-la-Vie-4-1.png","contentUrl":"https:\/\/www.respirelavie.fr\/rennes\/wp-content\/uploads\/sites\/5\/2023\/01\/Mise-en-avant-Respire-la-Vie-4-1.png","width":800,"height":800,"caption":"Vivitex Avant"},{"@type":"BreadcrumbList","@id":"https:\/\/www.respirelavie.fr\/rennes\/blog\/2023\/01\/31\/medi-para-clinic-vivitex\/#breadcrumb","itemListElement":[{"@type":"ListItem","position":1,"name":"Accueil","item":"https:\/\/www.respirelavie.fr\/rennes\/"},{"@type":"ListItem","position":2,"name":"Portrait d&#8217;exposant &#8211; Medi Para Clinic Vivitex"}]},{"@type":"WebSite","@id":"https:\/\/www.respirelavie.fr\/rennes\/#website","url":"https:\/\/www.respirelavie.fr\/rennes\/","name":"Respire La Vie Rennes","description":"Respire La Vie Rennes : votre salon \u00e9colo, bio, bien-\u00eatre et habitat sain \u00e0 Rennes","publisher":{"@id":"https:\/\/www.respirelavie.fr\/rennes\/#organization"},"potentialAction":[{"@type":"SearchAction","target":{"@type":"EntryPoint","urlTemplate":"https:\/\/www.respirelavie.fr\/rennes\/?s={search_term_string}"},"query-input":{"@type":"PropertyValueSpecification","valueRequired":true,"valueName":"search_term_string"}}],"inLanguage":"fr-FR"},{"@type":"Organization","@id":"https:\/\/www.respirelavie.fr\/rennes\/#organization","name":"Respire La Vie Rennes","url":"https:\/\/www.respirelavie.fr\/rennes\/","logo":{"@type":"ImageObject","inLanguage":"fr-FR","@id":"https:\/\/www.respirelavie.fr\/rennes\/#\/schema\/logo\/image\/","url":"https:\/\/www.respirelavie.fr\/rennes\/wp-content\/uploads\/sites\/5\/2025\/11\/cropped-Logo-RESPIRE-rennes-2026.png","contentUrl":"https:\/\/www.respirelavie.fr\/rennes\/wp-content\/uploads\/sites\/5\/2025\/11\/cropped-Logo-RESPIRE-rennes-2026.png","width":921,"height":255,"caption":"Respire La Vie Rennes"},"image":{"@id":"https:\/\/www.respirelavie.fr\/rennes\/#\/schema\/logo\/image\/"}},{"@type":"Person","@id":"https:\/\/www.respirelavie.fr\/rennes\/#\/schema\/person\/773bfe7c31181098698bacd32c5d233c","name":"communication","image":{"@type":"ImageObject","inLanguage":"fr-FR","@id":"https:\/\/secure.gravatar.com\/avatar\/0f49d5b7ab56355ffa797b3ce25e4f2375cedf6bc9afe416fe669342c3524275?s=96&d=mm&r=g","url":"https:\/\/secure.gravatar.com\/avatar\/0f49d5b7ab56355ffa797b3ce25e4f2375cedf6bc9afe416fe669342c3524275?s=96&d=mm&r=g","contentUrl":"https:\/\/secure.gravatar.com\/avatar\/0f49d5b7ab56355ffa797b3ce25e4f2375cedf6bc9afe416fe669342c3524275?s=96&d=mm&r=g","caption":"communication"},"url":"https:\/\/www.respirelavie.fr\/rennes\/blog\/author\/communication\/"}]}},"_links":{"self":[{"href":"https:\/\/www.respirelavie.fr\/rennes\/wp-json\/wp\/v2\/posts\/9373","targetHints":{"allow":["GET"]}}],"collection":[{"href":"https:\/\/www.respirelavie.fr\/rennes\/wp-json\/wp\/v2\/posts"}],"about":[{"href":"https:\/\/www.respirelavie.fr\/rennes\/wp-json\/wp\/v2\/types\/post"}],"author":[{"embeddable":true,"href":"https:\/\/www.respirelavie.fr\/rennes\/wp-json\/wp\/v2\/users\/5"}],"replies":[{"embeddable":true,"href":"https:\/\/www.respirelavie.fr\/rennes\/wp-json\/wp\/v2\/comments?post=9373"}],"version-history":[{"count":7,"href":"https:\/\/www.respirelavie.fr\/rennes\/wp-json\/wp\/v2\/posts\/9373\/revisions"}],"predecessor-version":[{"id":9399,"href":"https:\/\/www.respirelavie.fr\/rennes\/wp-json\/wp\/v2\/posts\/9373\/revisions\/9399"}],"wp:featuredmedia":[{"embeddable":true,"href":"https:\/\/www.respirelavie.fr\/rennes\/wp-json\/wp\/v2\/media\/9387"}],"wp:attachment":[{"href":"https:\/\/www.respirelavie.fr\/rennes\/wp-json\/wp\/v2\/media?parent=9373"}],"wp:term":[{"taxonomy":"category","embeddable":true,"href":"https:\/\/www.respirelavie.fr\/rennes\/wp-json\/wp\/v2\/categories?post=9373"},{"taxonomy":"post_tag","embeddable":true,"href":"https:\/\/www.respirelavie.fr\/rennes\/wp-json\/wp\/v2\/tags?post=9373"}],"curies":[{"name":"wp","href":"https:\/\/api.w.org\/{rel}","templated":true}]}}