{"id":9538,"date":"2023-02-03T10:22:30","date_gmt":"2023-02-03T09:22:30","guid":{"rendered":"https:\/\/www.respirelavie.fr\/rennes\/?p=9538"},"modified":"2023-05-03T10:14:03","modified_gmt":"2023-05-03T08:14:03","slug":"communiquer-avec-bienveillance","status":"publish","type":"post","link":"https:\/\/www.respirelavie.fr\/rennes\/blog\/2023\/02\/03\/communiquer-avec-bienveillance\/","title":{"rendered":"Portrait d&#8217;exposant &#8211; Communiquer avec Bienveillance"},"content":{"rendered":"<h2>Pr\u00e9sentez-vous en quelques mots<\/h2>\n<p>Formatrice professionnelle dipl\u00f4m\u00e9e d\u2019\u00c9tat, B\u00e9rang\u00e8re Baglin accompagne les professionnel\u00b7le\u00b7s et les particuliers depuis plus de 16 ans dans la <a href=\"https:\/\/bienveillance.org\/\" target=\"_blank\" rel=\"noopener\">d\u00e9couverte<\/a> et la pratique de la communication bienveillante relationnelle.<br \/>\nSa d\u00e9marche conjugue des connaissances et des savoir-faire acquis au cours d\u2019un parcours exigeant et multiple.<br \/>\nB\u00e9rang\u00e8re est form\u00e9e \u00e0 la :<\/p>\n<ul>\n<li>Communication Non Violente<sup>\u00ae<\/sup><\/li>\n<li>M\u00e9thode ESPERE<sup>\u00ae<\/sup><\/li>\n<li>Grammaire des \u00e9motions<\/li>\n<li>PNL<\/li>\n<li>M\u00e9diation par les pairs<\/li>\n<li>P\u00e9dagogie Nascita<\/li>\n<\/ul>\n<p>Aux :<\/p>\n<ul>\n<li>Jeux coop\u00e9ratifs<\/li>\n<li>Th\u00e9\u00e2tre-forum<\/li>\n<\/ul>\n<p>B\u00e9rang\u00e8re s\u2019appuie sur ces outils et est attentive \u00e0 la capacit\u00e9 de chacun de se les approprier. Elle a d\u00e9velopp\u00e9 une p\u00e9dagogie personnelle vivante, simple et concr\u00e8te. Avec humour et optimisme, elle livre des cl\u00e9s de compr\u00e9hension. Elle nourrit ses formations et conf\u00e9rences d\u2019exemples issus de la vie quotidienne.<\/p>\n<p>\u00ab Mieux vivre ensemble et nous rendre la vie plus belle \u00bb. Anim\u00e9e par cet espoir, B\u00e9rang\u00e8re intervient au sein des :<\/p>\n<ul>\n<li>Entreprises<\/li>\n<li>Collectivit\u00e9s et institutions<\/li>\n<li>\u00c9tablissements scolaires<\/li>\n<li>Structures de la petite enfance<\/li>\n<\/ul>\n<p>L\u00e0 o\u00f9 les personnes \u00e9prouvent un int\u00e9r\u00eat de d\u00e9couvrir cet art de vivre et le langage de la communication bienveillante.<\/p>\n<h2><img fetchpriority=\"high\" decoding=\"async\" class=\"wp-image-9540 aligncenter\" src=\"https:\/\/www.respirelavie.fr\/rennes\/wp-content\/uploads\/sites\/5\/2023\/02\/1675269391-file1-Berangere-Baglin-copie.jpg\" alt=\"Communiquer avec bienveillance Dame\" width=\"476\" height=\"341\" srcset=\"https:\/\/www.respirelavie.fr\/rennes\/wp-content\/uploads\/sites\/5\/2023\/02\/1675269391-file1-Berangere-Baglin-copie.jpg 300w, https:\/\/www.respirelavie.fr\/rennes\/wp-content\/uploads\/sites\/5\/2023\/02\/1675269391-file1-Berangere-Baglin-copie-150x108.jpg 150w\" sizes=\"(max-width: 476px) 100vw, 476px\" \/><\/h2>\n<h2>Que propose Communiquer avec Bienveillance sur le salon ?<\/h2>\n<p>J&#8217;anime une conf\u00e9rence sur le th\u00e8me : Vers une communication vraie et authentique.<\/p>\n<p>Bien que nous passions la plus grande partie de notre journ\u00e9e \u00e0 communiquer, nous n\u2019avons pourtant jamais appris \u00e0 le faire. Encore moins \u00e0 le faire dans un but r\u00e9ellement respectueux des autres ET de soi. Une contrari\u00e9t\u00e9 au travail, un d\u00e9saccord en famille et nous voil\u00e0 en train de r\u00e9agir contre notre entourage ou contre nous-m\u00eame.<br \/>\nB\u00e9rang\u00e8re Baglin, propose une nouvelle LANGUE et ainsi favoriser une Communication BIENVEILLANTE et AUTHENTIQUE permettant d\u2019entrer profond\u00e9ment et v\u00e9ritablement en contact avec ce qui se passe en nous pour ensuite l\u2019exprimer clairement \u00e0 l\u2019autre, sans lui nuire et avec de meilleures chances d\u2019\u00eatre entendu !<br \/>\nCette conf\u00e9rence est une invitation \u00e0 d\u00e9samorcer la m\u00e9canique de la violence verbale l\u00e0 o\u00f9 elle se manifeste toujours : dans la conscience et le c\u0153ur de chacun de nous.<\/p>\n<h2>Parlez-nous de votre relation avec le salon<\/h2>\n<p>Jusqu&#8217;\u00e0 pr\u00e9sent je venais en visiteuse, toujours tr\u00e8s int\u00e9ress\u00e9e par les exposants et les conf\u00e9rences sur le bien \u00eatre. Je me suis enfin d\u00e9cid\u00e9e pour animer une conf\u00e9rence et la prochaine fois je m&#8217;y prendrais plus t\u00f4t pour venir exposer ce qui me tiens \u00e0 coeur : le partage de la communication bienveillante.<\/p>\n<p>&nbsp;<\/p>\n<p><em><a href=\"https:\/\/www.respirelavie.fr\/rennes\/visiter\/liste-des-exposants\/\" target=\"_blank\" rel=\"noopener\">Consultez la liste des exposants<\/a><\/em><\/p>\n","protected":false},"excerpt":{"rendered":"<p>Pr\u00e9sentez-vous en quelques mots Formatrice professionnelle dipl\u00f4m\u00e9e d\u2019\u00c9tat, B\u00e9rang\u00e8re Baglin accompagne les professionnel\u00b7le\u00b7s et les particuliers depuis plus de 16 ans dans la d\u00e9couverte et la pratique de la communication bienveillante relationnelle. Sa d\u00e9marche conjugue des connaissances et des savoir-faire acquis au cours d\u2019un parcours exigeant et multiple. B\u00e9rang\u00e8re est form\u00e9e \u00e0 la : Communication&hellip; <\/p>\n","protected":false},"author":5,"featured_media":0,"comment_status":"closed","ping_status":"open","sticky":false,"template":"","format":"standard","meta":{"_monsterinsights_skip_tracking":false,"_monsterinsights_sitenote_active":false,"_monsterinsights_sitenote_note":"","_monsterinsights_sitenote_category":0,"footnotes":""},"categories":[26],"tags":[],"class_list":["post-9538","post","type-post","status-publish","format-standard","hentry","category-actualites"],"yoast_head":"<!-- This site is optimized with the Yoast SEO plugin v27.3 - https:\/\/yoast.com\/product\/yoast-seo-wordpress\/ -->\n<title>Portrait d&#039;exposant - Communiquer avec Bienveillance -<\/title>\n<meta name=\"description\" content=\"Venez rencontrer Communiquer avec Bienveillance au Parc des Expositions du salon Respire la Vie du 24 au 26 f\u00e9vrier 2023.\" \/>\n<meta name=\"robots\" content=\"index, follow, max-snippet:-1, max-image-preview:large, max-video-preview:-1\" \/>\n<link rel=\"canonical\" href=\"https:\/\/www.respirelavie.fr\/rennes\/blog\/2023\/02\/03\/communiquer-avec-bienveillance\/\" \/>\n<meta property=\"og:locale\" content=\"fr_FR\" \/>\n<meta property=\"og:type\" content=\"article\" \/>\n<meta property=\"og:title\" content=\"Portrait d&#039;exposant - Communiquer avec Bienveillance -\" \/>\n<meta property=\"og:description\" content=\"Venez rencontrer Communiquer avec Bienveillance au Parc des Expositions du salon Respire la Vie du 24 au 26 f\u00e9vrier 2023.\" \/>\n<meta property=\"og:url\" content=\"https:\/\/www.respirelavie.fr\/rennes\/blog\/2023\/02\/03\/communiquer-avec-bienveillance\/\" \/>\n<meta property=\"og:site_name\" content=\"Respire La Vie Rennes\" \/>\n<meta property=\"article:published_time\" content=\"2023-02-03T09:22:30+00:00\" \/>\n<meta property=\"article:modified_time\" content=\"2023-05-03T08:14:03+00:00\" \/>\n<meta property=\"og:image\" content=\"https:\/\/www.respirelavie.fr\/rennes\/wp-content\/uploads\/sites\/5\/2023\/02\/1675269391-file1-Berangere-Baglin-copie.jpg\" \/>\n<meta name=\"author\" content=\"communication\" \/>\n<meta name=\"twitter:card\" content=\"summary_large_image\" \/>\n<meta name=\"twitter:label1\" content=\"\u00c9crit par\" \/>\n\t<meta name=\"twitter:data1\" content=\"communication\" \/>\n\t<meta name=\"twitter:label2\" content=\"Dur\u00e9e de lecture estim\u00e9e\" \/>\n\t<meta name=\"twitter:data2\" content=\"3 minutes\" \/>\n<script type=\"application\/ld+json\" class=\"yoast-schema-graph\">{\"@context\":\"https:\\\/\\\/schema.org\",\"@graph\":[{\"@type\":\"Article\",\"@id\":\"https:\\\/\\\/www.respirelavie.fr\\\/rennes\\\/blog\\\/2023\\\/02\\\/03\\\/communiquer-avec-bienveillance\\\/#article\",\"isPartOf\":{\"@id\":\"https:\\\/\\\/www.respirelavie.fr\\\/rennes\\\/blog\\\/2023\\\/02\\\/03\\\/communiquer-avec-bienveillance\\\/\"},\"author\":{\"name\":\"communication\",\"@id\":\"https:\\\/\\\/www.respirelavie.fr\\\/rennes\\\/#\\\/schema\\\/person\\\/773bfe7c31181098698bacd32c5d233c\"},\"headline\":\"Portrait d&#8217;exposant &#8211; Communiquer avec Bienveillance\",\"datePublished\":\"2023-02-03T09:22:30+00:00\",\"dateModified\":\"2023-05-03T08:14:03+00:00\",\"mainEntityOfPage\":{\"@id\":\"https:\\\/\\\/www.respirelavie.fr\\\/rennes\\\/blog\\\/2023\\\/02\\\/03\\\/communiquer-avec-bienveillance\\\/\"},\"wordCount\":452,\"publisher\":{\"@id\":\"https:\\\/\\\/www.respirelavie.fr\\\/rennes\\\/#organization\"},\"image\":{\"@id\":\"https:\\\/\\\/www.respirelavie.fr\\\/rennes\\\/blog\\\/2023\\\/02\\\/03\\\/communiquer-avec-bienveillance\\\/#primaryimage\"},\"thumbnailUrl\":\"https:\\\/\\\/www.respirelavie.fr\\\/rennes\\\/wp-content\\\/uploads\\\/sites\\\/5\\\/2023\\\/02\\\/1675269391-file1-Berangere-Baglin-copie.jpg\",\"articleSection\":[\"Actualit\u00e9s\"],\"inLanguage\":\"fr-FR\"},{\"@type\":\"WebPage\",\"@id\":\"https:\\\/\\\/www.respirelavie.fr\\\/rennes\\\/blog\\\/2023\\\/02\\\/03\\\/communiquer-avec-bienveillance\\\/\",\"url\":\"https:\\\/\\\/www.respirelavie.fr\\\/rennes\\\/blog\\\/2023\\\/02\\\/03\\\/communiquer-avec-bienveillance\\\/\",\"name\":\"Portrait d'exposant - Communiquer avec Bienveillance -\",\"isPartOf\":{\"@id\":\"https:\\\/\\\/www.respirelavie.fr\\\/rennes\\\/#website\"},\"primaryImageOfPage\":{\"@id\":\"https:\\\/\\\/www.respirelavie.fr\\\/rennes\\\/blog\\\/2023\\\/02\\\/03\\\/communiquer-avec-bienveillance\\\/#primaryimage\"},\"image\":{\"@id\":\"https:\\\/\\\/www.respirelavie.fr\\\/rennes\\\/blog\\\/2023\\\/02\\\/03\\\/communiquer-avec-bienveillance\\\/#primaryimage\"},\"thumbnailUrl\":\"https:\\\/\\\/www.respirelavie.fr\\\/rennes\\\/wp-content\\\/uploads\\\/sites\\\/5\\\/2023\\\/02\\\/1675269391-file1-Berangere-Baglin-copie.jpg\",\"datePublished\":\"2023-02-03T09:22:30+00:00\",\"dateModified\":\"2023-05-03T08:14:03+00:00\",\"description\":\"Venez rencontrer Communiquer avec Bienveillance au Parc des Expositions du salon Respire la Vie du 24 au 26 f\u00e9vrier 2023.\",\"breadcrumb\":{\"@id\":\"https:\\\/\\\/www.respirelavie.fr\\\/rennes\\\/blog\\\/2023\\\/02\\\/03\\\/communiquer-avec-bienveillance\\\/#breadcrumb\"},\"inLanguage\":\"fr-FR\",\"potentialAction\":[{\"@type\":\"ReadAction\",\"target\":[\"https:\\\/\\\/www.respirelavie.fr\\\/rennes\\\/blog\\\/2023\\\/02\\\/03\\\/communiquer-avec-bienveillance\\\/\"]}]},{\"@type\":\"ImageObject\",\"inLanguage\":\"fr-FR\",\"@id\":\"https:\\\/\\\/www.respirelavie.fr\\\/rennes\\\/blog\\\/2023\\\/02\\\/03\\\/communiquer-avec-bienveillance\\\/#primaryimage\",\"url\":\"https:\\\/\\\/www.respirelavie.fr\\\/rennes\\\/wp-content\\\/uploads\\\/sites\\\/5\\\/2023\\\/02\\\/1675269391-file1-Berangere-Baglin-copie.jpg\",\"contentUrl\":\"https:\\\/\\\/www.respirelavie.fr\\\/rennes\\\/wp-content\\\/uploads\\\/sites\\\/5\\\/2023\\\/02\\\/1675269391-file1-Berangere-Baglin-copie.jpg\",\"width\":300,\"height\":215,\"caption\":\"Communiquer avec bienveillance Dame\"},{\"@type\":\"BreadcrumbList\",\"@id\":\"https:\\\/\\\/www.respirelavie.fr\\\/rennes\\\/blog\\\/2023\\\/02\\\/03\\\/communiquer-avec-bienveillance\\\/#breadcrumb\",\"itemListElement\":[{\"@type\":\"ListItem\",\"position\":1,\"name\":\"Accueil\",\"item\":\"https:\\\/\\\/www.respirelavie.fr\\\/rennes\\\/\"},{\"@type\":\"ListItem\",\"position\":2,\"name\":\"Portrait d&#8217;exposant &#8211; Communiquer avec Bienveillance\"}]},{\"@type\":\"WebSite\",\"@id\":\"https:\\\/\\\/www.respirelavie.fr\\\/rennes\\\/#website\",\"url\":\"https:\\\/\\\/www.respirelavie.fr\\\/rennes\\\/\",\"name\":\"Respire La Vie Rennes\",\"description\":\"Respire La Vie Rennes : votre salon \u00e9colo, bio, bien-\u00eatre et habitat sain \u00e0 Rennes\",\"publisher\":{\"@id\":\"https:\\\/\\\/www.respirelavie.fr\\\/rennes\\\/#organization\"},\"potentialAction\":[{\"@type\":\"SearchAction\",\"target\":{\"@type\":\"EntryPoint\",\"urlTemplate\":\"https:\\\/\\\/www.respirelavie.fr\\\/rennes\\\/?s={search_term_string}\"},\"query-input\":{\"@type\":\"PropertyValueSpecification\",\"valueRequired\":true,\"valueName\":\"search_term_string\"}}],\"inLanguage\":\"fr-FR\"},{\"@type\":\"Organization\",\"@id\":\"https:\\\/\\\/www.respirelavie.fr\\\/rennes\\\/#organization\",\"name\":\"Respire La Vie Rennes\",\"url\":\"https:\\\/\\\/www.respirelavie.fr\\\/rennes\\\/\",\"logo\":{\"@type\":\"ImageObject\",\"inLanguage\":\"fr-FR\",\"@id\":\"https:\\\/\\\/www.respirelavie.fr\\\/rennes\\\/#\\\/schema\\\/logo\\\/image\\\/\",\"url\":\"https:\\\/\\\/www.respirelavie.fr\\\/rennes\\\/wp-content\\\/uploads\\\/sites\\\/5\\\/2025\\\/11\\\/cropped-Logo-RESPIRE-rennes-2026.png\",\"contentUrl\":\"https:\\\/\\\/www.respirelavie.fr\\\/rennes\\\/wp-content\\\/uploads\\\/sites\\\/5\\\/2025\\\/11\\\/cropped-Logo-RESPIRE-rennes-2026.png\",\"width\":921,\"height\":255,\"caption\":\"Respire La Vie Rennes\"},\"image\":{\"@id\":\"https:\\\/\\\/www.respirelavie.fr\\\/rennes\\\/#\\\/schema\\\/logo\\\/image\\\/\"}},{\"@type\":\"Person\",\"@id\":\"https:\\\/\\\/www.respirelavie.fr\\\/rennes\\\/#\\\/schema\\\/person\\\/773bfe7c31181098698bacd32c5d233c\",\"name\":\"communication\",\"image\":{\"@type\":\"ImageObject\",\"inLanguage\":\"fr-FR\",\"@id\":\"https:\\\/\\\/secure.gravatar.com\\\/avatar\\\/0f49d5b7ab56355ffa797b3ce25e4f2375cedf6bc9afe416fe669342c3524275?s=96&d=mm&r=g\",\"url\":\"https:\\\/\\\/secure.gravatar.com\\\/avatar\\\/0f49d5b7ab56355ffa797b3ce25e4f2375cedf6bc9afe416fe669342c3524275?s=96&d=mm&r=g\",\"contentUrl\":\"https:\\\/\\\/secure.gravatar.com\\\/avatar\\\/0f49d5b7ab56355ffa797b3ce25e4f2375cedf6bc9afe416fe669342c3524275?s=96&d=mm&r=g\",\"caption\":\"communication\"},\"url\":\"https:\\\/\\\/www.respirelavie.fr\\\/rennes\\\/blog\\\/author\\\/communication\\\/\"}]}<\/script>\n<!-- \/ Yoast SEO plugin. -->","yoast_head_json":{"title":"Portrait d'exposant - Communiquer avec Bienveillance -","description":"Venez rencontrer Communiquer avec Bienveillance au Parc des Expositions du salon Respire la Vie du 24 au 26 f\u00e9vrier 2023.","robots":{"index":"index","follow":"follow","max-snippet":"max-snippet:-1","max-image-preview":"max-image-preview:large","max-video-preview":"max-video-preview:-1"},"canonical":"https:\/\/www.respirelavie.fr\/rennes\/blog\/2023\/02\/03\/communiquer-avec-bienveillance\/","og_locale":"fr_FR","og_type":"article","og_title":"Portrait d'exposant - Communiquer avec Bienveillance -","og_description":"Venez rencontrer Communiquer avec Bienveillance au Parc des Expositions du salon Respire la Vie du 24 au 26 f\u00e9vrier 2023.","og_url":"https:\/\/www.respirelavie.fr\/rennes\/blog\/2023\/02\/03\/communiquer-avec-bienveillance\/","og_site_name":"Respire La Vie Rennes","article_published_time":"2023-02-03T09:22:30+00:00","article_modified_time":"2023-05-03T08:14:03+00:00","og_image":[{"url":"https:\/\/www.respirelavie.fr\/rennes\/wp-content\/uploads\/sites\/5\/2023\/02\/1675269391-file1-Berangere-Baglin-copie.jpg","type":"","width":"","height":""}],"author":"communication","twitter_card":"summary_large_image","twitter_misc":{"\u00c9crit par":"communication","Dur\u00e9e de lecture estim\u00e9e":"3 minutes"},"schema":{"@context":"https:\/\/schema.org","@graph":[{"@type":"Article","@id":"https:\/\/www.respirelavie.fr\/rennes\/blog\/2023\/02\/03\/communiquer-avec-bienveillance\/#article","isPartOf":{"@id":"https:\/\/www.respirelavie.fr\/rennes\/blog\/2023\/02\/03\/communiquer-avec-bienveillance\/"},"author":{"name":"communication","@id":"https:\/\/www.respirelavie.fr\/rennes\/#\/schema\/person\/773bfe7c31181098698bacd32c5d233c"},"headline":"Portrait d&#8217;exposant &#8211; Communiquer avec Bienveillance","datePublished":"2023-02-03T09:22:30+00:00","dateModified":"2023-05-03T08:14:03+00:00","mainEntityOfPage":{"@id":"https:\/\/www.respirelavie.fr\/rennes\/blog\/2023\/02\/03\/communiquer-avec-bienveillance\/"},"wordCount":452,"publisher":{"@id":"https:\/\/www.respirelavie.fr\/rennes\/#organization"},"image":{"@id":"https:\/\/www.respirelavie.fr\/rennes\/blog\/2023\/02\/03\/communiquer-avec-bienveillance\/#primaryimage"},"thumbnailUrl":"https:\/\/www.respirelavie.fr\/rennes\/wp-content\/uploads\/sites\/5\/2023\/02\/1675269391-file1-Berangere-Baglin-copie.jpg","articleSection":["Actualit\u00e9s"],"inLanguage":"fr-FR"},{"@type":"WebPage","@id":"https:\/\/www.respirelavie.fr\/rennes\/blog\/2023\/02\/03\/communiquer-avec-bienveillance\/","url":"https:\/\/www.respirelavie.fr\/rennes\/blog\/2023\/02\/03\/communiquer-avec-bienveillance\/","name":"Portrait d'exposant - Communiquer avec Bienveillance -","isPartOf":{"@id":"https:\/\/www.respirelavie.fr\/rennes\/#website"},"primaryImageOfPage":{"@id":"https:\/\/www.respirelavie.fr\/rennes\/blog\/2023\/02\/03\/communiquer-avec-bienveillance\/#primaryimage"},"image":{"@id":"https:\/\/www.respirelavie.fr\/rennes\/blog\/2023\/02\/03\/communiquer-avec-bienveillance\/#primaryimage"},"thumbnailUrl":"https:\/\/www.respirelavie.fr\/rennes\/wp-content\/uploads\/sites\/5\/2023\/02\/1675269391-file1-Berangere-Baglin-copie.jpg","datePublished":"2023-02-03T09:22:30+00:00","dateModified":"2023-05-03T08:14:03+00:00","description":"Venez rencontrer Communiquer avec Bienveillance au Parc des Expositions du salon Respire la Vie du 24 au 26 f\u00e9vrier 2023.","breadcrumb":{"@id":"https:\/\/www.respirelavie.fr\/rennes\/blog\/2023\/02\/03\/communiquer-avec-bienveillance\/#breadcrumb"},"inLanguage":"fr-FR","potentialAction":[{"@type":"ReadAction","target":["https:\/\/www.respirelavie.fr\/rennes\/blog\/2023\/02\/03\/communiquer-avec-bienveillance\/"]}]},{"@type":"ImageObject","inLanguage":"fr-FR","@id":"https:\/\/www.respirelavie.fr\/rennes\/blog\/2023\/02\/03\/communiquer-avec-bienveillance\/#primaryimage","url":"https:\/\/www.respirelavie.fr\/rennes\/wp-content\/uploads\/sites\/5\/2023\/02\/1675269391-file1-Berangere-Baglin-copie.jpg","contentUrl":"https:\/\/www.respirelavie.fr\/rennes\/wp-content\/uploads\/sites\/5\/2023\/02\/1675269391-file1-Berangere-Baglin-copie.jpg","width":300,"height":215,"caption":"Communiquer avec bienveillance Dame"},{"@type":"BreadcrumbList","@id":"https:\/\/www.respirelavie.fr\/rennes\/blog\/2023\/02\/03\/communiquer-avec-bienveillance\/#breadcrumb","itemListElement":[{"@type":"ListItem","position":1,"name":"Accueil","item":"https:\/\/www.respirelavie.fr\/rennes\/"},{"@type":"ListItem","position":2,"name":"Portrait d&#8217;exposant &#8211; Communiquer avec Bienveillance"}]},{"@type":"WebSite","@id":"https:\/\/www.respirelavie.fr\/rennes\/#website","url":"https:\/\/www.respirelavie.fr\/rennes\/","name":"Respire La Vie Rennes","description":"Respire La Vie Rennes : votre salon \u00e9colo, bio, bien-\u00eatre et habitat sain \u00e0 Rennes","publisher":{"@id":"https:\/\/www.respirelavie.fr\/rennes\/#organization"},"potentialAction":[{"@type":"SearchAction","target":{"@type":"EntryPoint","urlTemplate":"https:\/\/www.respirelavie.fr\/rennes\/?s={search_term_string}"},"query-input":{"@type":"PropertyValueSpecification","valueRequired":true,"valueName":"search_term_string"}}],"inLanguage":"fr-FR"},{"@type":"Organization","@id":"https:\/\/www.respirelavie.fr\/rennes\/#organization","name":"Respire La Vie Rennes","url":"https:\/\/www.respirelavie.fr\/rennes\/","logo":{"@type":"ImageObject","inLanguage":"fr-FR","@id":"https:\/\/www.respirelavie.fr\/rennes\/#\/schema\/logo\/image\/","url":"https:\/\/www.respirelavie.fr\/rennes\/wp-content\/uploads\/sites\/5\/2025\/11\/cropped-Logo-RESPIRE-rennes-2026.png","contentUrl":"https:\/\/www.respirelavie.fr\/rennes\/wp-content\/uploads\/sites\/5\/2025\/11\/cropped-Logo-RESPIRE-rennes-2026.png","width":921,"height":255,"caption":"Respire La Vie Rennes"},"image":{"@id":"https:\/\/www.respirelavie.fr\/rennes\/#\/schema\/logo\/image\/"}},{"@type":"Person","@id":"https:\/\/www.respirelavie.fr\/rennes\/#\/schema\/person\/773bfe7c31181098698bacd32c5d233c","name":"communication","image":{"@type":"ImageObject","inLanguage":"fr-FR","@id":"https:\/\/secure.gravatar.com\/avatar\/0f49d5b7ab56355ffa797b3ce25e4f2375cedf6bc9afe416fe669342c3524275?s=96&d=mm&r=g","url":"https:\/\/secure.gravatar.com\/avatar\/0f49d5b7ab56355ffa797b3ce25e4f2375cedf6bc9afe416fe669342c3524275?s=96&d=mm&r=g","contentUrl":"https:\/\/secure.gravatar.com\/avatar\/0f49d5b7ab56355ffa797b3ce25e4f2375cedf6bc9afe416fe669342c3524275?s=96&d=mm&r=g","caption":"communication"},"url":"https:\/\/www.respirelavie.fr\/rennes\/blog\/author\/communication\/"}]}},"_links":{"self":[{"href":"https:\/\/www.respirelavie.fr\/rennes\/wp-json\/wp\/v2\/posts\/9538","targetHints":{"allow":["GET"]}}],"collection":[{"href":"https:\/\/www.respirelavie.fr\/rennes\/wp-json\/wp\/v2\/posts"}],"about":[{"href":"https:\/\/www.respirelavie.fr\/rennes\/wp-json\/wp\/v2\/types\/post"}],"author":[{"embeddable":true,"href":"https:\/\/www.respirelavie.fr\/rennes\/wp-json\/wp\/v2\/users\/5"}],"replies":[{"embeddable":true,"href":"https:\/\/www.respirelavie.fr\/rennes\/wp-json\/wp\/v2\/comments?post=9538"}],"version-history":[{"count":6,"href":"https:\/\/www.respirelavie.fr\/rennes\/wp-json\/wp\/v2\/posts\/9538\/revisions"}],"predecessor-version":[{"id":9560,"href":"https:\/\/www.respirelavie.fr\/rennes\/wp-json\/wp\/v2\/posts\/9538\/revisions\/9560"}],"wp:attachment":[{"href":"https:\/\/www.respirelavie.fr\/rennes\/wp-json\/wp\/v2\/media?parent=9538"}],"wp:term":[{"taxonomy":"category","embeddable":true,"href":"https:\/\/www.respirelavie.fr\/rennes\/wp-json\/wp\/v2\/categories?post=9538"},{"taxonomy":"post_tag","embeddable":true,"href":"https:\/\/www.respirelavie.fr\/rennes\/wp-json\/wp\/v2\/tags?post=9538"}],"curies":[{"name":"wp","href":"https:\/\/api.w.org\/{rel}","templated":true}]}}