{"id":9552,"date":"2023-02-06T10:19:34","date_gmt":"2023-02-06T09:19:34","guid":{"rendered":"https:\/\/www.respirelavie.fr\/rennes\/?p=9552"},"modified":"2023-05-03T10:14:03","modified_gmt":"2023-05-03T08:14:03","slug":"au-coeur-de-votre-interieur-by-mag","status":"publish","type":"post","link":"https:\/\/www.respirelavie.fr\/rennes\/blog\/2023\/02\/06\/au-coeur-de-votre-interieur-by-mag\/","title":{"rendered":"Portrait d&#8217;exposant &#8211; Au coeur de votre int\u00e9rieur by Mag"},"content":{"rendered":"<h2>Pr\u00e9sentez-vous en quelques mots<\/h2>\n<p>Bonjour je suis Magali Lainee.<br \/>\nJe suis une <a href=\"https:\/\/www.aucoeurdevotreinterieur.com\/\" target=\"_blank\" rel=\"noopener\">artiste d&#8217;int\u00e9rieur<\/a>, je pousse mes clients \u00e0 oser mettre de la couleur dans leur Int\u00e9rieur pour qu&#8217;il leur correspond.<br \/>\nJe poss\u00e8de diff\u00e9rentes cordes \u00e0 mon arc :<\/p>\n<ul>\n<li>Tapissi\u00e8re d&#8217;ameublement en si\u00e8ges<\/li>\n<li>Cr\u00e9atrice d&#8217;Abat jour color\u00e9s<\/li>\n<li>Cr\u00e9atrice de coussins funs hyper color\u00e9s<\/li>\n<li>Restaure des petits meubles et nouveaut\u00e9 avec de la mosa\u00efque<\/li>\n<\/ul>\n<p>Au coeur de votre int\u00e9rieur by Mag se situe 183, bd de Laval \u00e0 Vitr\u00e9 (35 500) derri\u00e8re le b\u00e2timent local n\u00b05<br \/>\nIl y a un espace showroom pour pr\u00e9senter mes cr\u00e9ations que vous pouvez acheter.<br \/>\nL&#8217;autre partie de mon local est mon atelier o\u00f9 j&#8217;effectue mes commandes et mes cr\u00e9ations. J&#8217;ai r\u00e9alis\u00e9 une reconversion professionnelle en 2018 pour devenir tapissi\u00e8re d&#8217;ameublement.<\/p>\n<p>Auparavant j&#8217;ai \u00e9t\u00e9 fleuriste pendant 10 ans. Ma grande passion c&#8217;est la couleur !!!<\/p>\n<p><img fetchpriority=\"high\" decoding=\"async\" class=\"size-medium wp-image-9555 aligncenter\" src=\"https:\/\/www.respirelavie.fr\/rennes\/wp-content\/uploads\/sites\/5\/2023\/02\/1675508022-file2-84349292_10221384417743337_6177201954301673472_n-300x300.jpeg\" alt=\"Au coeur de votre int\u00e9rieur Femme\" width=\"300\" height=\"300\" srcset=\"https:\/\/www.respirelavie.fr\/rennes\/wp-content\/uploads\/sites\/5\/2023\/02\/1675508022-file2-84349292_10221384417743337_6177201954301673472_n-300x300.jpeg 300w, https:\/\/www.respirelavie.fr\/rennes\/wp-content\/uploads\/sites\/5\/2023\/02\/1675508022-file2-84349292_10221384417743337_6177201954301673472_n-1024x1024.jpeg 1024w, https:\/\/www.respirelavie.fr\/rennes\/wp-content\/uploads\/sites\/5\/2023\/02\/1675508022-file2-84349292_10221384417743337_6177201954301673472_n-150x150.jpeg 150w, https:\/\/www.respirelavie.fr\/rennes\/wp-content\/uploads\/sites\/5\/2023\/02\/1675508022-file2-84349292_10221384417743337_6177201954301673472_n-768x768.jpeg 768w, https:\/\/www.respirelavie.fr\/rennes\/wp-content\/uploads\/sites\/5\/2023\/02\/1675508022-file2-84349292_10221384417743337_6177201954301673472_n-500x500.jpeg 500w, https:\/\/www.respirelavie.fr\/rennes\/wp-content\/uploads\/sites\/5\/2023\/02\/1675508022-file2-84349292_10221384417743337_6177201954301673472_n-45x45.jpeg 45w, https:\/\/www.respirelavie.fr\/rennes\/wp-content\/uploads\/sites\/5\/2023\/02\/1675508022-file2-84349292_10221384417743337_6177201954301673472_n.jpeg 1092w\" sizes=\"(max-width: 300px) 100vw, 300px\" \/><\/p>\n<h2>Que propose Au coeur de votre int\u00e9rieur by Mag sur le salon ?<\/h2>\n<p>Je propose sur le salon un fauteuil \u00e0 la Reine bleu revisit\u00e9, un bridge PEP&#8217;S, de multiples coussin plein de couleurs surprenantes. Je vous pr\u00e9sente mes diff\u00e9rents abat-jours r\u00e9alis\u00e9 avec du wax et des tissus unis, un festival de couleurs, une table basse renversante bleu fonc\u00e9 orange.<\/p>\n<p><img decoding=\"async\" class=\"wp-image-9554 aligncenter\" src=\"https:\/\/www.respirelavie.fr\/rennes\/wp-content\/uploads\/sites\/5\/2023\/02\/1675508022-file1-ambiance-rose-300x200.jpeg\" alt=\"Au coeur de votre int\u00e9rieur by Mag Salon\" width=\"392\" height=\"261\" srcset=\"https:\/\/www.respirelavie.fr\/rennes\/wp-content\/uploads\/sites\/5\/2023\/02\/1675508022-file1-ambiance-rose-300x200.jpeg 300w, https:\/\/www.respirelavie.fr\/rennes\/wp-content\/uploads\/sites\/5\/2023\/02\/1675508022-file1-ambiance-rose-1024x681.jpeg 1024w, https:\/\/www.respirelavie.fr\/rennes\/wp-content\/uploads\/sites\/5\/2023\/02\/1675508022-file1-ambiance-rose-768x511.jpeg 768w, https:\/\/www.respirelavie.fr\/rennes\/wp-content\/uploads\/sites\/5\/2023\/02\/1675508022-file1-ambiance-rose-1536x1022.jpeg 1536w, https:\/\/www.respirelavie.fr\/rennes\/wp-content\/uploads\/sites\/5\/2023\/02\/1675508022-file1-ambiance-rose-150x100.jpeg 150w, https:\/\/www.respirelavie.fr\/rennes\/wp-content\/uploads\/sites\/5\/2023\/02\/1675508022-file1-ambiance-rose-500x333.jpeg 500w, https:\/\/www.respirelavie.fr\/rennes\/wp-content\/uploads\/sites\/5\/2023\/02\/1675508022-file1-ambiance-rose.jpeg 2048w\" sizes=\"(max-width: 392px) 100vw, 392px\" \/><\/p>\n<h2>Parlez-nous de votre relation avec le salon<\/h2>\n<p>Je suis tr\u00e8s heureuse de participer \u00e0 ce salon. J&#8217;aime les valeurs de ce salon car elles sont orient\u00e9es sur le bien-\u00eatre, le respect de l&#8217;environnement, le d\u00e9veloppement personnel.<br \/>\nDans mes choix de travail, je r\u00e9utilise d&#8217;anciens fauteuils pour leur donner une deuxi\u00e8me vie, j&#8217;ai \u00e0 coeur d&#8217;utiliser au maximum des mati\u00e8res naturelles, et de r\u00e9nover des anciens abat-jours.<\/p>\n<p>&nbsp;<\/p>\n<p><em><a href=\"https:\/\/www.respirelavie.fr\/rennes\/visiter\/liste-des-exposants\/\" target=\"_blank\" rel=\"noopener\">Consultez la liste des exposants<\/a><\/em><\/p>\n","protected":false},"excerpt":{"rendered":"<p>Pr\u00e9sentez-vous en quelques mots Bonjour je suis Magali Lainee. Je suis une artiste d&#8217;int\u00e9rieur, je pousse mes clients \u00e0 oser mettre de la couleur dans leur Int\u00e9rieur pour qu&#8217;il leur correspond. Je poss\u00e8de diff\u00e9rentes cordes \u00e0 mon arc : Tapissi\u00e8re d&#8217;ameublement en si\u00e8ges Cr\u00e9atrice d&#8217;Abat jour color\u00e9s Cr\u00e9atrice de coussins funs hyper color\u00e9s Restaure des&hellip; <\/p>\n","protected":false},"author":5,"featured_media":0,"comment_status":"closed","ping_status":"open","sticky":false,"template":"","format":"standard","meta":{"_monsterinsights_skip_tracking":false,"_monsterinsights_sitenote_active":false,"_monsterinsights_sitenote_note":"","_monsterinsights_sitenote_category":0,"footnotes":""},"categories":[26],"tags":[],"class_list":["post-9552","post","type-post","status-publish","format-standard","hentry","category-actualites"],"yoast_head":"<!-- This site is optimized with the Yoast SEO plugin v27.3 - https:\/\/yoast.com\/product\/yoast-seo-wordpress\/ -->\n<title>Portrait d&#039;exposant - Au coeur de votre int\u00e9rieur by Mag -<\/title>\n<meta name=\"description\" content=\"Venez rencontrer Au coeur de votre int\u00e9rieur by Mag au Parc des Expositions du salon Respire la Vie du 24 au 26 f\u00e9vrier 2023.\" \/>\n<meta name=\"robots\" content=\"index, follow, max-snippet:-1, max-image-preview:large, max-video-preview:-1\" \/>\n<link rel=\"canonical\" href=\"https:\/\/www.respirelavie.fr\/rennes\/blog\/2023\/02\/06\/au-coeur-de-votre-interieur-by-mag\/\" \/>\n<meta property=\"og:locale\" content=\"fr_FR\" \/>\n<meta property=\"og:type\" content=\"article\" \/>\n<meta property=\"og:title\" content=\"Portrait d&#039;exposant - Au coeur de votre int\u00e9rieur by Mag -\" \/>\n<meta property=\"og:description\" content=\"Venez rencontrer Au coeur de votre int\u00e9rieur by Mag au Parc des Expositions du salon Respire la Vie du 24 au 26 f\u00e9vrier 2023.\" \/>\n<meta property=\"og:url\" content=\"https:\/\/www.respirelavie.fr\/rennes\/blog\/2023\/02\/06\/au-coeur-de-votre-interieur-by-mag\/\" \/>\n<meta property=\"og:site_name\" content=\"Respire La Vie Rennes\" \/>\n<meta property=\"article:published_time\" content=\"2023-02-06T09:19:34+00:00\" \/>\n<meta property=\"article:modified_time\" content=\"2023-05-03T08:14:03+00:00\" \/>\n<meta property=\"og:image\" content=\"https:\/\/www.respirelavie.fr\/rennes\/wp-content\/uploads\/sites\/5\/2023\/02\/1675508022-file2-84349292_10221384417743337_6177201954301673472_n-300x300.jpeg\" \/>\n<meta name=\"author\" content=\"communication\" \/>\n<meta name=\"twitter:card\" content=\"summary_large_image\" \/>\n<meta name=\"twitter:label1\" content=\"\u00c9crit par\" \/>\n\t<meta name=\"twitter:data1\" content=\"communication\" \/>\n\t<meta name=\"twitter:label2\" content=\"Dur\u00e9e de lecture estim\u00e9e\" \/>\n\t<meta name=\"twitter:data2\" content=\"2 minutes\" \/>\n<script type=\"application\/ld+json\" class=\"yoast-schema-graph\">{\"@context\":\"https:\\\/\\\/schema.org\",\"@graph\":[{\"@type\":\"Article\",\"@id\":\"https:\\\/\\\/www.respirelavie.fr\\\/rennes\\\/blog\\\/2023\\\/02\\\/06\\\/au-coeur-de-votre-interieur-by-mag\\\/#article\",\"isPartOf\":{\"@id\":\"https:\\\/\\\/www.respirelavie.fr\\\/rennes\\\/blog\\\/2023\\\/02\\\/06\\\/au-coeur-de-votre-interieur-by-mag\\\/\"},\"author\":{\"name\":\"communication\",\"@id\":\"https:\\\/\\\/www.respirelavie.fr\\\/rennes\\\/#\\\/schema\\\/person\\\/773bfe7c31181098698bacd32c5d233c\"},\"headline\":\"Portrait d&#8217;exposant &#8211; Au coeur de votre int\u00e9rieur by Mag\",\"datePublished\":\"2023-02-06T09:19:34+00:00\",\"dateModified\":\"2023-05-03T08:14:03+00:00\",\"mainEntityOfPage\":{\"@id\":\"https:\\\/\\\/www.respirelavie.fr\\\/rennes\\\/blog\\\/2023\\\/02\\\/06\\\/au-coeur-de-votre-interieur-by-mag\\\/\"},\"wordCount\":317,\"publisher\":{\"@id\":\"https:\\\/\\\/www.respirelavie.fr\\\/rennes\\\/#organization\"},\"image\":{\"@id\":\"https:\\\/\\\/www.respirelavie.fr\\\/rennes\\\/blog\\\/2023\\\/02\\\/06\\\/au-coeur-de-votre-interieur-by-mag\\\/#primaryimage\"},\"thumbnailUrl\":\"https:\\\/\\\/www.respirelavie.fr\\\/rennes\\\/wp-content\\\/uploads\\\/sites\\\/5\\\/2023\\\/02\\\/1675508022-file2-84349292_10221384417743337_6177201954301673472_n-300x300.jpeg\",\"articleSection\":[\"Actualit\u00e9s\"],\"inLanguage\":\"fr-FR\"},{\"@type\":\"WebPage\",\"@id\":\"https:\\\/\\\/www.respirelavie.fr\\\/rennes\\\/blog\\\/2023\\\/02\\\/06\\\/au-coeur-de-votre-interieur-by-mag\\\/\",\"url\":\"https:\\\/\\\/www.respirelavie.fr\\\/rennes\\\/blog\\\/2023\\\/02\\\/06\\\/au-coeur-de-votre-interieur-by-mag\\\/\",\"name\":\"Portrait d'exposant - Au coeur de votre int\u00e9rieur by Mag -\",\"isPartOf\":{\"@id\":\"https:\\\/\\\/www.respirelavie.fr\\\/rennes\\\/#website\"},\"primaryImageOfPage\":{\"@id\":\"https:\\\/\\\/www.respirelavie.fr\\\/rennes\\\/blog\\\/2023\\\/02\\\/06\\\/au-coeur-de-votre-interieur-by-mag\\\/#primaryimage\"},\"image\":{\"@id\":\"https:\\\/\\\/www.respirelavie.fr\\\/rennes\\\/blog\\\/2023\\\/02\\\/06\\\/au-coeur-de-votre-interieur-by-mag\\\/#primaryimage\"},\"thumbnailUrl\":\"https:\\\/\\\/www.respirelavie.fr\\\/rennes\\\/wp-content\\\/uploads\\\/sites\\\/5\\\/2023\\\/02\\\/1675508022-file2-84349292_10221384417743337_6177201954301673472_n-300x300.jpeg\",\"datePublished\":\"2023-02-06T09:19:34+00:00\",\"dateModified\":\"2023-05-03T08:14:03+00:00\",\"description\":\"Venez rencontrer Au coeur de votre int\u00e9rieur by Mag au Parc des Expositions du salon Respire la Vie du 24 au 26 f\u00e9vrier 2023.\",\"breadcrumb\":{\"@id\":\"https:\\\/\\\/www.respirelavie.fr\\\/rennes\\\/blog\\\/2023\\\/02\\\/06\\\/au-coeur-de-votre-interieur-by-mag\\\/#breadcrumb\"},\"inLanguage\":\"fr-FR\",\"potentialAction\":[{\"@type\":\"ReadAction\",\"target\":[\"https:\\\/\\\/www.respirelavie.fr\\\/rennes\\\/blog\\\/2023\\\/02\\\/06\\\/au-coeur-de-votre-interieur-by-mag\\\/\"]}]},{\"@type\":\"ImageObject\",\"inLanguage\":\"fr-FR\",\"@id\":\"https:\\\/\\\/www.respirelavie.fr\\\/rennes\\\/blog\\\/2023\\\/02\\\/06\\\/au-coeur-de-votre-interieur-by-mag\\\/#primaryimage\",\"url\":\"https:\\\/\\\/www.respirelavie.fr\\\/rennes\\\/wp-content\\\/uploads\\\/sites\\\/5\\\/2023\\\/02\\\/1675508022-file2-84349292_10221384417743337_6177201954301673472_n.jpeg\",\"contentUrl\":\"https:\\\/\\\/www.respirelavie.fr\\\/rennes\\\/wp-content\\\/uploads\\\/sites\\\/5\\\/2023\\\/02\\\/1675508022-file2-84349292_10221384417743337_6177201954301673472_n.jpeg\",\"width\":1092,\"height\":1092,\"caption\":\"Au coeur de votre int\u00e9rieur Femme\"},{\"@type\":\"BreadcrumbList\",\"@id\":\"https:\\\/\\\/www.respirelavie.fr\\\/rennes\\\/blog\\\/2023\\\/02\\\/06\\\/au-coeur-de-votre-interieur-by-mag\\\/#breadcrumb\",\"itemListElement\":[{\"@type\":\"ListItem\",\"position\":1,\"name\":\"Accueil\",\"item\":\"https:\\\/\\\/www.respirelavie.fr\\\/rennes\\\/\"},{\"@type\":\"ListItem\",\"position\":2,\"name\":\"Portrait d&#8217;exposant &#8211; Au coeur de votre int\u00e9rieur by Mag\"}]},{\"@type\":\"WebSite\",\"@id\":\"https:\\\/\\\/www.respirelavie.fr\\\/rennes\\\/#website\",\"url\":\"https:\\\/\\\/www.respirelavie.fr\\\/rennes\\\/\",\"name\":\"Respire La Vie Rennes\",\"description\":\"Respire La Vie Rennes : votre salon \u00e9colo, bio, bien-\u00eatre et habitat sain \u00e0 Rennes\",\"publisher\":{\"@id\":\"https:\\\/\\\/www.respirelavie.fr\\\/rennes\\\/#organization\"},\"potentialAction\":[{\"@type\":\"SearchAction\",\"target\":{\"@type\":\"EntryPoint\",\"urlTemplate\":\"https:\\\/\\\/www.respirelavie.fr\\\/rennes\\\/?s={search_term_string}\"},\"query-input\":{\"@type\":\"PropertyValueSpecification\",\"valueRequired\":true,\"valueName\":\"search_term_string\"}}],\"inLanguage\":\"fr-FR\"},{\"@type\":\"Organization\",\"@id\":\"https:\\\/\\\/www.respirelavie.fr\\\/rennes\\\/#organization\",\"name\":\"Respire La Vie Rennes\",\"url\":\"https:\\\/\\\/www.respirelavie.fr\\\/rennes\\\/\",\"logo\":{\"@type\":\"ImageObject\",\"inLanguage\":\"fr-FR\",\"@id\":\"https:\\\/\\\/www.respirelavie.fr\\\/rennes\\\/#\\\/schema\\\/logo\\\/image\\\/\",\"url\":\"https:\\\/\\\/www.respirelavie.fr\\\/rennes\\\/wp-content\\\/uploads\\\/sites\\\/5\\\/2025\\\/11\\\/cropped-Logo-RESPIRE-rennes-2026.png\",\"contentUrl\":\"https:\\\/\\\/www.respirelavie.fr\\\/rennes\\\/wp-content\\\/uploads\\\/sites\\\/5\\\/2025\\\/11\\\/cropped-Logo-RESPIRE-rennes-2026.png\",\"width\":921,\"height\":255,\"caption\":\"Respire La Vie Rennes\"},\"image\":{\"@id\":\"https:\\\/\\\/www.respirelavie.fr\\\/rennes\\\/#\\\/schema\\\/logo\\\/image\\\/\"}},{\"@type\":\"Person\",\"@id\":\"https:\\\/\\\/www.respirelavie.fr\\\/rennes\\\/#\\\/schema\\\/person\\\/773bfe7c31181098698bacd32c5d233c\",\"name\":\"communication\",\"image\":{\"@type\":\"ImageObject\",\"inLanguage\":\"fr-FR\",\"@id\":\"https:\\\/\\\/secure.gravatar.com\\\/avatar\\\/0f49d5b7ab56355ffa797b3ce25e4f2375cedf6bc9afe416fe669342c3524275?s=96&d=mm&r=g\",\"url\":\"https:\\\/\\\/secure.gravatar.com\\\/avatar\\\/0f49d5b7ab56355ffa797b3ce25e4f2375cedf6bc9afe416fe669342c3524275?s=96&d=mm&r=g\",\"contentUrl\":\"https:\\\/\\\/secure.gravatar.com\\\/avatar\\\/0f49d5b7ab56355ffa797b3ce25e4f2375cedf6bc9afe416fe669342c3524275?s=96&d=mm&r=g\",\"caption\":\"communication\"},\"url\":\"https:\\\/\\\/www.respirelavie.fr\\\/rennes\\\/blog\\\/author\\\/communication\\\/\"}]}<\/script>\n<!-- \/ Yoast SEO plugin. -->","yoast_head_json":{"title":"Portrait d'exposant - Au coeur de votre int\u00e9rieur by Mag -","description":"Venez rencontrer Au coeur de votre int\u00e9rieur by Mag au Parc des Expositions du salon Respire la Vie du 24 au 26 f\u00e9vrier 2023.","robots":{"index":"index","follow":"follow","max-snippet":"max-snippet:-1","max-image-preview":"max-image-preview:large","max-video-preview":"max-video-preview:-1"},"canonical":"https:\/\/www.respirelavie.fr\/rennes\/blog\/2023\/02\/06\/au-coeur-de-votre-interieur-by-mag\/","og_locale":"fr_FR","og_type":"article","og_title":"Portrait d'exposant - Au coeur de votre int\u00e9rieur by Mag -","og_description":"Venez rencontrer Au coeur de votre int\u00e9rieur by Mag au Parc des Expositions du salon Respire la Vie du 24 au 26 f\u00e9vrier 2023.","og_url":"https:\/\/www.respirelavie.fr\/rennes\/blog\/2023\/02\/06\/au-coeur-de-votre-interieur-by-mag\/","og_site_name":"Respire La Vie Rennes","article_published_time":"2023-02-06T09:19:34+00:00","article_modified_time":"2023-05-03T08:14:03+00:00","og_image":[{"url":"https:\/\/www.respirelavie.fr\/rennes\/wp-content\/uploads\/sites\/5\/2023\/02\/1675508022-file2-84349292_10221384417743337_6177201954301673472_n-300x300.jpeg","type":"","width":"","height":""}],"author":"communication","twitter_card":"summary_large_image","twitter_misc":{"\u00c9crit par":"communication","Dur\u00e9e de lecture estim\u00e9e":"2 minutes"},"schema":{"@context":"https:\/\/schema.org","@graph":[{"@type":"Article","@id":"https:\/\/www.respirelavie.fr\/rennes\/blog\/2023\/02\/06\/au-coeur-de-votre-interieur-by-mag\/#article","isPartOf":{"@id":"https:\/\/www.respirelavie.fr\/rennes\/blog\/2023\/02\/06\/au-coeur-de-votre-interieur-by-mag\/"},"author":{"name":"communication","@id":"https:\/\/www.respirelavie.fr\/rennes\/#\/schema\/person\/773bfe7c31181098698bacd32c5d233c"},"headline":"Portrait d&#8217;exposant &#8211; Au coeur de votre int\u00e9rieur by Mag","datePublished":"2023-02-06T09:19:34+00:00","dateModified":"2023-05-03T08:14:03+00:00","mainEntityOfPage":{"@id":"https:\/\/www.respirelavie.fr\/rennes\/blog\/2023\/02\/06\/au-coeur-de-votre-interieur-by-mag\/"},"wordCount":317,"publisher":{"@id":"https:\/\/www.respirelavie.fr\/rennes\/#organization"},"image":{"@id":"https:\/\/www.respirelavie.fr\/rennes\/blog\/2023\/02\/06\/au-coeur-de-votre-interieur-by-mag\/#primaryimage"},"thumbnailUrl":"https:\/\/www.respirelavie.fr\/rennes\/wp-content\/uploads\/sites\/5\/2023\/02\/1675508022-file2-84349292_10221384417743337_6177201954301673472_n-300x300.jpeg","articleSection":["Actualit\u00e9s"],"inLanguage":"fr-FR"},{"@type":"WebPage","@id":"https:\/\/www.respirelavie.fr\/rennes\/blog\/2023\/02\/06\/au-coeur-de-votre-interieur-by-mag\/","url":"https:\/\/www.respirelavie.fr\/rennes\/blog\/2023\/02\/06\/au-coeur-de-votre-interieur-by-mag\/","name":"Portrait d'exposant - Au coeur de votre int\u00e9rieur by Mag -","isPartOf":{"@id":"https:\/\/www.respirelavie.fr\/rennes\/#website"},"primaryImageOfPage":{"@id":"https:\/\/www.respirelavie.fr\/rennes\/blog\/2023\/02\/06\/au-coeur-de-votre-interieur-by-mag\/#primaryimage"},"image":{"@id":"https:\/\/www.respirelavie.fr\/rennes\/blog\/2023\/02\/06\/au-coeur-de-votre-interieur-by-mag\/#primaryimage"},"thumbnailUrl":"https:\/\/www.respirelavie.fr\/rennes\/wp-content\/uploads\/sites\/5\/2023\/02\/1675508022-file2-84349292_10221384417743337_6177201954301673472_n-300x300.jpeg","datePublished":"2023-02-06T09:19:34+00:00","dateModified":"2023-05-03T08:14:03+00:00","description":"Venez rencontrer Au coeur de votre int\u00e9rieur by Mag au Parc des Expositions du salon Respire la Vie du 24 au 26 f\u00e9vrier 2023.","breadcrumb":{"@id":"https:\/\/www.respirelavie.fr\/rennes\/blog\/2023\/02\/06\/au-coeur-de-votre-interieur-by-mag\/#breadcrumb"},"inLanguage":"fr-FR","potentialAction":[{"@type":"ReadAction","target":["https:\/\/www.respirelavie.fr\/rennes\/blog\/2023\/02\/06\/au-coeur-de-votre-interieur-by-mag\/"]}]},{"@type":"ImageObject","inLanguage":"fr-FR","@id":"https:\/\/www.respirelavie.fr\/rennes\/blog\/2023\/02\/06\/au-coeur-de-votre-interieur-by-mag\/#primaryimage","url":"https:\/\/www.respirelavie.fr\/rennes\/wp-content\/uploads\/sites\/5\/2023\/02\/1675508022-file2-84349292_10221384417743337_6177201954301673472_n.jpeg","contentUrl":"https:\/\/www.respirelavie.fr\/rennes\/wp-content\/uploads\/sites\/5\/2023\/02\/1675508022-file2-84349292_10221384417743337_6177201954301673472_n.jpeg","width":1092,"height":1092,"caption":"Au coeur de votre int\u00e9rieur Femme"},{"@type":"BreadcrumbList","@id":"https:\/\/www.respirelavie.fr\/rennes\/blog\/2023\/02\/06\/au-coeur-de-votre-interieur-by-mag\/#breadcrumb","itemListElement":[{"@type":"ListItem","position":1,"name":"Accueil","item":"https:\/\/www.respirelavie.fr\/rennes\/"},{"@type":"ListItem","position":2,"name":"Portrait d&#8217;exposant &#8211; Au coeur de votre int\u00e9rieur by Mag"}]},{"@type":"WebSite","@id":"https:\/\/www.respirelavie.fr\/rennes\/#website","url":"https:\/\/www.respirelavie.fr\/rennes\/","name":"Respire La Vie Rennes","description":"Respire La Vie Rennes : votre salon \u00e9colo, bio, bien-\u00eatre et habitat sain \u00e0 Rennes","publisher":{"@id":"https:\/\/www.respirelavie.fr\/rennes\/#organization"},"potentialAction":[{"@type":"SearchAction","target":{"@type":"EntryPoint","urlTemplate":"https:\/\/www.respirelavie.fr\/rennes\/?s={search_term_string}"},"query-input":{"@type":"PropertyValueSpecification","valueRequired":true,"valueName":"search_term_string"}}],"inLanguage":"fr-FR"},{"@type":"Organization","@id":"https:\/\/www.respirelavie.fr\/rennes\/#organization","name":"Respire La Vie Rennes","url":"https:\/\/www.respirelavie.fr\/rennes\/","logo":{"@type":"ImageObject","inLanguage":"fr-FR","@id":"https:\/\/www.respirelavie.fr\/rennes\/#\/schema\/logo\/image\/","url":"https:\/\/www.respirelavie.fr\/rennes\/wp-content\/uploads\/sites\/5\/2025\/11\/cropped-Logo-RESPIRE-rennes-2026.png","contentUrl":"https:\/\/www.respirelavie.fr\/rennes\/wp-content\/uploads\/sites\/5\/2025\/11\/cropped-Logo-RESPIRE-rennes-2026.png","width":921,"height":255,"caption":"Respire La Vie Rennes"},"image":{"@id":"https:\/\/www.respirelavie.fr\/rennes\/#\/schema\/logo\/image\/"}},{"@type":"Person","@id":"https:\/\/www.respirelavie.fr\/rennes\/#\/schema\/person\/773bfe7c31181098698bacd32c5d233c","name":"communication","image":{"@type":"ImageObject","inLanguage":"fr-FR","@id":"https:\/\/secure.gravatar.com\/avatar\/0f49d5b7ab56355ffa797b3ce25e4f2375cedf6bc9afe416fe669342c3524275?s=96&d=mm&r=g","url":"https:\/\/secure.gravatar.com\/avatar\/0f49d5b7ab56355ffa797b3ce25e4f2375cedf6bc9afe416fe669342c3524275?s=96&d=mm&r=g","contentUrl":"https:\/\/secure.gravatar.com\/avatar\/0f49d5b7ab56355ffa797b3ce25e4f2375cedf6bc9afe416fe669342c3524275?s=96&d=mm&r=g","caption":"communication"},"url":"https:\/\/www.respirelavie.fr\/rennes\/blog\/author\/communication\/"}]}},"_links":{"self":[{"href":"https:\/\/www.respirelavie.fr\/rennes\/wp-json\/wp\/v2\/posts\/9552","targetHints":{"allow":["GET"]}}],"collection":[{"href":"https:\/\/www.respirelavie.fr\/rennes\/wp-json\/wp\/v2\/posts"}],"about":[{"href":"https:\/\/www.respirelavie.fr\/rennes\/wp-json\/wp\/v2\/types\/post"}],"author":[{"embeddable":true,"href":"https:\/\/www.respirelavie.fr\/rennes\/wp-json\/wp\/v2\/users\/5"}],"replies":[{"embeddable":true,"href":"https:\/\/www.respirelavie.fr\/rennes\/wp-json\/wp\/v2\/comments?post=9552"}],"version-history":[{"count":12,"href":"https:\/\/www.respirelavie.fr\/rennes\/wp-json\/wp\/v2\/posts\/9552\/revisions"}],"predecessor-version":[{"id":9575,"href":"https:\/\/www.respirelavie.fr\/rennes\/wp-json\/wp\/v2\/posts\/9552\/revisions\/9575"}],"wp:attachment":[{"href":"https:\/\/www.respirelavie.fr\/rennes\/wp-json\/wp\/v2\/media?parent=9552"}],"wp:term":[{"taxonomy":"category","embeddable":true,"href":"https:\/\/www.respirelavie.fr\/rennes\/wp-json\/wp\/v2\/categories?post=9552"},{"taxonomy":"post_tag","embeddable":true,"href":"https:\/\/www.respirelavie.fr\/rennes\/wp-json\/wp\/v2\/tags?post=9552"}],"curies":[{"name":"wp","href":"https:\/\/api.w.org\/{rel}","templated":true}]}}