{"id":9592,"date":"2023-02-10T10:01:44","date_gmt":"2023-02-10T09:01:44","guid":{"rendered":"https:\/\/www.respirelavie.fr\/rennes\/?p=9592"},"modified":"2023-05-03T10:14:02","modified_gmt":"2023-05-03T08:14:02","slug":"greenpeace","status":"publish","type":"post","link":"https:\/\/www.respirelavie.fr\/rennes\/blog\/2023\/02\/10\/greenpeace\/","title":{"rendered":"Portrait d&#8217;exposant &#8211; Greenpeace"},"content":{"rendered":"<h2>Pr\u00e9sentez-vous en quelques mots<\/h2>\n<p>Greenpeace est une <a href=\"https:\/\/www.greenpeace.fr\/\" target=\"_blank\" rel=\"noopener\">organisation internationale<\/a> ind\u00e9pendante des \u00e9tats, politiquement et financi\u00e8rement dont le but est de d\u00e9noncer les atteintes port\u00e9es \u00e0 l&#8217;environnement et d\u2019y apporter des solutions concr\u00e8tes ainsi que de promouvoir la paix.<\/p>\n<p><img fetchpriority=\"high\" decoding=\"async\" class=\" wp-image-9596 aligncenter\" src=\"https:\/\/www.respirelavie.fr\/rennes\/wp-content\/uploads\/sites\/5\/2023\/02\/1675936271-file1-Vivre-autrement-Paris-2022-223x300.jpeg\" alt=\"Greenpeace Stand\" width=\"327\" height=\"440\" srcset=\"https:\/\/www.respirelavie.fr\/rennes\/wp-content\/uploads\/sites\/5\/2023\/02\/1675936271-file1-Vivre-autrement-Paris-2022-223x300.jpeg 223w, https:\/\/www.respirelavie.fr\/rennes\/wp-content\/uploads\/sites\/5\/2023\/02\/1675936271-file1-Vivre-autrement-Paris-2022-150x201.jpeg 150w, https:\/\/www.respirelavie.fr\/rennes\/wp-content\/uploads\/sites\/5\/2023\/02\/1675936271-file1-Vivre-autrement-Paris-2022-372x500.jpeg 372w, https:\/\/www.respirelavie.fr\/rennes\/wp-content\/uploads\/sites\/5\/2023\/02\/1675936271-file1-Vivre-autrement-Paris-2022.jpeg 467w\" sizes=\"(max-width: 327px) 100vw, 327px\" \/><\/p>\n<h2>Que propose Greenpeace sur le salon ?<\/h2>\n<p>Nous pr\u00e9sentons les campagnes de Greenpeace sur l&#8217;agriculture, les for\u00eats, les oc\u00e9ans et l&#8217;\u00e9nergie-climat avec des visuels, des documents synth\u00e9tiques et de consommations. Disponibles gratuitement.<br \/>\nNous vous expliquons aussi comment agir avec notre association.<\/p>\n<p>&nbsp;<\/p>\n<h2>Parlez-nous de votre relation avec le salon<\/h2>\n<p>Le salon Respire la Vie est l&#8217;occasion de rencontrer un public sensibilis\u00e9 ou curieux de s&#8217;informer sur les questions environnementales.<\/p>\n<p>&nbsp;<\/p>\n<p><em><a href=\"https:\/\/www.respirelavie.fr\/rennes\/visiter\/liste-des-exposants\/\" target=\"_blank\" rel=\"noopener\">Consultez la liste des exposants<\/a><\/em><\/p>\n","protected":false},"excerpt":{"rendered":"<p>Pr\u00e9sentez-vous en quelques mots Greenpeace est une organisation internationale ind\u00e9pendante des \u00e9tats, politiquement et financi\u00e8rement dont le but est de d\u00e9noncer les atteintes port\u00e9es \u00e0 l&#8217;environnement et d\u2019y apporter des solutions concr\u00e8tes ainsi que de promouvoir la paix. Que propose Greenpeace sur le salon ? Nous pr\u00e9sentons les campagnes de Greenpeace sur l&#8217;agriculture, les for\u00eats,&hellip; <\/p>\n","protected":false},"author":5,"featured_media":0,"comment_status":"closed","ping_status":"open","sticky":false,"template":"","format":"standard","meta":{"_monsterinsights_skip_tracking":false,"_monsterinsights_sitenote_active":false,"_monsterinsights_sitenote_note":"","_monsterinsights_sitenote_category":0,"footnotes":""},"categories":[26],"tags":[],"class_list":["post-9592","post","type-post","status-publish","format-standard","hentry","category-actualites"],"yoast_head":"<!-- This site is optimized with the Yoast SEO plugin v27.3 - https:\/\/yoast.com\/product\/yoast-seo-wordpress\/ -->\n<title>Portrait d&#039;exposant - Greenpeace - Respire La Vie Rennes<\/title>\n<meta name=\"description\" content=\"Venez rencontrer Greenpeace au Parc des Expositions du salon Respire la Vie Rennes du 24 au 26 f\u00e9vrier 2023.\" \/>\n<meta name=\"robots\" content=\"index, follow, max-snippet:-1, max-image-preview:large, max-video-preview:-1\" \/>\n<link rel=\"canonical\" href=\"https:\/\/www.respirelavie.fr\/rennes\/blog\/2023\/02\/10\/greenpeace\/\" \/>\n<meta property=\"og:locale\" content=\"fr_FR\" \/>\n<meta property=\"og:type\" content=\"article\" \/>\n<meta property=\"og:title\" content=\"Portrait d&#039;exposant - Greenpeace - Respire La Vie Rennes\" \/>\n<meta property=\"og:description\" content=\"Venez rencontrer Greenpeace au Parc des Expositions du salon Respire la Vie Rennes du 24 au 26 f\u00e9vrier 2023.\" \/>\n<meta property=\"og:url\" content=\"https:\/\/www.respirelavie.fr\/rennes\/blog\/2023\/02\/10\/greenpeace\/\" \/>\n<meta property=\"og:site_name\" content=\"Respire La Vie Rennes\" \/>\n<meta property=\"article:published_time\" content=\"2023-02-10T09:01:44+00:00\" \/>\n<meta property=\"article:modified_time\" content=\"2023-05-03T08:14:02+00:00\" \/>\n<meta property=\"og:image\" content=\"https:\/\/www.respirelavie.fr\/rennes\/wp-content\/uploads\/sites\/5\/2023\/02\/1675936271-file1-Vivre-autrement-Paris-2022-223x300.jpeg\" \/>\n<meta name=\"author\" content=\"communication\" \/>\n<meta name=\"twitter:card\" content=\"summary_large_image\" \/>\n<meta name=\"twitter:label1\" content=\"\u00c9crit par\" \/>\n\t<meta name=\"twitter:data1\" content=\"communication\" \/>\n\t<meta name=\"twitter:label2\" content=\"Dur\u00e9e de lecture estim\u00e9e\" \/>\n\t<meta name=\"twitter:data2\" content=\"1 minute\" \/>\n<script type=\"application\/ld+json\" class=\"yoast-schema-graph\">{\"@context\":\"https:\\\/\\\/schema.org\",\"@graph\":[{\"@type\":\"Article\",\"@id\":\"https:\\\/\\\/www.respirelavie.fr\\\/rennes\\\/blog\\\/2023\\\/02\\\/10\\\/greenpeace\\\/#article\",\"isPartOf\":{\"@id\":\"https:\\\/\\\/www.respirelavie.fr\\\/rennes\\\/blog\\\/2023\\\/02\\\/10\\\/greenpeace\\\/\"},\"author\":{\"name\":\"communication\",\"@id\":\"https:\\\/\\\/www.respirelavie.fr\\\/rennes\\\/#\\\/schema\\\/person\\\/773bfe7c31181098698bacd32c5d233c\"},\"headline\":\"Portrait d&#8217;exposant &#8211; Greenpeace\",\"datePublished\":\"2023-02-10T09:01:44+00:00\",\"dateModified\":\"2023-05-03T08:14:02+00:00\",\"mainEntityOfPage\":{\"@id\":\"https:\\\/\\\/www.respirelavie.fr\\\/rennes\\\/blog\\\/2023\\\/02\\\/10\\\/greenpeace\\\/\"},\"wordCount\":132,\"publisher\":{\"@id\":\"https:\\\/\\\/www.respirelavie.fr\\\/rennes\\\/#organization\"},\"image\":{\"@id\":\"https:\\\/\\\/www.respirelavie.fr\\\/rennes\\\/blog\\\/2023\\\/02\\\/10\\\/greenpeace\\\/#primaryimage\"},\"thumbnailUrl\":\"https:\\\/\\\/www.respirelavie.fr\\\/rennes\\\/wp-content\\\/uploads\\\/sites\\\/5\\\/2023\\\/02\\\/1675936271-file1-Vivre-autrement-Paris-2022-223x300.jpeg\",\"articleSection\":[\"Actualit\u00e9s\"],\"inLanguage\":\"fr-FR\"},{\"@type\":\"WebPage\",\"@id\":\"https:\\\/\\\/www.respirelavie.fr\\\/rennes\\\/blog\\\/2023\\\/02\\\/10\\\/greenpeace\\\/\",\"url\":\"https:\\\/\\\/www.respirelavie.fr\\\/rennes\\\/blog\\\/2023\\\/02\\\/10\\\/greenpeace\\\/\",\"name\":\"Portrait d'exposant - Greenpeace - Respire La Vie Rennes\",\"isPartOf\":{\"@id\":\"https:\\\/\\\/www.respirelavie.fr\\\/rennes\\\/#website\"},\"primaryImageOfPage\":{\"@id\":\"https:\\\/\\\/www.respirelavie.fr\\\/rennes\\\/blog\\\/2023\\\/02\\\/10\\\/greenpeace\\\/#primaryimage\"},\"image\":{\"@id\":\"https:\\\/\\\/www.respirelavie.fr\\\/rennes\\\/blog\\\/2023\\\/02\\\/10\\\/greenpeace\\\/#primaryimage\"},\"thumbnailUrl\":\"https:\\\/\\\/www.respirelavie.fr\\\/rennes\\\/wp-content\\\/uploads\\\/sites\\\/5\\\/2023\\\/02\\\/1675936271-file1-Vivre-autrement-Paris-2022-223x300.jpeg\",\"datePublished\":\"2023-02-10T09:01:44+00:00\",\"dateModified\":\"2023-05-03T08:14:02+00:00\",\"description\":\"Venez rencontrer Greenpeace au Parc des Expositions du salon Respire la Vie Rennes du 24 au 26 f\u00e9vrier 2023.\",\"breadcrumb\":{\"@id\":\"https:\\\/\\\/www.respirelavie.fr\\\/rennes\\\/blog\\\/2023\\\/02\\\/10\\\/greenpeace\\\/#breadcrumb\"},\"inLanguage\":\"fr-FR\",\"potentialAction\":[{\"@type\":\"ReadAction\",\"target\":[\"https:\\\/\\\/www.respirelavie.fr\\\/rennes\\\/blog\\\/2023\\\/02\\\/10\\\/greenpeace\\\/\"]}]},{\"@type\":\"ImageObject\",\"inLanguage\":\"fr-FR\",\"@id\":\"https:\\\/\\\/www.respirelavie.fr\\\/rennes\\\/blog\\\/2023\\\/02\\\/10\\\/greenpeace\\\/#primaryimage\",\"url\":\"https:\\\/\\\/www.respirelavie.fr\\\/rennes\\\/wp-content\\\/uploads\\\/sites\\\/5\\\/2023\\\/02\\\/1675936271-file1-Vivre-autrement-Paris-2022.jpeg\",\"contentUrl\":\"https:\\\/\\\/www.respirelavie.fr\\\/rennes\\\/wp-content\\\/uploads\\\/sites\\\/5\\\/2023\\\/02\\\/1675936271-file1-Vivre-autrement-Paris-2022.jpeg\",\"width\":467,\"height\":627},{\"@type\":\"BreadcrumbList\",\"@id\":\"https:\\\/\\\/www.respirelavie.fr\\\/rennes\\\/blog\\\/2023\\\/02\\\/10\\\/greenpeace\\\/#breadcrumb\",\"itemListElement\":[{\"@type\":\"ListItem\",\"position\":1,\"name\":\"Accueil\",\"item\":\"https:\\\/\\\/www.respirelavie.fr\\\/rennes\\\/\"},{\"@type\":\"ListItem\",\"position\":2,\"name\":\"Portrait d&#8217;exposant &#8211; Greenpeace\"}]},{\"@type\":\"WebSite\",\"@id\":\"https:\\\/\\\/www.respirelavie.fr\\\/rennes\\\/#website\",\"url\":\"https:\\\/\\\/www.respirelavie.fr\\\/rennes\\\/\",\"name\":\"Respire La Vie Rennes\",\"description\":\"Respire La Vie Rennes : votre salon \u00e9colo, bio, bien-\u00eatre et habitat sain \u00e0 Rennes\",\"publisher\":{\"@id\":\"https:\\\/\\\/www.respirelavie.fr\\\/rennes\\\/#organization\"},\"potentialAction\":[{\"@type\":\"SearchAction\",\"target\":{\"@type\":\"EntryPoint\",\"urlTemplate\":\"https:\\\/\\\/www.respirelavie.fr\\\/rennes\\\/?s={search_term_string}\"},\"query-input\":{\"@type\":\"PropertyValueSpecification\",\"valueRequired\":true,\"valueName\":\"search_term_string\"}}],\"inLanguage\":\"fr-FR\"},{\"@type\":\"Organization\",\"@id\":\"https:\\\/\\\/www.respirelavie.fr\\\/rennes\\\/#organization\",\"name\":\"Respire La Vie Rennes\",\"url\":\"https:\\\/\\\/www.respirelavie.fr\\\/rennes\\\/\",\"logo\":{\"@type\":\"ImageObject\",\"inLanguage\":\"fr-FR\",\"@id\":\"https:\\\/\\\/www.respirelavie.fr\\\/rennes\\\/#\\\/schema\\\/logo\\\/image\\\/\",\"url\":\"https:\\\/\\\/www.respirelavie.fr\\\/rennes\\\/wp-content\\\/uploads\\\/sites\\\/5\\\/2025\\\/11\\\/cropped-Logo-RESPIRE-rennes-2026.png\",\"contentUrl\":\"https:\\\/\\\/www.respirelavie.fr\\\/rennes\\\/wp-content\\\/uploads\\\/sites\\\/5\\\/2025\\\/11\\\/cropped-Logo-RESPIRE-rennes-2026.png\",\"width\":921,\"height\":255,\"caption\":\"Respire La Vie Rennes\"},\"image\":{\"@id\":\"https:\\\/\\\/www.respirelavie.fr\\\/rennes\\\/#\\\/schema\\\/logo\\\/image\\\/\"}},{\"@type\":\"Person\",\"@id\":\"https:\\\/\\\/www.respirelavie.fr\\\/rennes\\\/#\\\/schema\\\/person\\\/773bfe7c31181098698bacd32c5d233c\",\"name\":\"communication\",\"image\":{\"@type\":\"ImageObject\",\"inLanguage\":\"fr-FR\",\"@id\":\"https:\\\/\\\/secure.gravatar.com\\\/avatar\\\/0f49d5b7ab56355ffa797b3ce25e4f2375cedf6bc9afe416fe669342c3524275?s=96&d=mm&r=g\",\"url\":\"https:\\\/\\\/secure.gravatar.com\\\/avatar\\\/0f49d5b7ab56355ffa797b3ce25e4f2375cedf6bc9afe416fe669342c3524275?s=96&d=mm&r=g\",\"contentUrl\":\"https:\\\/\\\/secure.gravatar.com\\\/avatar\\\/0f49d5b7ab56355ffa797b3ce25e4f2375cedf6bc9afe416fe669342c3524275?s=96&d=mm&r=g\",\"caption\":\"communication\"},\"url\":\"https:\\\/\\\/www.respirelavie.fr\\\/rennes\\\/blog\\\/author\\\/communication\\\/\"}]}<\/script>\n<!-- \/ Yoast SEO plugin. -->","yoast_head_json":{"title":"Portrait d'exposant - Greenpeace - Respire La Vie Rennes","description":"Venez rencontrer Greenpeace au Parc des Expositions du salon Respire la Vie Rennes du 24 au 26 f\u00e9vrier 2023.","robots":{"index":"index","follow":"follow","max-snippet":"max-snippet:-1","max-image-preview":"max-image-preview:large","max-video-preview":"max-video-preview:-1"},"canonical":"https:\/\/www.respirelavie.fr\/rennes\/blog\/2023\/02\/10\/greenpeace\/","og_locale":"fr_FR","og_type":"article","og_title":"Portrait d'exposant - Greenpeace - Respire La Vie Rennes","og_description":"Venez rencontrer Greenpeace au Parc des Expositions du salon Respire la Vie Rennes du 24 au 26 f\u00e9vrier 2023.","og_url":"https:\/\/www.respirelavie.fr\/rennes\/blog\/2023\/02\/10\/greenpeace\/","og_site_name":"Respire La Vie Rennes","article_published_time":"2023-02-10T09:01:44+00:00","article_modified_time":"2023-05-03T08:14:02+00:00","og_image":[{"url":"https:\/\/www.respirelavie.fr\/rennes\/wp-content\/uploads\/sites\/5\/2023\/02\/1675936271-file1-Vivre-autrement-Paris-2022-223x300.jpeg","type":"","width":"","height":""}],"author":"communication","twitter_card":"summary_large_image","twitter_misc":{"\u00c9crit par":"communication","Dur\u00e9e de lecture estim\u00e9e":"1 minute"},"schema":{"@context":"https:\/\/schema.org","@graph":[{"@type":"Article","@id":"https:\/\/www.respirelavie.fr\/rennes\/blog\/2023\/02\/10\/greenpeace\/#article","isPartOf":{"@id":"https:\/\/www.respirelavie.fr\/rennes\/blog\/2023\/02\/10\/greenpeace\/"},"author":{"name":"communication","@id":"https:\/\/www.respirelavie.fr\/rennes\/#\/schema\/person\/773bfe7c31181098698bacd32c5d233c"},"headline":"Portrait d&#8217;exposant &#8211; Greenpeace","datePublished":"2023-02-10T09:01:44+00:00","dateModified":"2023-05-03T08:14:02+00:00","mainEntityOfPage":{"@id":"https:\/\/www.respirelavie.fr\/rennes\/blog\/2023\/02\/10\/greenpeace\/"},"wordCount":132,"publisher":{"@id":"https:\/\/www.respirelavie.fr\/rennes\/#organization"},"image":{"@id":"https:\/\/www.respirelavie.fr\/rennes\/blog\/2023\/02\/10\/greenpeace\/#primaryimage"},"thumbnailUrl":"https:\/\/www.respirelavie.fr\/rennes\/wp-content\/uploads\/sites\/5\/2023\/02\/1675936271-file1-Vivre-autrement-Paris-2022-223x300.jpeg","articleSection":["Actualit\u00e9s"],"inLanguage":"fr-FR"},{"@type":"WebPage","@id":"https:\/\/www.respirelavie.fr\/rennes\/blog\/2023\/02\/10\/greenpeace\/","url":"https:\/\/www.respirelavie.fr\/rennes\/blog\/2023\/02\/10\/greenpeace\/","name":"Portrait d'exposant - Greenpeace - Respire La Vie Rennes","isPartOf":{"@id":"https:\/\/www.respirelavie.fr\/rennes\/#website"},"primaryImageOfPage":{"@id":"https:\/\/www.respirelavie.fr\/rennes\/blog\/2023\/02\/10\/greenpeace\/#primaryimage"},"image":{"@id":"https:\/\/www.respirelavie.fr\/rennes\/blog\/2023\/02\/10\/greenpeace\/#primaryimage"},"thumbnailUrl":"https:\/\/www.respirelavie.fr\/rennes\/wp-content\/uploads\/sites\/5\/2023\/02\/1675936271-file1-Vivre-autrement-Paris-2022-223x300.jpeg","datePublished":"2023-02-10T09:01:44+00:00","dateModified":"2023-05-03T08:14:02+00:00","description":"Venez rencontrer Greenpeace au Parc des Expositions du salon Respire la Vie Rennes du 24 au 26 f\u00e9vrier 2023.","breadcrumb":{"@id":"https:\/\/www.respirelavie.fr\/rennes\/blog\/2023\/02\/10\/greenpeace\/#breadcrumb"},"inLanguage":"fr-FR","potentialAction":[{"@type":"ReadAction","target":["https:\/\/www.respirelavie.fr\/rennes\/blog\/2023\/02\/10\/greenpeace\/"]}]},{"@type":"ImageObject","inLanguage":"fr-FR","@id":"https:\/\/www.respirelavie.fr\/rennes\/blog\/2023\/02\/10\/greenpeace\/#primaryimage","url":"https:\/\/www.respirelavie.fr\/rennes\/wp-content\/uploads\/sites\/5\/2023\/02\/1675936271-file1-Vivre-autrement-Paris-2022.jpeg","contentUrl":"https:\/\/www.respirelavie.fr\/rennes\/wp-content\/uploads\/sites\/5\/2023\/02\/1675936271-file1-Vivre-autrement-Paris-2022.jpeg","width":467,"height":627},{"@type":"BreadcrumbList","@id":"https:\/\/www.respirelavie.fr\/rennes\/blog\/2023\/02\/10\/greenpeace\/#breadcrumb","itemListElement":[{"@type":"ListItem","position":1,"name":"Accueil","item":"https:\/\/www.respirelavie.fr\/rennes\/"},{"@type":"ListItem","position":2,"name":"Portrait d&#8217;exposant &#8211; Greenpeace"}]},{"@type":"WebSite","@id":"https:\/\/www.respirelavie.fr\/rennes\/#website","url":"https:\/\/www.respirelavie.fr\/rennes\/","name":"Respire La Vie Rennes","description":"Respire La Vie Rennes : votre salon \u00e9colo, bio, bien-\u00eatre et habitat sain \u00e0 Rennes","publisher":{"@id":"https:\/\/www.respirelavie.fr\/rennes\/#organization"},"potentialAction":[{"@type":"SearchAction","target":{"@type":"EntryPoint","urlTemplate":"https:\/\/www.respirelavie.fr\/rennes\/?s={search_term_string}"},"query-input":{"@type":"PropertyValueSpecification","valueRequired":true,"valueName":"search_term_string"}}],"inLanguage":"fr-FR"},{"@type":"Organization","@id":"https:\/\/www.respirelavie.fr\/rennes\/#organization","name":"Respire La Vie Rennes","url":"https:\/\/www.respirelavie.fr\/rennes\/","logo":{"@type":"ImageObject","inLanguage":"fr-FR","@id":"https:\/\/www.respirelavie.fr\/rennes\/#\/schema\/logo\/image\/","url":"https:\/\/www.respirelavie.fr\/rennes\/wp-content\/uploads\/sites\/5\/2025\/11\/cropped-Logo-RESPIRE-rennes-2026.png","contentUrl":"https:\/\/www.respirelavie.fr\/rennes\/wp-content\/uploads\/sites\/5\/2025\/11\/cropped-Logo-RESPIRE-rennes-2026.png","width":921,"height":255,"caption":"Respire La Vie Rennes"},"image":{"@id":"https:\/\/www.respirelavie.fr\/rennes\/#\/schema\/logo\/image\/"}},{"@type":"Person","@id":"https:\/\/www.respirelavie.fr\/rennes\/#\/schema\/person\/773bfe7c31181098698bacd32c5d233c","name":"communication","image":{"@type":"ImageObject","inLanguage":"fr-FR","@id":"https:\/\/secure.gravatar.com\/avatar\/0f49d5b7ab56355ffa797b3ce25e4f2375cedf6bc9afe416fe669342c3524275?s=96&d=mm&r=g","url":"https:\/\/secure.gravatar.com\/avatar\/0f49d5b7ab56355ffa797b3ce25e4f2375cedf6bc9afe416fe669342c3524275?s=96&d=mm&r=g","contentUrl":"https:\/\/secure.gravatar.com\/avatar\/0f49d5b7ab56355ffa797b3ce25e4f2375cedf6bc9afe416fe669342c3524275?s=96&d=mm&r=g","caption":"communication"},"url":"https:\/\/www.respirelavie.fr\/rennes\/blog\/author\/communication\/"}]}},"_links":{"self":[{"href":"https:\/\/www.respirelavie.fr\/rennes\/wp-json\/wp\/v2\/posts\/9592","targetHints":{"allow":["GET"]}}],"collection":[{"href":"https:\/\/www.respirelavie.fr\/rennes\/wp-json\/wp\/v2\/posts"}],"about":[{"href":"https:\/\/www.respirelavie.fr\/rennes\/wp-json\/wp\/v2\/types\/post"}],"author":[{"embeddable":true,"href":"https:\/\/www.respirelavie.fr\/rennes\/wp-json\/wp\/v2\/users\/5"}],"replies":[{"embeddable":true,"href":"https:\/\/www.respirelavie.fr\/rennes\/wp-json\/wp\/v2\/comments?post=9592"}],"version-history":[{"count":3,"href":"https:\/\/www.respirelavie.fr\/rennes\/wp-json\/wp\/v2\/posts\/9592\/revisions"}],"predecessor-version":[{"id":9625,"href":"https:\/\/www.respirelavie.fr\/rennes\/wp-json\/wp\/v2\/posts\/9592\/revisions\/9625"}],"wp:attachment":[{"href":"https:\/\/www.respirelavie.fr\/rennes\/wp-json\/wp\/v2\/media?parent=9592"}],"wp:term":[{"taxonomy":"category","embeddable":true,"href":"https:\/\/www.respirelavie.fr\/rennes\/wp-json\/wp\/v2\/categories?post=9592"},{"taxonomy":"post_tag","embeddable":true,"href":"https:\/\/www.respirelavie.fr\/rennes\/wp-json\/wp\/v2\/tags?post=9592"}],"curies":[{"name":"wp","href":"https:\/\/api.w.org\/{rel}","templated":true}]}}