{"id":9598,"date":"2023-02-10T10:21:29","date_gmt":"2023-02-10T09:21:29","guid":{"rendered":"https:\/\/www.respirelavie.fr\/rennes\/?p=9598"},"modified":"2024-02-06T09:43:38","modified_gmt":"2024-02-06T08:43:38","slug":"home-organiser","status":"publish","type":"post","link":"https:\/\/www.respirelavie.fr\/rennes\/blog\/2023\/02\/10\/home-organiser\/","title":{"rendered":"Portrait d&#8217;exposant &#8211; Home Organiser"},"content":{"rendered":"<h2>Pr\u00e9sentez-vous en quelques mots<\/h2>\n<p><a href=\"http:\/\/www.sb-homeorganiser.com\" target=\"_blank\" rel=\"noopener\">Le m\u00e9tier<\/a> de Home Organiser aussi appel\u00e9 professionnel de l&#8217;organisation ou organisateur d&#8217;int\u00e9rieur, consiste \u00e0 vous aider &#8211; professionnels et particuliers &#8211; \u00e0 :<\/p>\n<ul>\n<li>Refaire de vos espaces de vie ou de travail un lieu o\u00f9 vous vous sentez bien,<\/li>\n<li>R\u00e9organiser ces espaces pour les rendre plus fonctionnels,<\/li>\n<li>Retrouver de l&#8217;espace et du temps pour vous,<\/li>\n<li>Red\u00e9finir vos essentiels et revoir votre rapport au temps et aux objets<\/li>\n<\/ul>\n<p>Cr\u00e9ative, pragmatique et bienveillante je vous propose des solutions personnalis\u00e9es.<\/p>\n<p><img fetchpriority=\"high\" decoding=\"async\" class=\" wp-image-9600 aligncenter\" src=\"https:\/\/www.respirelavie.fr\/rennes\/wp-content\/uploads\/sites\/5\/2023\/02\/1675964978-file2-CARTE-VISITE-300x191.jpeg\" alt=\"Home Organiser Carte\" width=\"510\" height=\"325\" srcset=\"https:\/\/www.respirelavie.fr\/rennes\/wp-content\/uploads\/sites\/5\/2023\/02\/1675964978-file2-CARTE-VISITE-300x191.jpeg 300w, https:\/\/www.respirelavie.fr\/rennes\/wp-content\/uploads\/sites\/5\/2023\/02\/1675964978-file2-CARTE-VISITE-150x95.jpeg 150w, https:\/\/www.respirelavie.fr\/rennes\/wp-content\/uploads\/sites\/5\/2023\/02\/1675964978-file2-CARTE-VISITE-500x318.jpeg 500w, https:\/\/www.respirelavie.fr\/rennes\/wp-content\/uploads\/sites\/5\/2023\/02\/1675964978-file2-CARTE-VISITE.jpeg 503w\" sizes=\"(max-width: 510px) 100vw, 510px\" \/><\/p>\n<h2>Que propose Home Organiser sur le salon ?<\/h2>\n<p>Si vous avez l&#8217;impression de courir apr\u00e8s le temps, de toujours r\u00e9p\u00e9ter les m\u00eames gestes, de toujours ranger ou nettoyer, si vous pensez manquer de place, j&#8217;ai des solutions !<br \/>\nSi vous voulez vous faciliter le quotidien, all\u00e9ger votre charge mentale, j&#8217;ai des solutions !<\/p>\n<p>Mes prestations vont de la visite conseil \u00e0 la mission \u00e0 4 mains, de l&#8217;atelier \u00e0 la conf\u00e9rence.<br \/>\nN&#8217;h\u00e9sitez pas \u00e0 venir d\u00e9couvrir mon book pr\u00e9sentant des avant-apr\u00e8s de missions et des retours de clients. Je vous accueillerai volontiers \u00e0 mon stand pour \u00e9changer.<\/p>\n<p><img decoding=\"async\" class=\" wp-image-9599 aligncenter\" src=\"https:\/\/www.respirelavie.fr\/rennes\/wp-content\/uploads\/sites\/5\/2023\/02\/1675964978-file1-Sophie-BERTEL-225x300.jpeg\" alt=\"Home organiser Dame\" width=\"287\" height=\"383\" \/><\/p>\n<h2>Parlez-nous de votre relation avec le salon<\/h2>\n<p>C&#8217;est la 1\u00e8re fois que je participe \u00e0 ce salon ! Je vous y attends nombreux \ud83d\ude09<br \/>\nJ&#8217;ai h\u00e2te de faire d\u00e9couvrir \u00e0 tous les curieux les bienfaits de l&#8217;organisation, du tri et du d\u00e9sencombrement.<\/p>\n<p>&nbsp;<\/p>\n<p><em><a href=\"https:\/\/www.respirelavie.fr\/rennes\/visiter\/liste-des-exposants\/\" target=\"_blank\" rel=\"noopener\">Consultez la liste des exposants<\/a><\/em><\/p>\n","protected":false},"excerpt":{"rendered":"<p>Pr\u00e9sentez-vous en quelques mots Le m\u00e9tier de Home Organiser aussi appel\u00e9 professionnel de l&#8217;organisation ou organisateur d&#8217;int\u00e9rieur, consiste \u00e0 vous aider &#8211; professionnels et particuliers &#8211; \u00e0 : Refaire de vos espaces de vie ou de travail un lieu o\u00f9 vous vous sentez bien, R\u00e9organiser ces espaces pour les rendre plus fonctionnels, Retrouver de l&#8217;espace&hellip; <\/p>\n","protected":false},"author":5,"featured_media":9601,"comment_status":"closed","ping_status":"open","sticky":false,"template":"","format":"standard","meta":{"_monsterinsights_skip_tracking":false,"_monsterinsights_sitenote_active":false,"_monsterinsights_sitenote_note":"","_monsterinsights_sitenote_category":0,"footnotes":""},"categories":[26],"tags":[],"class_list":["post-9598","post","type-post","status-publish","format-standard","has-post-thumbnail","hentry","category-actualites"],"yoast_head":"<!-- This site is optimized with the Yoast SEO plugin v27.3 - https:\/\/yoast.com\/product\/yoast-seo-wordpress\/ -->\n<title>Portrait d&#039;exposant - Home Organiser - Respire La Vie Rennes<\/title>\n<meta name=\"description\" content=\"Venez rencontrer Home Organiser au Parc des Expositions du salon Respire la Vie Rennes du 24 au 26 f\u00e9vrier 2023.\" \/>\n<meta name=\"robots\" content=\"index, follow, max-snippet:-1, max-image-preview:large, max-video-preview:-1\" \/>\n<link rel=\"canonical\" href=\"https:\/\/www.respirelavie.fr\/rennes\/blog\/2023\/02\/10\/home-organiser\/\" \/>\n<meta property=\"og:locale\" content=\"fr_FR\" \/>\n<meta property=\"og:type\" content=\"article\" \/>\n<meta property=\"og:title\" content=\"Portrait d&#039;exposant - Home Organiser - Respire La Vie Rennes\" \/>\n<meta property=\"og:description\" content=\"Venez rencontrer Home Organiser au Parc des Expositions du salon Respire la Vie Rennes du 24 au 26 f\u00e9vrier 2023.\" \/>\n<meta property=\"og:url\" content=\"https:\/\/www.respirelavie.fr\/rennes\/blog\/2023\/02\/10\/home-organiser\/\" \/>\n<meta property=\"og:site_name\" content=\"Respire La Vie Rennes\" \/>\n<meta property=\"article:published_time\" content=\"2023-02-10T09:21:29+00:00\" \/>\n<meta property=\"article:modified_time\" content=\"2024-02-06T08:43:38+00:00\" \/>\n<meta property=\"og:image\" content=\"https:\/\/www.respirelavie.fr\/rennes\/wp-content\/uploads\/sites\/5\/2023\/02\/Mise-en-avant-Respire-la-Vie-13.png\" \/>\n\t<meta property=\"og:image:width\" content=\"800\" \/>\n\t<meta property=\"og:image:height\" content=\"800\" \/>\n\t<meta property=\"og:image:type\" content=\"image\/png\" \/>\n<meta name=\"author\" content=\"communication\" \/>\n<meta name=\"twitter:card\" content=\"summary_large_image\" \/>\n<meta name=\"twitter:label1\" content=\"\u00c9crit par\" \/>\n\t<meta name=\"twitter:data1\" content=\"communication\" \/>\n\t<meta name=\"twitter:label2\" content=\"Dur\u00e9e de lecture estim\u00e9e\" \/>\n\t<meta name=\"twitter:data2\" content=\"2 minutes\" \/>\n<script type=\"application\/ld+json\" class=\"yoast-schema-graph\">{\"@context\":\"https:\\\/\\\/schema.org\",\"@graph\":[{\"@type\":\"Article\",\"@id\":\"https:\\\/\\\/www.respirelavie.fr\\\/rennes\\\/blog\\\/2023\\\/02\\\/10\\\/home-organiser\\\/#article\",\"isPartOf\":{\"@id\":\"https:\\\/\\\/www.respirelavie.fr\\\/rennes\\\/blog\\\/2023\\\/02\\\/10\\\/home-organiser\\\/\"},\"author\":{\"name\":\"communication\",\"@id\":\"https:\\\/\\\/www.respirelavie.fr\\\/rennes\\\/#\\\/schema\\\/person\\\/773bfe7c31181098698bacd32c5d233c\"},\"headline\":\"Portrait d&#8217;exposant &#8211; Home Organiser\",\"datePublished\":\"2023-02-10T09:21:29+00:00\",\"dateModified\":\"2024-02-06T08:43:38+00:00\",\"mainEntityOfPage\":{\"@id\":\"https:\\\/\\\/www.respirelavie.fr\\\/rennes\\\/blog\\\/2023\\\/02\\\/10\\\/home-organiser\\\/\"},\"wordCount\":249,\"publisher\":{\"@id\":\"https:\\\/\\\/www.respirelavie.fr\\\/rennes\\\/#organization\"},\"image\":{\"@id\":\"https:\\\/\\\/www.respirelavie.fr\\\/rennes\\\/blog\\\/2023\\\/02\\\/10\\\/home-organiser\\\/#primaryimage\"},\"thumbnailUrl\":\"https:\\\/\\\/www.respirelavie.fr\\\/rennes\\\/wp-content\\\/uploads\\\/sites\\\/5\\\/2023\\\/02\\\/Mise-en-avant-Respire-la-Vie-13.png\",\"articleSection\":[\"Actualit\u00e9s\"],\"inLanguage\":\"fr-FR\"},{\"@type\":\"WebPage\",\"@id\":\"https:\\\/\\\/www.respirelavie.fr\\\/rennes\\\/blog\\\/2023\\\/02\\\/10\\\/home-organiser\\\/\",\"url\":\"https:\\\/\\\/www.respirelavie.fr\\\/rennes\\\/blog\\\/2023\\\/02\\\/10\\\/home-organiser\\\/\",\"name\":\"Portrait d'exposant - Home Organiser - Respire La Vie Rennes\",\"isPartOf\":{\"@id\":\"https:\\\/\\\/www.respirelavie.fr\\\/rennes\\\/#website\"},\"primaryImageOfPage\":{\"@id\":\"https:\\\/\\\/www.respirelavie.fr\\\/rennes\\\/blog\\\/2023\\\/02\\\/10\\\/home-organiser\\\/#primaryimage\"},\"image\":{\"@id\":\"https:\\\/\\\/www.respirelavie.fr\\\/rennes\\\/blog\\\/2023\\\/02\\\/10\\\/home-organiser\\\/#primaryimage\"},\"thumbnailUrl\":\"https:\\\/\\\/www.respirelavie.fr\\\/rennes\\\/wp-content\\\/uploads\\\/sites\\\/5\\\/2023\\\/02\\\/Mise-en-avant-Respire-la-Vie-13.png\",\"datePublished\":\"2023-02-10T09:21:29+00:00\",\"dateModified\":\"2024-02-06T08:43:38+00:00\",\"description\":\"Venez rencontrer Home Organiser au Parc des Expositions du salon Respire la Vie Rennes du 24 au 26 f\u00e9vrier 2023.\",\"breadcrumb\":{\"@id\":\"https:\\\/\\\/www.respirelavie.fr\\\/rennes\\\/blog\\\/2023\\\/02\\\/10\\\/home-organiser\\\/#breadcrumb\"},\"inLanguage\":\"fr-FR\",\"potentialAction\":[{\"@type\":\"ReadAction\",\"target\":[\"https:\\\/\\\/www.respirelavie.fr\\\/rennes\\\/blog\\\/2023\\\/02\\\/10\\\/home-organiser\\\/\"]}]},{\"@type\":\"ImageObject\",\"inLanguage\":\"fr-FR\",\"@id\":\"https:\\\/\\\/www.respirelavie.fr\\\/rennes\\\/blog\\\/2023\\\/02\\\/10\\\/home-organiser\\\/#primaryimage\",\"url\":\"https:\\\/\\\/www.respirelavie.fr\\\/rennes\\\/wp-content\\\/uploads\\\/sites\\\/5\\\/2023\\\/02\\\/Mise-en-avant-Respire-la-Vie-13.png\",\"contentUrl\":\"https:\\\/\\\/www.respirelavie.fr\\\/rennes\\\/wp-content\\\/uploads\\\/sites\\\/5\\\/2023\\\/02\\\/Mise-en-avant-Respire-la-Vie-13.png\",\"width\":800,\"height\":800,\"caption\":\"Home Organiser Avant\"},{\"@type\":\"BreadcrumbList\",\"@id\":\"https:\\\/\\\/www.respirelavie.fr\\\/rennes\\\/blog\\\/2023\\\/02\\\/10\\\/home-organiser\\\/#breadcrumb\",\"itemListElement\":[{\"@type\":\"ListItem\",\"position\":1,\"name\":\"Accueil\",\"item\":\"https:\\\/\\\/www.respirelavie.fr\\\/rennes\\\/\"},{\"@type\":\"ListItem\",\"position\":2,\"name\":\"Portrait d&#8217;exposant &#8211; Home Organiser\"}]},{\"@type\":\"WebSite\",\"@id\":\"https:\\\/\\\/www.respirelavie.fr\\\/rennes\\\/#website\",\"url\":\"https:\\\/\\\/www.respirelavie.fr\\\/rennes\\\/\",\"name\":\"Respire La Vie Rennes\",\"description\":\"Respire La Vie Rennes : votre salon \u00e9colo, bio, bien-\u00eatre et habitat sain \u00e0 Rennes\",\"publisher\":{\"@id\":\"https:\\\/\\\/www.respirelavie.fr\\\/rennes\\\/#organization\"},\"potentialAction\":[{\"@type\":\"SearchAction\",\"target\":{\"@type\":\"EntryPoint\",\"urlTemplate\":\"https:\\\/\\\/www.respirelavie.fr\\\/rennes\\\/?s={search_term_string}\"},\"query-input\":{\"@type\":\"PropertyValueSpecification\",\"valueRequired\":true,\"valueName\":\"search_term_string\"}}],\"inLanguage\":\"fr-FR\"},{\"@type\":\"Organization\",\"@id\":\"https:\\\/\\\/www.respirelavie.fr\\\/rennes\\\/#organization\",\"name\":\"Respire La Vie Rennes\",\"url\":\"https:\\\/\\\/www.respirelavie.fr\\\/rennes\\\/\",\"logo\":{\"@type\":\"ImageObject\",\"inLanguage\":\"fr-FR\",\"@id\":\"https:\\\/\\\/www.respirelavie.fr\\\/rennes\\\/#\\\/schema\\\/logo\\\/image\\\/\",\"url\":\"https:\\\/\\\/www.respirelavie.fr\\\/rennes\\\/wp-content\\\/uploads\\\/sites\\\/5\\\/2025\\\/11\\\/cropped-Logo-RESPIRE-rennes-2026.png\",\"contentUrl\":\"https:\\\/\\\/www.respirelavie.fr\\\/rennes\\\/wp-content\\\/uploads\\\/sites\\\/5\\\/2025\\\/11\\\/cropped-Logo-RESPIRE-rennes-2026.png\",\"width\":921,\"height\":255,\"caption\":\"Respire La Vie Rennes\"},\"image\":{\"@id\":\"https:\\\/\\\/www.respirelavie.fr\\\/rennes\\\/#\\\/schema\\\/logo\\\/image\\\/\"}},{\"@type\":\"Person\",\"@id\":\"https:\\\/\\\/www.respirelavie.fr\\\/rennes\\\/#\\\/schema\\\/person\\\/773bfe7c31181098698bacd32c5d233c\",\"name\":\"communication\",\"image\":{\"@type\":\"ImageObject\",\"inLanguage\":\"fr-FR\",\"@id\":\"https:\\\/\\\/secure.gravatar.com\\\/avatar\\\/0f49d5b7ab56355ffa797b3ce25e4f2375cedf6bc9afe416fe669342c3524275?s=96&d=mm&r=g\",\"url\":\"https:\\\/\\\/secure.gravatar.com\\\/avatar\\\/0f49d5b7ab56355ffa797b3ce25e4f2375cedf6bc9afe416fe669342c3524275?s=96&d=mm&r=g\",\"contentUrl\":\"https:\\\/\\\/secure.gravatar.com\\\/avatar\\\/0f49d5b7ab56355ffa797b3ce25e4f2375cedf6bc9afe416fe669342c3524275?s=96&d=mm&r=g\",\"caption\":\"communication\"},\"url\":\"https:\\\/\\\/www.respirelavie.fr\\\/rennes\\\/blog\\\/author\\\/communication\\\/\"}]}<\/script>\n<!-- \/ Yoast SEO plugin. -->","yoast_head_json":{"title":"Portrait d'exposant - Home Organiser - Respire La Vie Rennes","description":"Venez rencontrer Home Organiser au Parc des Expositions du salon Respire la Vie Rennes du 24 au 26 f\u00e9vrier 2023.","robots":{"index":"index","follow":"follow","max-snippet":"max-snippet:-1","max-image-preview":"max-image-preview:large","max-video-preview":"max-video-preview:-1"},"canonical":"https:\/\/www.respirelavie.fr\/rennes\/blog\/2023\/02\/10\/home-organiser\/","og_locale":"fr_FR","og_type":"article","og_title":"Portrait d'exposant - Home Organiser - Respire La Vie Rennes","og_description":"Venez rencontrer Home Organiser au Parc des Expositions du salon Respire la Vie Rennes du 24 au 26 f\u00e9vrier 2023.","og_url":"https:\/\/www.respirelavie.fr\/rennes\/blog\/2023\/02\/10\/home-organiser\/","og_site_name":"Respire La Vie Rennes","article_published_time":"2023-02-10T09:21:29+00:00","article_modified_time":"2024-02-06T08:43:38+00:00","og_image":[{"width":800,"height":800,"url":"https:\/\/www.respirelavie.fr\/rennes\/wp-content\/uploads\/sites\/5\/2023\/02\/Mise-en-avant-Respire-la-Vie-13.png","type":"image\/png"}],"author":"communication","twitter_card":"summary_large_image","twitter_misc":{"\u00c9crit par":"communication","Dur\u00e9e de lecture estim\u00e9e":"2 minutes"},"schema":{"@context":"https:\/\/schema.org","@graph":[{"@type":"Article","@id":"https:\/\/www.respirelavie.fr\/rennes\/blog\/2023\/02\/10\/home-organiser\/#article","isPartOf":{"@id":"https:\/\/www.respirelavie.fr\/rennes\/blog\/2023\/02\/10\/home-organiser\/"},"author":{"name":"communication","@id":"https:\/\/www.respirelavie.fr\/rennes\/#\/schema\/person\/773bfe7c31181098698bacd32c5d233c"},"headline":"Portrait d&#8217;exposant &#8211; Home Organiser","datePublished":"2023-02-10T09:21:29+00:00","dateModified":"2024-02-06T08:43:38+00:00","mainEntityOfPage":{"@id":"https:\/\/www.respirelavie.fr\/rennes\/blog\/2023\/02\/10\/home-organiser\/"},"wordCount":249,"publisher":{"@id":"https:\/\/www.respirelavie.fr\/rennes\/#organization"},"image":{"@id":"https:\/\/www.respirelavie.fr\/rennes\/blog\/2023\/02\/10\/home-organiser\/#primaryimage"},"thumbnailUrl":"https:\/\/www.respirelavie.fr\/rennes\/wp-content\/uploads\/sites\/5\/2023\/02\/Mise-en-avant-Respire-la-Vie-13.png","articleSection":["Actualit\u00e9s"],"inLanguage":"fr-FR"},{"@type":"WebPage","@id":"https:\/\/www.respirelavie.fr\/rennes\/blog\/2023\/02\/10\/home-organiser\/","url":"https:\/\/www.respirelavie.fr\/rennes\/blog\/2023\/02\/10\/home-organiser\/","name":"Portrait d'exposant - Home Organiser - Respire La Vie Rennes","isPartOf":{"@id":"https:\/\/www.respirelavie.fr\/rennes\/#website"},"primaryImageOfPage":{"@id":"https:\/\/www.respirelavie.fr\/rennes\/blog\/2023\/02\/10\/home-organiser\/#primaryimage"},"image":{"@id":"https:\/\/www.respirelavie.fr\/rennes\/blog\/2023\/02\/10\/home-organiser\/#primaryimage"},"thumbnailUrl":"https:\/\/www.respirelavie.fr\/rennes\/wp-content\/uploads\/sites\/5\/2023\/02\/Mise-en-avant-Respire-la-Vie-13.png","datePublished":"2023-02-10T09:21:29+00:00","dateModified":"2024-02-06T08:43:38+00:00","description":"Venez rencontrer Home Organiser au Parc des Expositions du salon Respire la Vie Rennes du 24 au 26 f\u00e9vrier 2023.","breadcrumb":{"@id":"https:\/\/www.respirelavie.fr\/rennes\/blog\/2023\/02\/10\/home-organiser\/#breadcrumb"},"inLanguage":"fr-FR","potentialAction":[{"@type":"ReadAction","target":["https:\/\/www.respirelavie.fr\/rennes\/blog\/2023\/02\/10\/home-organiser\/"]}]},{"@type":"ImageObject","inLanguage":"fr-FR","@id":"https:\/\/www.respirelavie.fr\/rennes\/blog\/2023\/02\/10\/home-organiser\/#primaryimage","url":"https:\/\/www.respirelavie.fr\/rennes\/wp-content\/uploads\/sites\/5\/2023\/02\/Mise-en-avant-Respire-la-Vie-13.png","contentUrl":"https:\/\/www.respirelavie.fr\/rennes\/wp-content\/uploads\/sites\/5\/2023\/02\/Mise-en-avant-Respire-la-Vie-13.png","width":800,"height":800,"caption":"Home Organiser Avant"},{"@type":"BreadcrumbList","@id":"https:\/\/www.respirelavie.fr\/rennes\/blog\/2023\/02\/10\/home-organiser\/#breadcrumb","itemListElement":[{"@type":"ListItem","position":1,"name":"Accueil","item":"https:\/\/www.respirelavie.fr\/rennes\/"},{"@type":"ListItem","position":2,"name":"Portrait d&#8217;exposant &#8211; Home Organiser"}]},{"@type":"WebSite","@id":"https:\/\/www.respirelavie.fr\/rennes\/#website","url":"https:\/\/www.respirelavie.fr\/rennes\/","name":"Respire La Vie Rennes","description":"Respire La Vie Rennes : votre salon \u00e9colo, bio, bien-\u00eatre et habitat sain \u00e0 Rennes","publisher":{"@id":"https:\/\/www.respirelavie.fr\/rennes\/#organization"},"potentialAction":[{"@type":"SearchAction","target":{"@type":"EntryPoint","urlTemplate":"https:\/\/www.respirelavie.fr\/rennes\/?s={search_term_string}"},"query-input":{"@type":"PropertyValueSpecification","valueRequired":true,"valueName":"search_term_string"}}],"inLanguage":"fr-FR"},{"@type":"Organization","@id":"https:\/\/www.respirelavie.fr\/rennes\/#organization","name":"Respire La Vie Rennes","url":"https:\/\/www.respirelavie.fr\/rennes\/","logo":{"@type":"ImageObject","inLanguage":"fr-FR","@id":"https:\/\/www.respirelavie.fr\/rennes\/#\/schema\/logo\/image\/","url":"https:\/\/www.respirelavie.fr\/rennes\/wp-content\/uploads\/sites\/5\/2025\/11\/cropped-Logo-RESPIRE-rennes-2026.png","contentUrl":"https:\/\/www.respirelavie.fr\/rennes\/wp-content\/uploads\/sites\/5\/2025\/11\/cropped-Logo-RESPIRE-rennes-2026.png","width":921,"height":255,"caption":"Respire La Vie Rennes"},"image":{"@id":"https:\/\/www.respirelavie.fr\/rennes\/#\/schema\/logo\/image\/"}},{"@type":"Person","@id":"https:\/\/www.respirelavie.fr\/rennes\/#\/schema\/person\/773bfe7c31181098698bacd32c5d233c","name":"communication","image":{"@type":"ImageObject","inLanguage":"fr-FR","@id":"https:\/\/secure.gravatar.com\/avatar\/0f49d5b7ab56355ffa797b3ce25e4f2375cedf6bc9afe416fe669342c3524275?s=96&d=mm&r=g","url":"https:\/\/secure.gravatar.com\/avatar\/0f49d5b7ab56355ffa797b3ce25e4f2375cedf6bc9afe416fe669342c3524275?s=96&d=mm&r=g","contentUrl":"https:\/\/secure.gravatar.com\/avatar\/0f49d5b7ab56355ffa797b3ce25e4f2375cedf6bc9afe416fe669342c3524275?s=96&d=mm&r=g","caption":"communication"},"url":"https:\/\/www.respirelavie.fr\/rennes\/blog\/author\/communication\/"}]}},"_links":{"self":[{"href":"https:\/\/www.respirelavie.fr\/rennes\/wp-json\/wp\/v2\/posts\/9598","targetHints":{"allow":["GET"]}}],"collection":[{"href":"https:\/\/www.respirelavie.fr\/rennes\/wp-json\/wp\/v2\/posts"}],"about":[{"href":"https:\/\/www.respirelavie.fr\/rennes\/wp-json\/wp\/v2\/types\/post"}],"author":[{"embeddable":true,"href":"https:\/\/www.respirelavie.fr\/rennes\/wp-json\/wp\/v2\/users\/5"}],"replies":[{"embeddable":true,"href":"https:\/\/www.respirelavie.fr\/rennes\/wp-json\/wp\/v2\/comments?post=9598"}],"version-history":[{"count":4,"href":"https:\/\/www.respirelavie.fr\/rennes\/wp-json\/wp\/v2\/posts\/9598\/revisions"}],"predecessor-version":[{"id":10692,"href":"https:\/\/www.respirelavie.fr\/rennes\/wp-json\/wp\/v2\/posts\/9598\/revisions\/10692"}],"wp:featuredmedia":[{"embeddable":true,"href":"https:\/\/www.respirelavie.fr\/rennes\/wp-json\/wp\/v2\/media\/9601"}],"wp:attachment":[{"href":"https:\/\/www.respirelavie.fr\/rennes\/wp-json\/wp\/v2\/media?parent=9598"}],"wp:term":[{"taxonomy":"category","embeddable":true,"href":"https:\/\/www.respirelavie.fr\/rennes\/wp-json\/wp\/v2\/categories?post=9598"},{"taxonomy":"post_tag","embeddable":true,"href":"https:\/\/www.respirelavie.fr\/rennes\/wp-json\/wp\/v2\/tags?post=9598"}],"curies":[{"name":"wp","href":"https:\/\/api.w.org\/{rel}","templated":true}]}}