{"id":9841,"date":"2023-02-17T10:06:27","date_gmt":"2023-02-17T09:06:27","guid":{"rendered":"https:\/\/www.respirelavie.fr\/rennes\/?p=9841"},"modified":"2023-05-03T10:13:59","modified_gmt":"2023-05-03T08:13:59","slug":"ardelaine-scop","status":"publish","type":"post","link":"https:\/\/www.respirelavie.fr\/rennes\/blog\/2023\/02\/17\/ardelaine-scop\/","title":{"rendered":"Portrait d\u2019exposant &#8211; Ardelaine Scop"},"content":{"rendered":"<h2>Pr\u00e9sentez-vous en quelques mots<\/h2>\n<p>Ardelaine Scop est une <a href=\"https:\/\/www.ardelaine.fr\/\" target=\"_blank\" rel=\"noopener\">entreprise coop\u00e9rative<\/a> cr\u00e9e en 1982 qui fabrique des articles de literie et d&#8217;habillement \u00e0 partir de laines de moutons du Massif Central. De la tonte jusqu&#8217;\u00e0 la vente, notre Scop maitrise une grande partie de la fabrication des produits. Apr\u00e8s 40 ans d&#8217;existence, Ardelaine compte aujourd&#8217;hui pr\u00e8s de 60 salari\u00e9s.<\/p>\n<p>Notre entreprise est fond\u00e9e sur des valeurs \u00e9thiques fortes :<\/p>\n<ul>\n<li>Organisation coop\u00e9rative,<\/li>\n<li>Travail manuel cr\u00e9ateur d&#8217;emplois,<\/li>\n<li>Mati\u00e8re naturelle sans traitements chimiques,<\/li>\n<li>Articles durables et utiles,<\/li>\n<li>Fili\u00e8re \u00e9cologique,<\/li>\n<li>Fabrication fran\u00e7aise,<\/li>\n<li>Vente directe&#8230;<\/li>\n<\/ul>\n<p>Par ailleurs, nous avons d\u00e9velopp\u00e9 l\u2019accueil et la transmission au sein de notre fabrique o\u00f9 nous accueillons environ 15 000 visiteurs par an autour d&#8217;activit\u00e9s diverses :<\/p>\n<ul>\n<li>Visites de nos ateliers et de mus\u00e9es,<\/li>\n<li>Ateliers cr\u00e9atifs,<\/li>\n<li>Stages,<\/li>\n<li>Boutique,<\/li>\n<li>Librairie,<\/li>\n<li>Caf\u00e9,<\/li>\n<li>Restaurant &#8220;La Cerise sur l&#8217;Agneau&#8221;.<\/li>\n<\/ul>\n<p>Pas \u00e0 pas, Ardelaine continue d\u2019\u0153uvrer au dynamisme local d&#8217;un territoire rural autour de Saint-Pierreville.<\/p>\n<h2><img fetchpriority=\"high\" decoding=\"async\" class=\"wp-image-9843 aligncenter\" src=\"https:\/\/www.respirelavie.fr\/rennes\/wp-content\/uploads\/sites\/5\/2023\/02\/1676540961-file1-Ardelaine-Vetement-Laine-Ethique-Durable-Fabrique-En-France-300x154.jpeg\" alt=\"Ardelaine Scop Automne\" width=\"510\" height=\"262\" srcset=\"https:\/\/www.respirelavie.fr\/rennes\/wp-content\/uploads\/sites\/5\/2023\/02\/1676540961-file1-Ardelaine-Vetement-Laine-Ethique-Durable-Fabrique-En-France-300x154.jpeg 300w, https:\/\/www.respirelavie.fr\/rennes\/wp-content\/uploads\/sites\/5\/2023\/02\/1676540961-file1-Ardelaine-Vetement-Laine-Ethique-Durable-Fabrique-En-France-1024x525.jpeg 1024w, https:\/\/www.respirelavie.fr\/rennes\/wp-content\/uploads\/sites\/5\/2023\/02\/1676540961-file1-Ardelaine-Vetement-Laine-Ethique-Durable-Fabrique-En-France-768x394.jpeg 768w, https:\/\/www.respirelavie.fr\/rennes\/wp-content\/uploads\/sites\/5\/2023\/02\/1676540961-file1-Ardelaine-Vetement-Laine-Ethique-Durable-Fabrique-En-France-1536x788.jpeg 1536w, https:\/\/www.respirelavie.fr\/rennes\/wp-content\/uploads\/sites\/5\/2023\/02\/1676540961-file1-Ardelaine-Vetement-Laine-Ethique-Durable-Fabrique-En-France-150x77.jpeg 150w, https:\/\/www.respirelavie.fr\/rennes\/wp-content\/uploads\/sites\/5\/2023\/02\/1676540961-file1-Ardelaine-Vetement-Laine-Ethique-Durable-Fabrique-En-France-500x256.jpeg 500w, https:\/\/www.respirelavie.fr\/rennes\/wp-content\/uploads\/sites\/5\/2023\/02\/1676540961-file1-Ardelaine-Vetement-Laine-Ethique-Durable-Fabrique-En-France.jpeg 2048w\" sizes=\"(max-width: 510px) 100vw, 510px\" \/><\/h2>\n<h2>Que propose Ardelaine Scop sur le salon ?<\/h2>\n<p>Vous pourrez retrouver l&#8217;ensemble de nos articles pure laine sur notre stand.<br \/>\nC\u00f4t\u00e9 literie, vous pourrez y tester nos matelas \u00e9cologiques ou nos couettes chaudes et naturelles mais aussi nos oreillers, traversins, sur-matelas, plaid, sac de couchage, natte&#8230;<br \/>\nC\u00f4t\u00e9 vestimentaire, vous d\u00e9couvrirez notre collection \u00e9thique et responsable : pulls, vestes, gilets, robe&#8230; Sans oublier nos accessoires : bonnets, \u00e9charpes, ch\u00e2le ou snood&#8230; Une nouveaut\u00e9 ? Ne ratez pas notre nouvelle gamme de v\u00eatements en laine recycl\u00e9e !<br \/>\nEt bien plus encore ! N&#8217;oublions pas les enfants avec nos turbulettes, sac de couchage ou mini-matelas d&#8217;appoint&#8230;<br \/>\nBref, tout ce qu&#8217;il faut pour vivre dans un doux \u00e9crin&#8230; de laine !<\/p>\n<h2><img decoding=\"async\" class=\"wp-image-9844 aligncenter\" src=\"https:\/\/www.respirelavie.fr\/rennes\/wp-content\/uploads\/sites\/5\/2023\/02\/1676540961-file2-Ardelaine-Literie-Naturelle-Made-In-France-Matelas-couette-Laine-200x300.jpeg\" alt=\"Ardelaine Scop Laine\" width=\"333\" height=\"500\" srcset=\"https:\/\/www.respirelavie.fr\/rennes\/wp-content\/uploads\/sites\/5\/2023\/02\/1676540961-file2-Ardelaine-Literie-Naturelle-Made-In-France-Matelas-couette-Laine-200x300.jpeg 200w, https:\/\/www.respirelavie.fr\/rennes\/wp-content\/uploads\/sites\/5\/2023\/02\/1676540961-file2-Ardelaine-Literie-Naturelle-Made-In-France-Matelas-couette-Laine-683x1024.jpeg 683w, https:\/\/www.respirelavie.fr\/rennes\/wp-content\/uploads\/sites\/5\/2023\/02\/1676540961-file2-Ardelaine-Literie-Naturelle-Made-In-France-Matelas-couette-Laine-768x1152.jpeg 768w, https:\/\/www.respirelavie.fr\/rennes\/wp-content\/uploads\/sites\/5\/2023\/02\/1676540961-file2-Ardelaine-Literie-Naturelle-Made-In-France-Matelas-couette-Laine-150x225.jpeg 150w, https:\/\/www.respirelavie.fr\/rennes\/wp-content\/uploads\/sites\/5\/2023\/02\/1676540961-file2-Ardelaine-Literie-Naturelle-Made-In-France-Matelas-couette-Laine-333x500.jpeg 333w, https:\/\/www.respirelavie.fr\/rennes\/wp-content\/uploads\/sites\/5\/2023\/02\/1676540961-file2-Ardelaine-Literie-Naturelle-Made-In-France-Matelas-couette-Laine.jpeg 910w\" sizes=\"(max-width: 333px) 100vw, 333px\" \/><\/h2>\n<h2>Parlez-nous de votre relation avec le salon<\/h2>\n<p>Nous appr\u00e9cions la tenue de ce salon qui constitue un rendez-vous important pour nous dans l&#8217;ann\u00e9e. Nous y participons depuis de nombreuses ann\u00e9es avec plaisir.<\/p>\n<p>&nbsp;<\/p>\n<p><em><a href=\"https:\/\/www.respirelavie.fr\/rennes\/visiter\/liste-des-exposants\/\" target=\"_blank\" rel=\"noopener\">Consultez la liste des exposants<\/a><\/em><\/p>\n","protected":false},"excerpt":{"rendered":"<p>Pr\u00e9sentez-vous en quelques mots Ardelaine Scop est une entreprise coop\u00e9rative cr\u00e9e en 1982 qui fabrique des articles de literie et d&#8217;habillement \u00e0 partir de laines de moutons du Massif Central. De la tonte jusqu&#8217;\u00e0 la vente, notre Scop maitrise une grande partie de la fabrication des produits. Apr\u00e8s 40 ans d&#8217;existence, Ardelaine compte aujourd&#8217;hui pr\u00e8s&hellip; <\/p>\n","protected":false},"author":5,"featured_media":9842,"comment_status":"closed","ping_status":"open","sticky":false,"template":"","format":"standard","meta":{"_monsterinsights_skip_tracking":false,"_monsterinsights_sitenote_active":false,"_monsterinsights_sitenote_note":"","_monsterinsights_sitenote_category":0,"footnotes":""},"categories":[26],"tags":[],"class_list":["post-9841","post","type-post","status-publish","format-standard","has-post-thumbnail","hentry","category-actualites"],"yoast_head":"<!-- This site is optimized with the Yoast SEO plugin v27.3 - https:\/\/yoast.com\/product\/yoast-seo-wordpress\/ -->\n<title>Portrait d\u2019exposant - Ardelaine Scop - Respire La Vie Rennes<\/title>\n<meta name=\"description\" content=\"Venez rencontrer Ardelaine Scop au Parc des Expositions du salon Respire la Vie Rennes du 24 au 26 f\u00e9vrier 2023.\" \/>\n<meta name=\"robots\" content=\"index, follow, max-snippet:-1, max-image-preview:large, max-video-preview:-1\" \/>\n<link rel=\"canonical\" href=\"https:\/\/www.respirelavie.fr\/rennes\/blog\/2023\/02\/17\/ardelaine-scop\/\" \/>\n<meta property=\"og:locale\" content=\"fr_FR\" \/>\n<meta property=\"og:type\" content=\"article\" \/>\n<meta property=\"og:title\" content=\"Portrait d\u2019exposant - Ardelaine Scop - Respire La Vie Rennes\" \/>\n<meta property=\"og:description\" content=\"Venez rencontrer Ardelaine Scop au Parc des Expositions du salon Respire la Vie Rennes du 24 au 26 f\u00e9vrier 2023.\" \/>\n<meta property=\"og:url\" content=\"https:\/\/www.respirelavie.fr\/rennes\/blog\/2023\/02\/17\/ardelaine-scop\/\" \/>\n<meta property=\"og:site_name\" content=\"Respire La Vie Rennes\" \/>\n<meta property=\"article:published_time\" content=\"2023-02-17T09:06:27+00:00\" \/>\n<meta property=\"article:modified_time\" content=\"2023-05-03T08:13:59+00:00\" \/>\n<meta property=\"og:image\" content=\"https:\/\/www.respirelavie.fr\/rennes\/wp-content\/uploads\/sites\/5\/2023\/02\/Ardelaine-Scop.png\" \/>\n\t<meta property=\"og:image:width\" content=\"800\" \/>\n\t<meta property=\"og:image:height\" content=\"800\" \/>\n\t<meta property=\"og:image:type\" content=\"image\/png\" \/>\n<meta name=\"author\" content=\"communication\" \/>\n<meta name=\"twitter:card\" content=\"summary_large_image\" \/>\n<meta name=\"twitter:label1\" content=\"\u00c9crit par\" \/>\n\t<meta name=\"twitter:data1\" content=\"communication\" \/>\n\t<meta name=\"twitter:label2\" content=\"Dur\u00e9e de lecture estim\u00e9e\" \/>\n\t<meta name=\"twitter:data2\" content=\"2 minutes\" \/>\n<script type=\"application\/ld+json\" class=\"yoast-schema-graph\">{\"@context\":\"https:\\\/\\\/schema.org\",\"@graph\":[{\"@type\":\"Article\",\"@id\":\"https:\\\/\\\/www.respirelavie.fr\\\/rennes\\\/blog\\\/2023\\\/02\\\/17\\\/ardelaine-scop\\\/#article\",\"isPartOf\":{\"@id\":\"https:\\\/\\\/www.respirelavie.fr\\\/rennes\\\/blog\\\/2023\\\/02\\\/17\\\/ardelaine-scop\\\/\"},\"author\":{\"name\":\"communication\",\"@id\":\"https:\\\/\\\/www.respirelavie.fr\\\/rennes\\\/#\\\/schema\\\/person\\\/773bfe7c31181098698bacd32c5d233c\"},\"headline\":\"Portrait d\u2019exposant &#8211; Ardelaine Scop\",\"datePublished\":\"2023-02-17T09:06:27+00:00\",\"dateModified\":\"2023-05-03T08:13:59+00:00\",\"mainEntityOfPage\":{\"@id\":\"https:\\\/\\\/www.respirelavie.fr\\\/rennes\\\/blog\\\/2023\\\/02\\\/17\\\/ardelaine-scop\\\/\"},\"wordCount\":333,\"publisher\":{\"@id\":\"https:\\\/\\\/www.respirelavie.fr\\\/rennes\\\/#organization\"},\"image\":{\"@id\":\"https:\\\/\\\/www.respirelavie.fr\\\/rennes\\\/blog\\\/2023\\\/02\\\/17\\\/ardelaine-scop\\\/#primaryimage\"},\"thumbnailUrl\":\"https:\\\/\\\/www.respirelavie.fr\\\/rennes\\\/wp-content\\\/uploads\\\/sites\\\/5\\\/2023\\\/02\\\/Ardelaine-Scop.png\",\"articleSection\":[\"Actualit\u00e9s\"],\"inLanguage\":\"fr-FR\"},{\"@type\":\"WebPage\",\"@id\":\"https:\\\/\\\/www.respirelavie.fr\\\/rennes\\\/blog\\\/2023\\\/02\\\/17\\\/ardelaine-scop\\\/\",\"url\":\"https:\\\/\\\/www.respirelavie.fr\\\/rennes\\\/blog\\\/2023\\\/02\\\/17\\\/ardelaine-scop\\\/\",\"name\":\"Portrait d\u2019exposant - Ardelaine Scop - Respire La Vie Rennes\",\"isPartOf\":{\"@id\":\"https:\\\/\\\/www.respirelavie.fr\\\/rennes\\\/#website\"},\"primaryImageOfPage\":{\"@id\":\"https:\\\/\\\/www.respirelavie.fr\\\/rennes\\\/blog\\\/2023\\\/02\\\/17\\\/ardelaine-scop\\\/#primaryimage\"},\"image\":{\"@id\":\"https:\\\/\\\/www.respirelavie.fr\\\/rennes\\\/blog\\\/2023\\\/02\\\/17\\\/ardelaine-scop\\\/#primaryimage\"},\"thumbnailUrl\":\"https:\\\/\\\/www.respirelavie.fr\\\/rennes\\\/wp-content\\\/uploads\\\/sites\\\/5\\\/2023\\\/02\\\/Ardelaine-Scop.png\",\"datePublished\":\"2023-02-17T09:06:27+00:00\",\"dateModified\":\"2023-05-03T08:13:59+00:00\",\"description\":\"Venez rencontrer Ardelaine Scop au Parc des Expositions du salon Respire la Vie Rennes du 24 au 26 f\u00e9vrier 2023.\",\"breadcrumb\":{\"@id\":\"https:\\\/\\\/www.respirelavie.fr\\\/rennes\\\/blog\\\/2023\\\/02\\\/17\\\/ardelaine-scop\\\/#breadcrumb\"},\"inLanguage\":\"fr-FR\",\"potentialAction\":[{\"@type\":\"ReadAction\",\"target\":[\"https:\\\/\\\/www.respirelavie.fr\\\/rennes\\\/blog\\\/2023\\\/02\\\/17\\\/ardelaine-scop\\\/\"]}]},{\"@type\":\"ImageObject\",\"inLanguage\":\"fr-FR\",\"@id\":\"https:\\\/\\\/www.respirelavie.fr\\\/rennes\\\/blog\\\/2023\\\/02\\\/17\\\/ardelaine-scop\\\/#primaryimage\",\"url\":\"https:\\\/\\\/www.respirelavie.fr\\\/rennes\\\/wp-content\\\/uploads\\\/sites\\\/5\\\/2023\\\/02\\\/Ardelaine-Scop.png\",\"contentUrl\":\"https:\\\/\\\/www.respirelavie.fr\\\/rennes\\\/wp-content\\\/uploads\\\/sites\\\/5\\\/2023\\\/02\\\/Ardelaine-Scop.png\",\"width\":800,\"height\":800,\"caption\":\"Ardelaine Scop Avant\"},{\"@type\":\"BreadcrumbList\",\"@id\":\"https:\\\/\\\/www.respirelavie.fr\\\/rennes\\\/blog\\\/2023\\\/02\\\/17\\\/ardelaine-scop\\\/#breadcrumb\",\"itemListElement\":[{\"@type\":\"ListItem\",\"position\":1,\"name\":\"Accueil\",\"item\":\"https:\\\/\\\/www.respirelavie.fr\\\/rennes\\\/\"},{\"@type\":\"ListItem\",\"position\":2,\"name\":\"Portrait d\u2019exposant &#8211; Ardelaine Scop\"}]},{\"@type\":\"WebSite\",\"@id\":\"https:\\\/\\\/www.respirelavie.fr\\\/rennes\\\/#website\",\"url\":\"https:\\\/\\\/www.respirelavie.fr\\\/rennes\\\/\",\"name\":\"Respire La Vie Rennes\",\"description\":\"Respire La Vie Rennes : votre salon \u00e9colo, bio, bien-\u00eatre et habitat sain \u00e0 Rennes\",\"publisher\":{\"@id\":\"https:\\\/\\\/www.respirelavie.fr\\\/rennes\\\/#organization\"},\"potentialAction\":[{\"@type\":\"SearchAction\",\"target\":{\"@type\":\"EntryPoint\",\"urlTemplate\":\"https:\\\/\\\/www.respirelavie.fr\\\/rennes\\\/?s={search_term_string}\"},\"query-input\":{\"@type\":\"PropertyValueSpecification\",\"valueRequired\":true,\"valueName\":\"search_term_string\"}}],\"inLanguage\":\"fr-FR\"},{\"@type\":\"Organization\",\"@id\":\"https:\\\/\\\/www.respirelavie.fr\\\/rennes\\\/#organization\",\"name\":\"Respire La Vie Rennes\",\"url\":\"https:\\\/\\\/www.respirelavie.fr\\\/rennes\\\/\",\"logo\":{\"@type\":\"ImageObject\",\"inLanguage\":\"fr-FR\",\"@id\":\"https:\\\/\\\/www.respirelavie.fr\\\/rennes\\\/#\\\/schema\\\/logo\\\/image\\\/\",\"url\":\"https:\\\/\\\/www.respirelavie.fr\\\/rennes\\\/wp-content\\\/uploads\\\/sites\\\/5\\\/2025\\\/11\\\/cropped-Logo-RESPIRE-rennes-2026.png\",\"contentUrl\":\"https:\\\/\\\/www.respirelavie.fr\\\/rennes\\\/wp-content\\\/uploads\\\/sites\\\/5\\\/2025\\\/11\\\/cropped-Logo-RESPIRE-rennes-2026.png\",\"width\":921,\"height\":255,\"caption\":\"Respire La Vie Rennes\"},\"image\":{\"@id\":\"https:\\\/\\\/www.respirelavie.fr\\\/rennes\\\/#\\\/schema\\\/logo\\\/image\\\/\"}},{\"@type\":\"Person\",\"@id\":\"https:\\\/\\\/www.respirelavie.fr\\\/rennes\\\/#\\\/schema\\\/person\\\/773bfe7c31181098698bacd32c5d233c\",\"name\":\"communication\",\"image\":{\"@type\":\"ImageObject\",\"inLanguage\":\"fr-FR\",\"@id\":\"https:\\\/\\\/secure.gravatar.com\\\/avatar\\\/0f49d5b7ab56355ffa797b3ce25e4f2375cedf6bc9afe416fe669342c3524275?s=96&d=mm&r=g\",\"url\":\"https:\\\/\\\/secure.gravatar.com\\\/avatar\\\/0f49d5b7ab56355ffa797b3ce25e4f2375cedf6bc9afe416fe669342c3524275?s=96&d=mm&r=g\",\"contentUrl\":\"https:\\\/\\\/secure.gravatar.com\\\/avatar\\\/0f49d5b7ab56355ffa797b3ce25e4f2375cedf6bc9afe416fe669342c3524275?s=96&d=mm&r=g\",\"caption\":\"communication\"},\"url\":\"https:\\\/\\\/www.respirelavie.fr\\\/rennes\\\/blog\\\/author\\\/communication\\\/\"}]}<\/script>\n<!-- \/ Yoast SEO plugin. -->","yoast_head_json":{"title":"Portrait d\u2019exposant - Ardelaine Scop - Respire La Vie Rennes","description":"Venez rencontrer Ardelaine Scop au Parc des Expositions du salon Respire la Vie Rennes du 24 au 26 f\u00e9vrier 2023.","robots":{"index":"index","follow":"follow","max-snippet":"max-snippet:-1","max-image-preview":"max-image-preview:large","max-video-preview":"max-video-preview:-1"},"canonical":"https:\/\/www.respirelavie.fr\/rennes\/blog\/2023\/02\/17\/ardelaine-scop\/","og_locale":"fr_FR","og_type":"article","og_title":"Portrait d\u2019exposant - Ardelaine Scop - Respire La Vie Rennes","og_description":"Venez rencontrer Ardelaine Scop au Parc des Expositions du salon Respire la Vie Rennes du 24 au 26 f\u00e9vrier 2023.","og_url":"https:\/\/www.respirelavie.fr\/rennes\/blog\/2023\/02\/17\/ardelaine-scop\/","og_site_name":"Respire La Vie Rennes","article_published_time":"2023-02-17T09:06:27+00:00","article_modified_time":"2023-05-03T08:13:59+00:00","og_image":[{"width":800,"height":800,"url":"https:\/\/www.respirelavie.fr\/rennes\/wp-content\/uploads\/sites\/5\/2023\/02\/Ardelaine-Scop.png","type":"image\/png"}],"author":"communication","twitter_card":"summary_large_image","twitter_misc":{"\u00c9crit par":"communication","Dur\u00e9e de lecture estim\u00e9e":"2 minutes"},"schema":{"@context":"https:\/\/schema.org","@graph":[{"@type":"Article","@id":"https:\/\/www.respirelavie.fr\/rennes\/blog\/2023\/02\/17\/ardelaine-scop\/#article","isPartOf":{"@id":"https:\/\/www.respirelavie.fr\/rennes\/blog\/2023\/02\/17\/ardelaine-scop\/"},"author":{"name":"communication","@id":"https:\/\/www.respirelavie.fr\/rennes\/#\/schema\/person\/773bfe7c31181098698bacd32c5d233c"},"headline":"Portrait d\u2019exposant &#8211; Ardelaine Scop","datePublished":"2023-02-17T09:06:27+00:00","dateModified":"2023-05-03T08:13:59+00:00","mainEntityOfPage":{"@id":"https:\/\/www.respirelavie.fr\/rennes\/blog\/2023\/02\/17\/ardelaine-scop\/"},"wordCount":333,"publisher":{"@id":"https:\/\/www.respirelavie.fr\/rennes\/#organization"},"image":{"@id":"https:\/\/www.respirelavie.fr\/rennes\/blog\/2023\/02\/17\/ardelaine-scop\/#primaryimage"},"thumbnailUrl":"https:\/\/www.respirelavie.fr\/rennes\/wp-content\/uploads\/sites\/5\/2023\/02\/Ardelaine-Scop.png","articleSection":["Actualit\u00e9s"],"inLanguage":"fr-FR"},{"@type":"WebPage","@id":"https:\/\/www.respirelavie.fr\/rennes\/blog\/2023\/02\/17\/ardelaine-scop\/","url":"https:\/\/www.respirelavie.fr\/rennes\/blog\/2023\/02\/17\/ardelaine-scop\/","name":"Portrait d\u2019exposant - Ardelaine Scop - Respire La Vie Rennes","isPartOf":{"@id":"https:\/\/www.respirelavie.fr\/rennes\/#website"},"primaryImageOfPage":{"@id":"https:\/\/www.respirelavie.fr\/rennes\/blog\/2023\/02\/17\/ardelaine-scop\/#primaryimage"},"image":{"@id":"https:\/\/www.respirelavie.fr\/rennes\/blog\/2023\/02\/17\/ardelaine-scop\/#primaryimage"},"thumbnailUrl":"https:\/\/www.respirelavie.fr\/rennes\/wp-content\/uploads\/sites\/5\/2023\/02\/Ardelaine-Scop.png","datePublished":"2023-02-17T09:06:27+00:00","dateModified":"2023-05-03T08:13:59+00:00","description":"Venez rencontrer Ardelaine Scop au Parc des Expositions du salon Respire la Vie Rennes du 24 au 26 f\u00e9vrier 2023.","breadcrumb":{"@id":"https:\/\/www.respirelavie.fr\/rennes\/blog\/2023\/02\/17\/ardelaine-scop\/#breadcrumb"},"inLanguage":"fr-FR","potentialAction":[{"@type":"ReadAction","target":["https:\/\/www.respirelavie.fr\/rennes\/blog\/2023\/02\/17\/ardelaine-scop\/"]}]},{"@type":"ImageObject","inLanguage":"fr-FR","@id":"https:\/\/www.respirelavie.fr\/rennes\/blog\/2023\/02\/17\/ardelaine-scop\/#primaryimage","url":"https:\/\/www.respirelavie.fr\/rennes\/wp-content\/uploads\/sites\/5\/2023\/02\/Ardelaine-Scop.png","contentUrl":"https:\/\/www.respirelavie.fr\/rennes\/wp-content\/uploads\/sites\/5\/2023\/02\/Ardelaine-Scop.png","width":800,"height":800,"caption":"Ardelaine Scop Avant"},{"@type":"BreadcrumbList","@id":"https:\/\/www.respirelavie.fr\/rennes\/blog\/2023\/02\/17\/ardelaine-scop\/#breadcrumb","itemListElement":[{"@type":"ListItem","position":1,"name":"Accueil","item":"https:\/\/www.respirelavie.fr\/rennes\/"},{"@type":"ListItem","position":2,"name":"Portrait d\u2019exposant &#8211; Ardelaine Scop"}]},{"@type":"WebSite","@id":"https:\/\/www.respirelavie.fr\/rennes\/#website","url":"https:\/\/www.respirelavie.fr\/rennes\/","name":"Respire La Vie Rennes","description":"Respire La Vie Rennes : votre salon \u00e9colo, bio, bien-\u00eatre et habitat sain \u00e0 Rennes","publisher":{"@id":"https:\/\/www.respirelavie.fr\/rennes\/#organization"},"potentialAction":[{"@type":"SearchAction","target":{"@type":"EntryPoint","urlTemplate":"https:\/\/www.respirelavie.fr\/rennes\/?s={search_term_string}"},"query-input":{"@type":"PropertyValueSpecification","valueRequired":true,"valueName":"search_term_string"}}],"inLanguage":"fr-FR"},{"@type":"Organization","@id":"https:\/\/www.respirelavie.fr\/rennes\/#organization","name":"Respire La Vie Rennes","url":"https:\/\/www.respirelavie.fr\/rennes\/","logo":{"@type":"ImageObject","inLanguage":"fr-FR","@id":"https:\/\/www.respirelavie.fr\/rennes\/#\/schema\/logo\/image\/","url":"https:\/\/www.respirelavie.fr\/rennes\/wp-content\/uploads\/sites\/5\/2025\/11\/cropped-Logo-RESPIRE-rennes-2026.png","contentUrl":"https:\/\/www.respirelavie.fr\/rennes\/wp-content\/uploads\/sites\/5\/2025\/11\/cropped-Logo-RESPIRE-rennes-2026.png","width":921,"height":255,"caption":"Respire La Vie Rennes"},"image":{"@id":"https:\/\/www.respirelavie.fr\/rennes\/#\/schema\/logo\/image\/"}},{"@type":"Person","@id":"https:\/\/www.respirelavie.fr\/rennes\/#\/schema\/person\/773bfe7c31181098698bacd32c5d233c","name":"communication","image":{"@type":"ImageObject","inLanguage":"fr-FR","@id":"https:\/\/secure.gravatar.com\/avatar\/0f49d5b7ab56355ffa797b3ce25e4f2375cedf6bc9afe416fe669342c3524275?s=96&d=mm&r=g","url":"https:\/\/secure.gravatar.com\/avatar\/0f49d5b7ab56355ffa797b3ce25e4f2375cedf6bc9afe416fe669342c3524275?s=96&d=mm&r=g","contentUrl":"https:\/\/secure.gravatar.com\/avatar\/0f49d5b7ab56355ffa797b3ce25e4f2375cedf6bc9afe416fe669342c3524275?s=96&d=mm&r=g","caption":"communication"},"url":"https:\/\/www.respirelavie.fr\/rennes\/blog\/author\/communication\/"}]}},"_links":{"self":[{"href":"https:\/\/www.respirelavie.fr\/rennes\/wp-json\/wp\/v2\/posts\/9841","targetHints":{"allow":["GET"]}}],"collection":[{"href":"https:\/\/www.respirelavie.fr\/rennes\/wp-json\/wp\/v2\/posts"}],"about":[{"href":"https:\/\/www.respirelavie.fr\/rennes\/wp-json\/wp\/v2\/types\/post"}],"author":[{"embeddable":true,"href":"https:\/\/www.respirelavie.fr\/rennes\/wp-json\/wp\/v2\/users\/5"}],"replies":[{"embeddable":true,"href":"https:\/\/www.respirelavie.fr\/rennes\/wp-json\/wp\/v2\/comments?post=9841"}],"version-history":[{"count":3,"href":"https:\/\/www.respirelavie.fr\/rennes\/wp-json\/wp\/v2\/posts\/9841\/revisions"}],"predecessor-version":[{"id":9854,"href":"https:\/\/www.respirelavie.fr\/rennes\/wp-json\/wp\/v2\/posts\/9841\/revisions\/9854"}],"wp:featuredmedia":[{"embeddable":true,"href":"https:\/\/www.respirelavie.fr\/rennes\/wp-json\/wp\/v2\/media\/9842"}],"wp:attachment":[{"href":"https:\/\/www.respirelavie.fr\/rennes\/wp-json\/wp\/v2\/media?parent=9841"}],"wp:term":[{"taxonomy":"category","embeddable":true,"href":"https:\/\/www.respirelavie.fr\/rennes\/wp-json\/wp\/v2\/categories?post=9841"},{"taxonomy":"post_tag","embeddable":true,"href":"https:\/\/www.respirelavie.fr\/rennes\/wp-json\/wp\/v2\/tags?post=9841"}],"curies":[{"name":"wp","href":"https:\/\/api.w.org\/{rel}","templated":true}]}}