{"id":9846,"date":"2023-02-17T10:24:50","date_gmt":"2023-02-17T09:24:50","guid":{"rendered":"https:\/\/www.respirelavie.fr\/rennes\/?p=9846"},"modified":"2023-05-03T10:13:59","modified_gmt":"2023-05-03T08:13:59","slug":"rue-des-plantes","status":"publish","type":"post","link":"https:\/\/www.respirelavie.fr\/rennes\/blog\/2023\/02\/17\/rue-des-plantes\/","title":{"rendered":"Portrait d\u2019exposant &#8211; Rue des Plantes"},"content":{"rendered":"<h2>Pr\u00e9sentez-vous en quelques mots<\/h2>\n<p>Rue des Plantes, c\u2019est <a href=\"https:\/\/www.ruedesplantes.com\/\" target=\"_blank\" rel=\"noopener\">l\u2019herboristerie nouvelle g\u00e9n\u00e9ration<\/a> qui facilite l\u2019acc\u00e8s \u00e0 la naturalit\u00e9.<br \/>\nDepuis plus de 10 ans, nous proposons \u00e0 nos clients une large gamme de produits de bien-\u00eatre \u00e0 base de :<\/p>\n<ul>\n<li>Plantes,<\/li>\n<li>Infusions,<\/li>\n<li>Huiles essentielles et v\u00e9g\u00e9tales,<\/li>\n<li>Gemmoth\u00e9rapie,<\/li>\n<li>Superaliments en poudre et compl\u00e9ments alimentaires,<\/li>\n<\/ul>\n<p>Tous con\u00e7us au sein de notre propre usine de production situ\u00e9e en Maine-et-Loire.<\/p>\n<p>Des r\u00e9f\u00e9rences accessibles directement en ligne sur notre site internet et dans notre boutique rennaise. Elle offre un accompagnement personnalis\u00e9 dispens\u00e9 par des naturopathes exp\u00e9riment\u00e9s.<\/p>\n<p>L\u2019\u00e9quipe Rue des Plantes c&#8217;est 16 personnes qui \u0153uvrent chaque jour pour proposer des produits naturels efficaces, made in France et de plus en plus certifi\u00e9s bio, pour une prise en charge globale du bien-\u00eatre au naturel.<\/p>\n<p><img fetchpriority=\"high\" decoding=\"async\" class=\"wp-image-9847 aligncenter\" src=\"https:\/\/www.respirelavie.fr\/rennes\/wp-content\/uploads\/sites\/5\/2023\/02\/1676556760-file1-AFFICHE-RDP-RETAIL_Salon-RLVRennes-212x300.jpeg\" alt=\"Rue des Plantes Affiche\" width=\"348\" height=\"492\" srcset=\"https:\/\/www.respirelavie.fr\/rennes\/wp-content\/uploads\/sites\/5\/2023\/02\/1676556760-file1-AFFICHE-RDP-RETAIL_Salon-RLVRennes-212x300.jpeg 212w, https:\/\/www.respirelavie.fr\/rennes\/wp-content\/uploads\/sites\/5\/2023\/02\/1676556760-file1-AFFICHE-RDP-RETAIL_Salon-RLVRennes-724x1024.jpeg 724w, https:\/\/www.respirelavie.fr\/rennes\/wp-content\/uploads\/sites\/5\/2023\/02\/1676556760-file1-AFFICHE-RDP-RETAIL_Salon-RLVRennes-768x1086.jpeg 768w, https:\/\/www.respirelavie.fr\/rennes\/wp-content\/uploads\/sites\/5\/2023\/02\/1676556760-file1-AFFICHE-RDP-RETAIL_Salon-RLVRennes-1086x1536.jpeg 1086w, https:\/\/www.respirelavie.fr\/rennes\/wp-content\/uploads\/sites\/5\/2023\/02\/1676556760-file1-AFFICHE-RDP-RETAIL_Salon-RLVRennes-1448x2048.jpeg 1448w, https:\/\/www.respirelavie.fr\/rennes\/wp-content\/uploads\/sites\/5\/2023\/02\/1676556760-file1-AFFICHE-RDP-RETAIL_Salon-RLVRennes-150x212.jpeg 150w, https:\/\/www.respirelavie.fr\/rennes\/wp-content\/uploads\/sites\/5\/2023\/02\/1676556760-file1-AFFICHE-RDP-RETAIL_Salon-RLVRennes-353x500.jpeg 353w, https:\/\/www.respirelavie.fr\/rennes\/wp-content\/uploads\/sites\/5\/2023\/02\/1676556760-file1-AFFICHE-RDP-RETAIL_Salon-RLVRennes.jpeg 1587w\" sizes=\"(max-width: 348px) 100vw, 348px\" \/><\/p>\n<h2>Que propose Rue des Plantes sur le salon ?<\/h2>\n<h5><span style=\"font-size: 14pt;\">Superaliments en poudre bio :<\/span><\/h5>\n<p>Notre gamme de superaliments en poudre BIO est la nouveaut\u00e9 de cette ann\u00e9e 2023. Les \u00ab Wonder-Plantes \u00bb, c\u2019est une d\u00e9clinaison de superaliments v\u00e9g\u00e9taux s\u00e9lectionn\u00e9s pour leurs hautes valeurs nutritives, sans additifs. La force de cette gamme r\u00e9side \u00e9galement dans son format : la poudre, qui permet \u00e0 chacun de b\u00e9n\u00e9ficier des bienfaits des plantes toute l\u2019ann\u00e9e tout en proposant une vraie facilit\u00e9 d\u2019utilisation, m\u00eame pour les personnes press\u00e9es ou qui n\u2019aiment pas sp\u00e9cialement cuisiner !<\/p>\n<p>A l\u2019occasion du salon, pour tout Superaliment achet\u00e9, les clients b\u00e9n\u00e9ficieront d\u2019une remise de -20% sur les suivants. Cette offre est valable sur tous les produits de la gamme Wonder-Plantes et est appliqu\u00e9e au moins cher des deux.<\/p>\n<h5><span style=\"font-size: 14pt;\">Complements alimentaires bio :<\/span><\/h5>\n<p>Aux c\u00f4t\u00e9s de nos r\u00e9f\u00e9rences intemporelles, nous proposons \u00e0 un tarif d\u00e9couverte une s\u00e9lection de 3 packs exclusifs \u00e0 action cibl\u00e9e pour les probl\u00e9matiques cl\u00e9s que sont : la D\u00e9tox, le Sommeil et le Cycle F\u00e9minin. A d\u00e9couvrir directement sur notre stand.<\/p>\n<h5><span style=\"font-size: 14pt;\">Infusions et plantes coup\u00e9es bio :<\/span><\/h5>\n<p>Sp\u00e9cialistes du v\u00e9g\u00e9tal, nous pr\u00e9senterons un large assortiment de plantes coup\u00e9es unitaires mais \u00e9galement d\u2019infusions compos\u00e9es pour faire face aux d\u00e9sagr\u00e9ments du quotidien : allergies, rhumatismes, digestion perturb\u00e9e\u2026<br \/>\nPour l\u2019achat de 2 infusions compos\u00e9es, une bo\u00eete \u00e0 tisane r\u00e9utilisable est offerte et avec elle, une remise de -10% pour le remplissage en boutique jusqu\u2019au 31\/03.<\/p>\n<h5><span style=\"font-size: 14pt;\">Huiles essentielles et gemmotherapie bio :<\/span><\/h5>\n<p>Les indispensables des huiles essentielles biologiques et des mac\u00e9rats de bourgeons seront \u00e9galement disponibles. A combiner avec des compl\u00e9ments adapt\u00e9s pour une action compl\u00e8te.<\/p>\n<p>Pauline, notre naturopathe sera \u00e0 votre disposition tout au long du week-end pour r\u00e9pondre \u00e0 vos questions et vous accompagner dans le choix des routines naturelles les mieux adapt\u00e9es \u00e0 vos besoins.<\/p>\n<p>En suppl\u00e9ment, nous offrons \u00e0 tous les visiteurs 10% de remise sur leur premi\u00e8re commande en ligne sur RuedesPlantes.com, sans minimum d\u2019achat.<\/p>\n<p><img decoding=\"async\" class=\"wp-image-9848 aligncenter\" src=\"https:\/\/www.respirelavie.fr\/rennes\/wp-content\/uploads\/sites\/5\/2023\/02\/1676556760-file2-Lherboristerie-nouvelle-generation-300x169.png\" alt=\"Rue des Plantes Produits\" width=\"545\" height=\"307\" \/><\/p>\n<h2>Parlez-nous de votre relation avec le salon<\/h2>\n<p>Apr\u00e8s notre premi\u00e8re exp\u00e9rience en tant qu\u2019exposant au salon Zen &amp; Bio de Nantes, nous sommes heureux de participer cette fois-ci au salon Respire La Vie organis\u00e9 \u00e0 Rennes, ville o\u00f9 est install\u00e9e notre boutique physique !<\/p>\n<p>&nbsp;<\/p>\n<p><em><a href=\"https:\/\/www.respirelavie.fr\/rennes\/visiter\/liste-des-exposants\/\" target=\"_blank\" rel=\"noopener\">Consultez la liste des exposants<\/a><\/em><\/p>\n","protected":false},"excerpt":{"rendered":"<p>Pr\u00e9sentez-vous en quelques mots Rue des Plantes, c\u2019est l\u2019herboristerie nouvelle g\u00e9n\u00e9ration qui facilite l\u2019acc\u00e8s \u00e0 la naturalit\u00e9. Depuis plus de 10 ans, nous proposons \u00e0 nos clients une large gamme de produits de bien-\u00eatre \u00e0 base de : Plantes, Infusions, Huiles essentielles et v\u00e9g\u00e9tales, Gemmoth\u00e9rapie, Superaliments en poudre et compl\u00e9ments alimentaires, Tous con\u00e7us au sein&hellip; <\/p>\n","protected":false},"author":5,"featured_media":9849,"comment_status":"closed","ping_status":"open","sticky":false,"template":"","format":"standard","meta":{"_monsterinsights_skip_tracking":false,"_monsterinsights_sitenote_active":false,"_monsterinsights_sitenote_note":"","_monsterinsights_sitenote_category":0,"footnotes":""},"categories":[26],"tags":[],"class_list":["post-9846","post","type-post","status-publish","format-standard","has-post-thumbnail","hentry","category-actualites"],"yoast_head":"<!-- This site is optimized with the Yoast SEO plugin v27.3 - https:\/\/yoast.com\/product\/yoast-seo-wordpress\/ -->\n<title>Portrait d\u2019exposant - Rue des Plantes - Respire La Vie Rennes<\/title>\n<meta name=\"description\" content=\"Venez rencontrer Rue des Plantes au Parc des Expositions du salon Respire la Vie Rennes du 24 au 26 f\u00e9vrier 2023.\" \/>\n<meta name=\"robots\" content=\"index, follow, max-snippet:-1, max-image-preview:large, max-video-preview:-1\" \/>\n<link rel=\"canonical\" href=\"https:\/\/www.respirelavie.fr\/rennes\/blog\/2023\/02\/17\/rue-des-plantes\/\" \/>\n<meta property=\"og:locale\" content=\"fr_FR\" \/>\n<meta property=\"og:type\" content=\"article\" \/>\n<meta property=\"og:title\" content=\"Portrait d\u2019exposant - Rue des Plantes - Respire La Vie Rennes\" \/>\n<meta property=\"og:description\" content=\"Venez rencontrer Rue des Plantes au Parc des Expositions du salon Respire la Vie Rennes du 24 au 26 f\u00e9vrier 2023.\" \/>\n<meta property=\"og:url\" content=\"https:\/\/www.respirelavie.fr\/rennes\/blog\/2023\/02\/17\/rue-des-plantes\/\" \/>\n<meta property=\"og:site_name\" content=\"Respire La Vie Rennes\" \/>\n<meta property=\"article:published_time\" content=\"2023-02-17T09:24:50+00:00\" \/>\n<meta property=\"article:modified_time\" content=\"2023-05-03T08:13:59+00:00\" \/>\n<meta property=\"og:image\" content=\"https:\/\/www.respirelavie.fr\/rennes\/wp-content\/uploads\/sites\/5\/2023\/02\/Rue-des-Plantes.png\" \/>\n\t<meta property=\"og:image:width\" content=\"800\" \/>\n\t<meta property=\"og:image:height\" content=\"800\" \/>\n\t<meta property=\"og:image:type\" content=\"image\/png\" \/>\n<meta name=\"author\" content=\"communication\" \/>\n<meta name=\"twitter:card\" content=\"summary_large_image\" \/>\n<meta name=\"twitter:label1\" content=\"\u00c9crit par\" \/>\n\t<meta name=\"twitter:data1\" content=\"communication\" \/>\n\t<meta name=\"twitter:label2\" content=\"Dur\u00e9e de lecture estim\u00e9e\" \/>\n\t<meta name=\"twitter:data2\" content=\"3 minutes\" \/>\n<script type=\"application\/ld+json\" class=\"yoast-schema-graph\">{\"@context\":\"https:\\\/\\\/schema.org\",\"@graph\":[{\"@type\":\"Article\",\"@id\":\"https:\\\/\\\/www.respirelavie.fr\\\/rennes\\\/blog\\\/2023\\\/02\\\/17\\\/rue-des-plantes\\\/#article\",\"isPartOf\":{\"@id\":\"https:\\\/\\\/www.respirelavie.fr\\\/rennes\\\/blog\\\/2023\\\/02\\\/17\\\/rue-des-plantes\\\/\"},\"author\":{\"name\":\"communication\",\"@id\":\"https:\\\/\\\/www.respirelavie.fr\\\/rennes\\\/#\\\/schema\\\/person\\\/773bfe7c31181098698bacd32c5d233c\"},\"headline\":\"Portrait d\u2019exposant &#8211; Rue des Plantes\",\"datePublished\":\"2023-02-17T09:24:50+00:00\",\"dateModified\":\"2023-05-03T08:13:59+00:00\",\"mainEntityOfPage\":{\"@id\":\"https:\\\/\\\/www.respirelavie.fr\\\/rennes\\\/blog\\\/2023\\\/02\\\/17\\\/rue-des-plantes\\\/\"},\"wordCount\":557,\"publisher\":{\"@id\":\"https:\\\/\\\/www.respirelavie.fr\\\/rennes\\\/#organization\"},\"image\":{\"@id\":\"https:\\\/\\\/www.respirelavie.fr\\\/rennes\\\/blog\\\/2023\\\/02\\\/17\\\/rue-des-plantes\\\/#primaryimage\"},\"thumbnailUrl\":\"https:\\\/\\\/www.respirelavie.fr\\\/rennes\\\/wp-content\\\/uploads\\\/sites\\\/5\\\/2023\\\/02\\\/Rue-des-Plantes.png\",\"articleSection\":[\"Actualit\u00e9s\"],\"inLanguage\":\"fr-FR\"},{\"@type\":\"WebPage\",\"@id\":\"https:\\\/\\\/www.respirelavie.fr\\\/rennes\\\/blog\\\/2023\\\/02\\\/17\\\/rue-des-plantes\\\/\",\"url\":\"https:\\\/\\\/www.respirelavie.fr\\\/rennes\\\/blog\\\/2023\\\/02\\\/17\\\/rue-des-plantes\\\/\",\"name\":\"Portrait d\u2019exposant - Rue des Plantes - Respire La Vie Rennes\",\"isPartOf\":{\"@id\":\"https:\\\/\\\/www.respirelavie.fr\\\/rennes\\\/#website\"},\"primaryImageOfPage\":{\"@id\":\"https:\\\/\\\/www.respirelavie.fr\\\/rennes\\\/blog\\\/2023\\\/02\\\/17\\\/rue-des-plantes\\\/#primaryimage\"},\"image\":{\"@id\":\"https:\\\/\\\/www.respirelavie.fr\\\/rennes\\\/blog\\\/2023\\\/02\\\/17\\\/rue-des-plantes\\\/#primaryimage\"},\"thumbnailUrl\":\"https:\\\/\\\/www.respirelavie.fr\\\/rennes\\\/wp-content\\\/uploads\\\/sites\\\/5\\\/2023\\\/02\\\/Rue-des-Plantes.png\",\"datePublished\":\"2023-02-17T09:24:50+00:00\",\"dateModified\":\"2023-05-03T08:13:59+00:00\",\"description\":\"Venez rencontrer Rue des Plantes au Parc des Expositions du salon Respire la Vie Rennes du 24 au 26 f\u00e9vrier 2023.\",\"breadcrumb\":{\"@id\":\"https:\\\/\\\/www.respirelavie.fr\\\/rennes\\\/blog\\\/2023\\\/02\\\/17\\\/rue-des-plantes\\\/#breadcrumb\"},\"inLanguage\":\"fr-FR\",\"potentialAction\":[{\"@type\":\"ReadAction\",\"target\":[\"https:\\\/\\\/www.respirelavie.fr\\\/rennes\\\/blog\\\/2023\\\/02\\\/17\\\/rue-des-plantes\\\/\"]}]},{\"@type\":\"ImageObject\",\"inLanguage\":\"fr-FR\",\"@id\":\"https:\\\/\\\/www.respirelavie.fr\\\/rennes\\\/blog\\\/2023\\\/02\\\/17\\\/rue-des-plantes\\\/#primaryimage\",\"url\":\"https:\\\/\\\/www.respirelavie.fr\\\/rennes\\\/wp-content\\\/uploads\\\/sites\\\/5\\\/2023\\\/02\\\/Rue-des-Plantes.png\",\"contentUrl\":\"https:\\\/\\\/www.respirelavie.fr\\\/rennes\\\/wp-content\\\/uploads\\\/sites\\\/5\\\/2023\\\/02\\\/Rue-des-Plantes.png\",\"width\":800,\"height\":800,\"caption\":\"Rue des Plantes Avant\"},{\"@type\":\"BreadcrumbList\",\"@id\":\"https:\\\/\\\/www.respirelavie.fr\\\/rennes\\\/blog\\\/2023\\\/02\\\/17\\\/rue-des-plantes\\\/#breadcrumb\",\"itemListElement\":[{\"@type\":\"ListItem\",\"position\":1,\"name\":\"Accueil\",\"item\":\"https:\\\/\\\/www.respirelavie.fr\\\/rennes\\\/\"},{\"@type\":\"ListItem\",\"position\":2,\"name\":\"Portrait d\u2019exposant &#8211; Rue des Plantes\"}]},{\"@type\":\"WebSite\",\"@id\":\"https:\\\/\\\/www.respirelavie.fr\\\/rennes\\\/#website\",\"url\":\"https:\\\/\\\/www.respirelavie.fr\\\/rennes\\\/\",\"name\":\"Respire La Vie Rennes\",\"description\":\"Respire La Vie Rennes : votre salon \u00e9colo, bio, bien-\u00eatre et habitat sain \u00e0 Rennes\",\"publisher\":{\"@id\":\"https:\\\/\\\/www.respirelavie.fr\\\/rennes\\\/#organization\"},\"potentialAction\":[{\"@type\":\"SearchAction\",\"target\":{\"@type\":\"EntryPoint\",\"urlTemplate\":\"https:\\\/\\\/www.respirelavie.fr\\\/rennes\\\/?s={search_term_string}\"},\"query-input\":{\"@type\":\"PropertyValueSpecification\",\"valueRequired\":true,\"valueName\":\"search_term_string\"}}],\"inLanguage\":\"fr-FR\"},{\"@type\":\"Organization\",\"@id\":\"https:\\\/\\\/www.respirelavie.fr\\\/rennes\\\/#organization\",\"name\":\"Respire La Vie Rennes\",\"url\":\"https:\\\/\\\/www.respirelavie.fr\\\/rennes\\\/\",\"logo\":{\"@type\":\"ImageObject\",\"inLanguage\":\"fr-FR\",\"@id\":\"https:\\\/\\\/www.respirelavie.fr\\\/rennes\\\/#\\\/schema\\\/logo\\\/image\\\/\",\"url\":\"https:\\\/\\\/www.respirelavie.fr\\\/rennes\\\/wp-content\\\/uploads\\\/sites\\\/5\\\/2025\\\/11\\\/cropped-Logo-RESPIRE-rennes-2026.png\",\"contentUrl\":\"https:\\\/\\\/www.respirelavie.fr\\\/rennes\\\/wp-content\\\/uploads\\\/sites\\\/5\\\/2025\\\/11\\\/cropped-Logo-RESPIRE-rennes-2026.png\",\"width\":921,\"height\":255,\"caption\":\"Respire La Vie Rennes\"},\"image\":{\"@id\":\"https:\\\/\\\/www.respirelavie.fr\\\/rennes\\\/#\\\/schema\\\/logo\\\/image\\\/\"}},{\"@type\":\"Person\",\"@id\":\"https:\\\/\\\/www.respirelavie.fr\\\/rennes\\\/#\\\/schema\\\/person\\\/773bfe7c31181098698bacd32c5d233c\",\"name\":\"communication\",\"image\":{\"@type\":\"ImageObject\",\"inLanguage\":\"fr-FR\",\"@id\":\"https:\\\/\\\/secure.gravatar.com\\\/avatar\\\/0f49d5b7ab56355ffa797b3ce25e4f2375cedf6bc9afe416fe669342c3524275?s=96&d=mm&r=g\",\"url\":\"https:\\\/\\\/secure.gravatar.com\\\/avatar\\\/0f49d5b7ab56355ffa797b3ce25e4f2375cedf6bc9afe416fe669342c3524275?s=96&d=mm&r=g\",\"contentUrl\":\"https:\\\/\\\/secure.gravatar.com\\\/avatar\\\/0f49d5b7ab56355ffa797b3ce25e4f2375cedf6bc9afe416fe669342c3524275?s=96&d=mm&r=g\",\"caption\":\"communication\"},\"url\":\"https:\\\/\\\/www.respirelavie.fr\\\/rennes\\\/blog\\\/author\\\/communication\\\/\"}]}<\/script>\n<!-- \/ Yoast SEO plugin. -->","yoast_head_json":{"title":"Portrait d\u2019exposant - Rue des Plantes - Respire La Vie Rennes","description":"Venez rencontrer Rue des Plantes au Parc des Expositions du salon Respire la Vie Rennes du 24 au 26 f\u00e9vrier 2023.","robots":{"index":"index","follow":"follow","max-snippet":"max-snippet:-1","max-image-preview":"max-image-preview:large","max-video-preview":"max-video-preview:-1"},"canonical":"https:\/\/www.respirelavie.fr\/rennes\/blog\/2023\/02\/17\/rue-des-plantes\/","og_locale":"fr_FR","og_type":"article","og_title":"Portrait d\u2019exposant - Rue des Plantes - Respire La Vie Rennes","og_description":"Venez rencontrer Rue des Plantes au Parc des Expositions du salon Respire la Vie Rennes du 24 au 26 f\u00e9vrier 2023.","og_url":"https:\/\/www.respirelavie.fr\/rennes\/blog\/2023\/02\/17\/rue-des-plantes\/","og_site_name":"Respire La Vie Rennes","article_published_time":"2023-02-17T09:24:50+00:00","article_modified_time":"2023-05-03T08:13:59+00:00","og_image":[{"width":800,"height":800,"url":"https:\/\/www.respirelavie.fr\/rennes\/wp-content\/uploads\/sites\/5\/2023\/02\/Rue-des-Plantes.png","type":"image\/png"}],"author":"communication","twitter_card":"summary_large_image","twitter_misc":{"\u00c9crit par":"communication","Dur\u00e9e de lecture estim\u00e9e":"3 minutes"},"schema":{"@context":"https:\/\/schema.org","@graph":[{"@type":"Article","@id":"https:\/\/www.respirelavie.fr\/rennes\/blog\/2023\/02\/17\/rue-des-plantes\/#article","isPartOf":{"@id":"https:\/\/www.respirelavie.fr\/rennes\/blog\/2023\/02\/17\/rue-des-plantes\/"},"author":{"name":"communication","@id":"https:\/\/www.respirelavie.fr\/rennes\/#\/schema\/person\/773bfe7c31181098698bacd32c5d233c"},"headline":"Portrait d\u2019exposant &#8211; Rue des Plantes","datePublished":"2023-02-17T09:24:50+00:00","dateModified":"2023-05-03T08:13:59+00:00","mainEntityOfPage":{"@id":"https:\/\/www.respirelavie.fr\/rennes\/blog\/2023\/02\/17\/rue-des-plantes\/"},"wordCount":557,"publisher":{"@id":"https:\/\/www.respirelavie.fr\/rennes\/#organization"},"image":{"@id":"https:\/\/www.respirelavie.fr\/rennes\/blog\/2023\/02\/17\/rue-des-plantes\/#primaryimage"},"thumbnailUrl":"https:\/\/www.respirelavie.fr\/rennes\/wp-content\/uploads\/sites\/5\/2023\/02\/Rue-des-Plantes.png","articleSection":["Actualit\u00e9s"],"inLanguage":"fr-FR"},{"@type":"WebPage","@id":"https:\/\/www.respirelavie.fr\/rennes\/blog\/2023\/02\/17\/rue-des-plantes\/","url":"https:\/\/www.respirelavie.fr\/rennes\/blog\/2023\/02\/17\/rue-des-plantes\/","name":"Portrait d\u2019exposant - Rue des Plantes - Respire La Vie Rennes","isPartOf":{"@id":"https:\/\/www.respirelavie.fr\/rennes\/#website"},"primaryImageOfPage":{"@id":"https:\/\/www.respirelavie.fr\/rennes\/blog\/2023\/02\/17\/rue-des-plantes\/#primaryimage"},"image":{"@id":"https:\/\/www.respirelavie.fr\/rennes\/blog\/2023\/02\/17\/rue-des-plantes\/#primaryimage"},"thumbnailUrl":"https:\/\/www.respirelavie.fr\/rennes\/wp-content\/uploads\/sites\/5\/2023\/02\/Rue-des-Plantes.png","datePublished":"2023-02-17T09:24:50+00:00","dateModified":"2023-05-03T08:13:59+00:00","description":"Venez rencontrer Rue des Plantes au Parc des Expositions du salon Respire la Vie Rennes du 24 au 26 f\u00e9vrier 2023.","breadcrumb":{"@id":"https:\/\/www.respirelavie.fr\/rennes\/blog\/2023\/02\/17\/rue-des-plantes\/#breadcrumb"},"inLanguage":"fr-FR","potentialAction":[{"@type":"ReadAction","target":["https:\/\/www.respirelavie.fr\/rennes\/blog\/2023\/02\/17\/rue-des-plantes\/"]}]},{"@type":"ImageObject","inLanguage":"fr-FR","@id":"https:\/\/www.respirelavie.fr\/rennes\/blog\/2023\/02\/17\/rue-des-plantes\/#primaryimage","url":"https:\/\/www.respirelavie.fr\/rennes\/wp-content\/uploads\/sites\/5\/2023\/02\/Rue-des-Plantes.png","contentUrl":"https:\/\/www.respirelavie.fr\/rennes\/wp-content\/uploads\/sites\/5\/2023\/02\/Rue-des-Plantes.png","width":800,"height":800,"caption":"Rue des Plantes Avant"},{"@type":"BreadcrumbList","@id":"https:\/\/www.respirelavie.fr\/rennes\/blog\/2023\/02\/17\/rue-des-plantes\/#breadcrumb","itemListElement":[{"@type":"ListItem","position":1,"name":"Accueil","item":"https:\/\/www.respirelavie.fr\/rennes\/"},{"@type":"ListItem","position":2,"name":"Portrait d\u2019exposant &#8211; Rue des Plantes"}]},{"@type":"WebSite","@id":"https:\/\/www.respirelavie.fr\/rennes\/#website","url":"https:\/\/www.respirelavie.fr\/rennes\/","name":"Respire La Vie Rennes","description":"Respire La Vie Rennes : votre salon \u00e9colo, bio, bien-\u00eatre et habitat sain \u00e0 Rennes","publisher":{"@id":"https:\/\/www.respirelavie.fr\/rennes\/#organization"},"potentialAction":[{"@type":"SearchAction","target":{"@type":"EntryPoint","urlTemplate":"https:\/\/www.respirelavie.fr\/rennes\/?s={search_term_string}"},"query-input":{"@type":"PropertyValueSpecification","valueRequired":true,"valueName":"search_term_string"}}],"inLanguage":"fr-FR"},{"@type":"Organization","@id":"https:\/\/www.respirelavie.fr\/rennes\/#organization","name":"Respire La Vie Rennes","url":"https:\/\/www.respirelavie.fr\/rennes\/","logo":{"@type":"ImageObject","inLanguage":"fr-FR","@id":"https:\/\/www.respirelavie.fr\/rennes\/#\/schema\/logo\/image\/","url":"https:\/\/www.respirelavie.fr\/rennes\/wp-content\/uploads\/sites\/5\/2025\/11\/cropped-Logo-RESPIRE-rennes-2026.png","contentUrl":"https:\/\/www.respirelavie.fr\/rennes\/wp-content\/uploads\/sites\/5\/2025\/11\/cropped-Logo-RESPIRE-rennes-2026.png","width":921,"height":255,"caption":"Respire La Vie Rennes"},"image":{"@id":"https:\/\/www.respirelavie.fr\/rennes\/#\/schema\/logo\/image\/"}},{"@type":"Person","@id":"https:\/\/www.respirelavie.fr\/rennes\/#\/schema\/person\/773bfe7c31181098698bacd32c5d233c","name":"communication","image":{"@type":"ImageObject","inLanguage":"fr-FR","@id":"https:\/\/secure.gravatar.com\/avatar\/0f49d5b7ab56355ffa797b3ce25e4f2375cedf6bc9afe416fe669342c3524275?s=96&d=mm&r=g","url":"https:\/\/secure.gravatar.com\/avatar\/0f49d5b7ab56355ffa797b3ce25e4f2375cedf6bc9afe416fe669342c3524275?s=96&d=mm&r=g","contentUrl":"https:\/\/secure.gravatar.com\/avatar\/0f49d5b7ab56355ffa797b3ce25e4f2375cedf6bc9afe416fe669342c3524275?s=96&d=mm&r=g","caption":"communication"},"url":"https:\/\/www.respirelavie.fr\/rennes\/blog\/author\/communication\/"}]}},"_links":{"self":[{"href":"https:\/\/www.respirelavie.fr\/rennes\/wp-json\/wp\/v2\/posts\/9846","targetHints":{"allow":["GET"]}}],"collection":[{"href":"https:\/\/www.respirelavie.fr\/rennes\/wp-json\/wp\/v2\/posts"}],"about":[{"href":"https:\/\/www.respirelavie.fr\/rennes\/wp-json\/wp\/v2\/types\/post"}],"author":[{"embeddable":true,"href":"https:\/\/www.respirelavie.fr\/rennes\/wp-json\/wp\/v2\/users\/5"}],"replies":[{"embeddable":true,"href":"https:\/\/www.respirelavie.fr\/rennes\/wp-json\/wp\/v2\/comments?post=9846"}],"version-history":[{"count":5,"href":"https:\/\/www.respirelavie.fr\/rennes\/wp-json\/wp\/v2\/posts\/9846\/revisions"}],"predecessor-version":[{"id":9856,"href":"https:\/\/www.respirelavie.fr\/rennes\/wp-json\/wp\/v2\/posts\/9846\/revisions\/9856"}],"wp:featuredmedia":[{"embeddable":true,"href":"https:\/\/www.respirelavie.fr\/rennes\/wp-json\/wp\/v2\/media\/9849"}],"wp:attachment":[{"href":"https:\/\/www.respirelavie.fr\/rennes\/wp-json\/wp\/v2\/media?parent=9846"}],"wp:term":[{"taxonomy":"category","embeddable":true,"href":"https:\/\/www.respirelavie.fr\/rennes\/wp-json\/wp\/v2\/categories?post=9846"},{"taxonomy":"post_tag","embeddable":true,"href":"https:\/\/www.respirelavie.fr\/rennes\/wp-json\/wp\/v2\/tags?post=9846"}],"curies":[{"name":"wp","href":"https:\/\/api.w.org\/{rel}","templated":true}]}}