{"id":8005,"date":"2023-04-03T15:37:18","date_gmt":"2023-04-03T13:37:18","guid":{"rendered":"https:\/\/www.respirelavie.fr\/vannes\/?p=8005"},"modified":"2023-04-04T10:09:19","modified_gmt":"2023-04-04T08:09:19","slug":"vivifiance","status":"publish","type":"post","link":"https:\/\/www.respirelavie.fr\/vannes\/blog\/2023\/04\/03\/vivifiance\/","title":{"rendered":"Portrait d&#8217;exposant &#8211; Vivifiance"},"content":{"rendered":"<h2>Pr\u00e9sentez-vous en quelques mots<\/h2>\n<p>Chez Vivifiance, je suis praticienne en th\u00e9rapie du <a href=\"https:\/\/www.vivifiance.com\/\" target=\"_blank\" rel=\"noopener\">fascia-fasciapulsologie<\/a>. J&#8217;exerce dans un cabinet pluridisciplinaire (Cabinet de Pratiques Corporelles) dont je suis la g\u00e9rante \u00e0 S\u00e9n\u00e9 depuis juin 2020.<br \/>\nLa fasciapulsologie s&#8217;int\u00e9resse \u00e0 la personne dans sa globalit\u00e9 corporelle et psychique. Elle aborde le corps par ses tissus conjonctifs (fascia) et son irrigation (pulsologie).<br \/>\nEnfaite, c&#8217;est un processus d&#8217;accompagnement naturels d&#8217;autor\u00e9gulation du corps. Il favorise la flexibilit\u00e9, la respiration, la circulation et la communication de tous les syst\u00e8mes et organes par un toucher l\u00e9ger et profond sur l&#8217;ensemble du corps.<br \/>\nLes indications sont multiples : troubles respiratoires, digestifs, circulatoires, musculaires, articulaires, \u00e9tat de stress, sommeil perturb\u00e9, fatigue chronique,&#8230;<br \/>\nCette approche s&#8217;adresse \u00e0 tout public. N\u00e9anmoins, elle poss\u00e8de des contre-indications pour les porteurs de pace-maker, la pr\u00e9sence de phl\u00e9bite, la prise d&#8217;anticoagulants, et les femmes enceintes de moins de 4 mois.<\/p>\n<h2><img fetchpriority=\"high\" decoding=\"async\" class=\"size-medium wp-image-8006 aligncenter\" src=\"https:\/\/www.respirelavie.fr\/vannes\/wp-content\/uploads\/sites\/4\/2023\/04\/1680336786-file1-PHOTO-SALON-VANNES-225x300.jpeg\" alt=\"Vivifiance \u00e9quipe\" width=\"225\" height=\"300\" srcset=\"https:\/\/www.respirelavie.fr\/vannes\/wp-content\/uploads\/sites\/4\/2023\/04\/1680336786-file1-PHOTO-SALON-VANNES-225x300.jpeg 225w, https:\/\/www.respirelavie.fr\/vannes\/wp-content\/uploads\/sites\/4\/2023\/04\/1680336786-file1-PHOTO-SALON-VANNES-768x1024.jpeg 768w, https:\/\/www.respirelavie.fr\/vannes\/wp-content\/uploads\/sites\/4\/2023\/04\/1680336786-file1-PHOTO-SALON-VANNES-1152x1536.jpeg 1152w, https:\/\/www.respirelavie.fr\/vannes\/wp-content\/uploads\/sites\/4\/2023\/04\/1680336786-file1-PHOTO-SALON-VANNES-1536x2048.jpeg 1536w, https:\/\/www.respirelavie.fr\/vannes\/wp-content\/uploads\/sites\/4\/2023\/04\/1680336786-file1-PHOTO-SALON-VANNES-150x200.jpeg 150w, https:\/\/www.respirelavie.fr\/vannes\/wp-content\/uploads\/sites\/4\/2023\/04\/1680336786-file1-PHOTO-SALON-VANNES-375x500.jpeg 375w, https:\/\/www.respirelavie.fr\/vannes\/wp-content\/uploads\/sites\/4\/2023\/04\/1680336786-file1-PHOTO-SALON-VANNES-scaled.jpeg 1920w\" sizes=\"(max-width: 225px) 100vw, 225px\" \/><\/h2>\n<h2>Que propose Vivifiance au salon ?<\/h2>\n<p>Tout d&#8217;abord, sur le salon, nous sommes deux fasciapulsologues et un kin\u00e9silogue.<br \/>\nSur le stand, nous proposons des s\u00e9ances d\u00e9couvertes de fasciapulsologie de 20min \u00e0 10\u20ac<br \/>\nDe plus, pour tout rendez-vous pris sur le salon, nous offrons des bons de r\u00e9duction pour :<\/p>\n<ul>\n<li>3 s\u00e9ances de fasciapulsologie \u00e0 65\u20ac\/s\u00e9ance au lieu de 80\u20ac<\/li>\n<li>1 s\u00e9ance de kin\u00e9siologie \u00e0 50\u20ac au lieu de 60\u20ac<\/li>\n<li>3 s\u00e9ances de pr\u00e9paration mentale \u00e0 40\u20ac\/s\u00e9ance au lieu de 50\u20ac<\/li>\n<\/ul>\n<p>Enfin, nous animerons un atelier le samedi 8 \u00e0 14h sur le th\u00e8me &#8220;le mouvement, l&#8217;impulsion, le d\u00e9ploiement \u00e0 l&#8217;origine de tous nos actes&#8221; par le braingym, la coh\u00e9rence corps-coeur-cerveau et la pr\u00e9paration mentale.<\/p>\n<h2>Parlez-nous de votre relation avec le salon<\/h2>\n<p>Nous portons un int\u00e9r\u00eat particulier au salon Respire la Vie Vannes auquel nous avons particip\u00e9 lors de sa pr\u00e9c\u00e9dente tenue \u00e0 Vannes.<br \/>\nEn effet, la qualit\u00e9 des th\u00e8mes propos\u00e9s, l&#8217;ambiance entre exposants, la fr\u00e9quentation en font un incontournable pour notre activit\u00e9.<br \/>\nPour Vivifiance, son appellation est \u00e9vocatrice de promesses qui nous semblent respect\u00e9es.<\/p>\n<p>&nbsp;<\/p>\n<p><em><a href=\"https:\/\/www.respirelavie.fr\/vannes\/visiter\/liste-des-exposants\/\" target=\"_blank\" rel=\"noopener\">Consultez la liste des exposants 2023<\/a><\/em><\/p>\n","protected":false},"excerpt":{"rendered":"<p>Pr\u00e9sentez-vous en quelques mots Chez Vivifiance, je suis praticienne en th\u00e9rapie du fascia-fasciapulsologie. J&#8217;exerce dans un cabinet pluridisciplinaire (Cabinet de Pratiques Corporelles) dont je suis la g\u00e9rante \u00e0 S\u00e9n\u00e9 depuis juin 2020. La fasciapulsologie s&#8217;int\u00e9resse \u00e0 la personne dans sa globalit\u00e9 corporelle et psychique. Elle aborde le corps par ses tissus conjonctifs (fascia) et son&hellip; <\/p>\n","protected":false},"author":5,"featured_media":8033,"comment_status":"open","ping_status":"open","sticky":false,"template":"","format":"standard","meta":{"_monsterinsights_skip_tracking":false,"_monsterinsights_sitenote_active":false,"_monsterinsights_sitenote_note":"","_monsterinsights_sitenote_category":0,"footnotes":""},"categories":[26],"tags":[],"class_list":["post-8005","post","type-post","status-publish","format-standard","has-post-thumbnail","hentry","category-actualites"],"yoast_head":"<!-- This site is optimized with the Yoast SEO plugin v27.3 - https:\/\/yoast.com\/product\/yoast-seo-wordpress\/ -->\n<title>Portrait d&#039;exposant - Vivifiance - RESPIRE VANNES<\/title>\n<meta name=\"description\" content=\"Venez rencontrer Vivifiance au salon Respire la Vie au Parc des Expositions de Vannes du 07 au 09 avril 2023.\" \/>\n<meta name=\"robots\" content=\"index, follow, max-snippet:-1, max-image-preview:large, max-video-preview:-1\" \/>\n<link rel=\"canonical\" href=\"https:\/\/www.respirelavie.fr\/vannes\/blog\/2023\/04\/03\/vivifiance\/\" \/>\n<meta property=\"og:locale\" content=\"fr_FR\" \/>\n<meta property=\"og:type\" content=\"article\" \/>\n<meta property=\"og:title\" content=\"Portrait d&#039;exposant - Vivifiance - RESPIRE VANNES\" \/>\n<meta property=\"og:description\" content=\"Venez rencontrer Vivifiance au salon Respire la Vie au Parc des Expositions de Vannes du 07 au 09 avril 2023.\" \/>\n<meta property=\"og:url\" content=\"https:\/\/www.respirelavie.fr\/vannes\/blog\/2023\/04\/03\/vivifiance\/\" \/>\n<meta property=\"og:site_name\" content=\"RESPIRE VANNES\" \/>\n<meta property=\"article:published_time\" content=\"2023-04-03T13:37:18+00:00\" \/>\n<meta property=\"article:modified_time\" content=\"2023-04-04T08:09:19+00:00\" \/>\n<meta property=\"og:image\" content=\"https:\/\/www.respirelavie.fr\/vannes\/wp-content\/uploads\/sites\/4\/2023\/04\/Mise-avant-Respire-la-vie-Vannes.png\" \/>\n\t<meta property=\"og:image:width\" content=\"800\" \/>\n\t<meta property=\"og:image:height\" content=\"800\" \/>\n\t<meta property=\"og:image:type\" content=\"image\/png\" \/>\n<meta name=\"author\" content=\"communication\" \/>\n<meta name=\"twitter:card\" content=\"summary_large_image\" \/>\n<meta name=\"twitter:label1\" content=\"\u00c9crit par\" \/>\n\t<meta name=\"twitter:data1\" content=\"communication\" \/>\n\t<meta name=\"twitter:label2\" content=\"Dur\u00e9e de lecture estim\u00e9e\" \/>\n\t<meta name=\"twitter:data2\" content=\"2 minutes\" \/>\n<script type=\"application\/ld+json\" class=\"yoast-schema-graph\">{\"@context\":\"https:\\\/\\\/schema.org\",\"@graph\":[{\"@type\":\"Article\",\"@id\":\"https:\\\/\\\/www.respirelavie.fr\\\/vannes\\\/blog\\\/2023\\\/04\\\/03\\\/vivifiance\\\/#article\",\"isPartOf\":{\"@id\":\"https:\\\/\\\/www.respirelavie.fr\\\/vannes\\\/blog\\\/2023\\\/04\\\/03\\\/vivifiance\\\/\"},\"author\":{\"name\":\"communication\",\"@id\":\"http:\\\/\\\/www.respirelavie.fr\\\/vannes\\\/#\\\/schema\\\/person\\\/773bfe7c31181098698bacd32c5d233c\"},\"headline\":\"Portrait d&#8217;exposant &#8211; Vivifiance\",\"datePublished\":\"2023-04-03T13:37:18+00:00\",\"dateModified\":\"2023-04-04T08:09:19+00:00\",\"mainEntityOfPage\":{\"@id\":\"https:\\\/\\\/www.respirelavie.fr\\\/vannes\\\/blog\\\/2023\\\/04\\\/03\\\/vivifiance\\\/\"},\"wordCount\":351,\"commentCount\":0,\"publisher\":{\"@id\":\"http:\\\/\\\/www.respirelavie.fr\\\/vannes\\\/#organization\"},\"image\":{\"@id\":\"https:\\\/\\\/www.respirelavie.fr\\\/vannes\\\/blog\\\/2023\\\/04\\\/03\\\/vivifiance\\\/#primaryimage\"},\"thumbnailUrl\":\"https:\\\/\\\/www.respirelavie.fr\\\/vannes\\\/wp-content\\\/uploads\\\/sites\\\/4\\\/2023\\\/04\\\/Mise-avant-Respire-la-vie-Vannes.png\",\"articleSection\":[\"Actualit\u00e9s\"],\"inLanguage\":\"fr-FR\",\"potentialAction\":[{\"@type\":\"CommentAction\",\"name\":\"Comment\",\"target\":[\"https:\\\/\\\/www.respirelavie.fr\\\/vannes\\\/blog\\\/2023\\\/04\\\/03\\\/vivifiance\\\/#respond\"]}]},{\"@type\":\"WebPage\",\"@id\":\"https:\\\/\\\/www.respirelavie.fr\\\/vannes\\\/blog\\\/2023\\\/04\\\/03\\\/vivifiance\\\/\",\"url\":\"https:\\\/\\\/www.respirelavie.fr\\\/vannes\\\/blog\\\/2023\\\/04\\\/03\\\/vivifiance\\\/\",\"name\":\"Portrait d'exposant - Vivifiance - RESPIRE VANNES\",\"isPartOf\":{\"@id\":\"http:\\\/\\\/www.respirelavie.fr\\\/vannes\\\/#website\"},\"primaryImageOfPage\":{\"@id\":\"https:\\\/\\\/www.respirelavie.fr\\\/vannes\\\/blog\\\/2023\\\/04\\\/03\\\/vivifiance\\\/#primaryimage\"},\"image\":{\"@id\":\"https:\\\/\\\/www.respirelavie.fr\\\/vannes\\\/blog\\\/2023\\\/04\\\/03\\\/vivifiance\\\/#primaryimage\"},\"thumbnailUrl\":\"https:\\\/\\\/www.respirelavie.fr\\\/vannes\\\/wp-content\\\/uploads\\\/sites\\\/4\\\/2023\\\/04\\\/Mise-avant-Respire-la-vie-Vannes.png\",\"datePublished\":\"2023-04-03T13:37:18+00:00\",\"dateModified\":\"2023-04-04T08:09:19+00:00\",\"description\":\"Venez rencontrer Vivifiance au salon Respire la Vie au Parc des Expositions de Vannes du 07 au 09 avril 2023.\",\"breadcrumb\":{\"@id\":\"https:\\\/\\\/www.respirelavie.fr\\\/vannes\\\/blog\\\/2023\\\/04\\\/03\\\/vivifiance\\\/#breadcrumb\"},\"inLanguage\":\"fr-FR\",\"potentialAction\":[{\"@type\":\"ReadAction\",\"target\":[\"https:\\\/\\\/www.respirelavie.fr\\\/vannes\\\/blog\\\/2023\\\/04\\\/03\\\/vivifiance\\\/\"]}]},{\"@type\":\"ImageObject\",\"inLanguage\":\"fr-FR\",\"@id\":\"https:\\\/\\\/www.respirelavie.fr\\\/vannes\\\/blog\\\/2023\\\/04\\\/03\\\/vivifiance\\\/#primaryimage\",\"url\":\"https:\\\/\\\/www.respirelavie.fr\\\/vannes\\\/wp-content\\\/uploads\\\/sites\\\/4\\\/2023\\\/04\\\/Mise-avant-Respire-la-vie-Vannes.png\",\"contentUrl\":\"https:\\\/\\\/www.respirelavie.fr\\\/vannes\\\/wp-content\\\/uploads\\\/sites\\\/4\\\/2023\\\/04\\\/Mise-avant-Respire-la-vie-Vannes.png\",\"width\":800,\"height\":800,\"caption\":\"Vivifiance Avant\"},{\"@type\":\"BreadcrumbList\",\"@id\":\"https:\\\/\\\/www.respirelavie.fr\\\/vannes\\\/blog\\\/2023\\\/04\\\/03\\\/vivifiance\\\/#breadcrumb\",\"itemListElement\":[{\"@type\":\"ListItem\",\"position\":1,\"name\":\"Accueil\",\"item\":\"http:\\\/\\\/www.respirelavie.fr\\\/vannes\\\/\"},{\"@type\":\"ListItem\",\"position\":2,\"name\":\"Portrait d&#8217;exposant &#8211; Vivifiance\"}]},{\"@type\":\"WebSite\",\"@id\":\"http:\\\/\\\/www.respirelavie.fr\\\/vannes\\\/#website\",\"url\":\"http:\\\/\\\/www.respirelavie.fr\\\/vannes\\\/\",\"name\":\"RESPIRE VANNES\",\"description\":\"RESPIRE : votre salon bio, bien-\u00eatre et habitat sain \u00e0 Vannes\",\"publisher\":{\"@id\":\"http:\\\/\\\/www.respirelavie.fr\\\/vannes\\\/#organization\"},\"potentialAction\":[{\"@type\":\"SearchAction\",\"target\":{\"@type\":\"EntryPoint\",\"urlTemplate\":\"http:\\\/\\\/www.respirelavie.fr\\\/vannes\\\/?s={search_term_string}\"},\"query-input\":{\"@type\":\"PropertyValueSpecification\",\"valueRequired\":true,\"valueName\":\"search_term_string\"}}],\"inLanguage\":\"fr-FR\"},{\"@type\":\"Organization\",\"@id\":\"http:\\\/\\\/www.respirelavie.fr\\\/vannes\\\/#organization\",\"name\":\"RESPIRE VANNES\",\"url\":\"http:\\\/\\\/www.respirelavie.fr\\\/vannes\\\/\",\"logo\":{\"@type\":\"ImageObject\",\"inLanguage\":\"fr-FR\",\"@id\":\"http:\\\/\\\/www.respirelavie.fr\\\/vannes\\\/#\\\/schema\\\/logo\\\/image\\\/\",\"url\":\"https:\\\/\\\/www.respirelavie.fr\\\/vannes\\\/wp-content\\\/uploads\\\/sites\\\/4\\\/2024\\\/10\\\/cropped-cropped-cropped-Logo-RESPIRE-vannes-2025-1-1.png\",\"contentUrl\":\"https:\\\/\\\/www.respirelavie.fr\\\/vannes\\\/wp-content\\\/uploads\\\/sites\\\/4\\\/2024\\\/10\\\/cropped-cropped-cropped-Logo-RESPIRE-vannes-2025-1-1.png\",\"width\":797,\"height\":145,\"caption\":\"RESPIRE VANNES\"},\"image\":{\"@id\":\"http:\\\/\\\/www.respirelavie.fr\\\/vannes\\\/#\\\/schema\\\/logo\\\/image\\\/\"}},{\"@type\":\"Person\",\"@id\":\"http:\\\/\\\/www.respirelavie.fr\\\/vannes\\\/#\\\/schema\\\/person\\\/773bfe7c31181098698bacd32c5d233c\",\"name\":\"communication\",\"image\":{\"@type\":\"ImageObject\",\"inLanguage\":\"fr-FR\",\"@id\":\"https:\\\/\\\/secure.gravatar.com\\\/avatar\\\/0f49d5b7ab56355ffa797b3ce25e4f2375cedf6bc9afe416fe669342c3524275?s=96&d=mm&r=g\",\"url\":\"https:\\\/\\\/secure.gravatar.com\\\/avatar\\\/0f49d5b7ab56355ffa797b3ce25e4f2375cedf6bc9afe416fe669342c3524275?s=96&d=mm&r=g\",\"contentUrl\":\"https:\\\/\\\/secure.gravatar.com\\\/avatar\\\/0f49d5b7ab56355ffa797b3ce25e4f2375cedf6bc9afe416fe669342c3524275?s=96&d=mm&r=g\",\"caption\":\"communication\"},\"url\":\"https:\\\/\\\/www.respirelavie.fr\\\/vannes\\\/blog\\\/author\\\/communication\\\/\"}]}<\/script>\n<!-- \/ Yoast SEO plugin. -->","yoast_head_json":{"title":"Portrait d'exposant - Vivifiance - RESPIRE VANNES","description":"Venez rencontrer Vivifiance au salon Respire la Vie au Parc des Expositions de Vannes du 07 au 09 avril 2023.","robots":{"index":"index","follow":"follow","max-snippet":"max-snippet:-1","max-image-preview":"max-image-preview:large","max-video-preview":"max-video-preview:-1"},"canonical":"https:\/\/www.respirelavie.fr\/vannes\/blog\/2023\/04\/03\/vivifiance\/","og_locale":"fr_FR","og_type":"article","og_title":"Portrait d'exposant - Vivifiance - RESPIRE VANNES","og_description":"Venez rencontrer Vivifiance au salon Respire la Vie au Parc des Expositions de Vannes du 07 au 09 avril 2023.","og_url":"https:\/\/www.respirelavie.fr\/vannes\/blog\/2023\/04\/03\/vivifiance\/","og_site_name":"RESPIRE VANNES","article_published_time":"2023-04-03T13:37:18+00:00","article_modified_time":"2023-04-04T08:09:19+00:00","og_image":[{"width":800,"height":800,"url":"https:\/\/www.respirelavie.fr\/vannes\/wp-content\/uploads\/sites\/4\/2023\/04\/Mise-avant-Respire-la-vie-Vannes.png","type":"image\/png"}],"author":"communication","twitter_card":"summary_large_image","twitter_misc":{"\u00c9crit par":"communication","Dur\u00e9e de lecture estim\u00e9e":"2 minutes"},"schema":{"@context":"https:\/\/schema.org","@graph":[{"@type":"Article","@id":"https:\/\/www.respirelavie.fr\/vannes\/blog\/2023\/04\/03\/vivifiance\/#article","isPartOf":{"@id":"https:\/\/www.respirelavie.fr\/vannes\/blog\/2023\/04\/03\/vivifiance\/"},"author":{"name":"communication","@id":"http:\/\/www.respirelavie.fr\/vannes\/#\/schema\/person\/773bfe7c31181098698bacd32c5d233c"},"headline":"Portrait d&#8217;exposant &#8211; Vivifiance","datePublished":"2023-04-03T13:37:18+00:00","dateModified":"2023-04-04T08:09:19+00:00","mainEntityOfPage":{"@id":"https:\/\/www.respirelavie.fr\/vannes\/blog\/2023\/04\/03\/vivifiance\/"},"wordCount":351,"commentCount":0,"publisher":{"@id":"http:\/\/www.respirelavie.fr\/vannes\/#organization"},"image":{"@id":"https:\/\/www.respirelavie.fr\/vannes\/blog\/2023\/04\/03\/vivifiance\/#primaryimage"},"thumbnailUrl":"https:\/\/www.respirelavie.fr\/vannes\/wp-content\/uploads\/sites\/4\/2023\/04\/Mise-avant-Respire-la-vie-Vannes.png","articleSection":["Actualit\u00e9s"],"inLanguage":"fr-FR","potentialAction":[{"@type":"CommentAction","name":"Comment","target":["https:\/\/www.respirelavie.fr\/vannes\/blog\/2023\/04\/03\/vivifiance\/#respond"]}]},{"@type":"WebPage","@id":"https:\/\/www.respirelavie.fr\/vannes\/blog\/2023\/04\/03\/vivifiance\/","url":"https:\/\/www.respirelavie.fr\/vannes\/blog\/2023\/04\/03\/vivifiance\/","name":"Portrait d'exposant - Vivifiance - RESPIRE VANNES","isPartOf":{"@id":"http:\/\/www.respirelavie.fr\/vannes\/#website"},"primaryImageOfPage":{"@id":"https:\/\/www.respirelavie.fr\/vannes\/blog\/2023\/04\/03\/vivifiance\/#primaryimage"},"image":{"@id":"https:\/\/www.respirelavie.fr\/vannes\/blog\/2023\/04\/03\/vivifiance\/#primaryimage"},"thumbnailUrl":"https:\/\/www.respirelavie.fr\/vannes\/wp-content\/uploads\/sites\/4\/2023\/04\/Mise-avant-Respire-la-vie-Vannes.png","datePublished":"2023-04-03T13:37:18+00:00","dateModified":"2023-04-04T08:09:19+00:00","description":"Venez rencontrer Vivifiance au salon Respire la Vie au Parc des Expositions de Vannes du 07 au 09 avril 2023.","breadcrumb":{"@id":"https:\/\/www.respirelavie.fr\/vannes\/blog\/2023\/04\/03\/vivifiance\/#breadcrumb"},"inLanguage":"fr-FR","potentialAction":[{"@type":"ReadAction","target":["https:\/\/www.respirelavie.fr\/vannes\/blog\/2023\/04\/03\/vivifiance\/"]}]},{"@type":"ImageObject","inLanguage":"fr-FR","@id":"https:\/\/www.respirelavie.fr\/vannes\/blog\/2023\/04\/03\/vivifiance\/#primaryimage","url":"https:\/\/www.respirelavie.fr\/vannes\/wp-content\/uploads\/sites\/4\/2023\/04\/Mise-avant-Respire-la-vie-Vannes.png","contentUrl":"https:\/\/www.respirelavie.fr\/vannes\/wp-content\/uploads\/sites\/4\/2023\/04\/Mise-avant-Respire-la-vie-Vannes.png","width":800,"height":800,"caption":"Vivifiance Avant"},{"@type":"BreadcrumbList","@id":"https:\/\/www.respirelavie.fr\/vannes\/blog\/2023\/04\/03\/vivifiance\/#breadcrumb","itemListElement":[{"@type":"ListItem","position":1,"name":"Accueil","item":"http:\/\/www.respirelavie.fr\/vannes\/"},{"@type":"ListItem","position":2,"name":"Portrait d&#8217;exposant &#8211; Vivifiance"}]},{"@type":"WebSite","@id":"http:\/\/www.respirelavie.fr\/vannes\/#website","url":"http:\/\/www.respirelavie.fr\/vannes\/","name":"RESPIRE VANNES","description":"RESPIRE : votre salon bio, bien-\u00eatre et habitat sain \u00e0 Vannes","publisher":{"@id":"http:\/\/www.respirelavie.fr\/vannes\/#organization"},"potentialAction":[{"@type":"SearchAction","target":{"@type":"EntryPoint","urlTemplate":"http:\/\/www.respirelavie.fr\/vannes\/?s={search_term_string}"},"query-input":{"@type":"PropertyValueSpecification","valueRequired":true,"valueName":"search_term_string"}}],"inLanguage":"fr-FR"},{"@type":"Organization","@id":"http:\/\/www.respirelavie.fr\/vannes\/#organization","name":"RESPIRE VANNES","url":"http:\/\/www.respirelavie.fr\/vannes\/","logo":{"@type":"ImageObject","inLanguage":"fr-FR","@id":"http:\/\/www.respirelavie.fr\/vannes\/#\/schema\/logo\/image\/","url":"https:\/\/www.respirelavie.fr\/vannes\/wp-content\/uploads\/sites\/4\/2024\/10\/cropped-cropped-cropped-Logo-RESPIRE-vannes-2025-1-1.png","contentUrl":"https:\/\/www.respirelavie.fr\/vannes\/wp-content\/uploads\/sites\/4\/2024\/10\/cropped-cropped-cropped-Logo-RESPIRE-vannes-2025-1-1.png","width":797,"height":145,"caption":"RESPIRE VANNES"},"image":{"@id":"http:\/\/www.respirelavie.fr\/vannes\/#\/schema\/logo\/image\/"}},{"@type":"Person","@id":"http:\/\/www.respirelavie.fr\/vannes\/#\/schema\/person\/773bfe7c31181098698bacd32c5d233c","name":"communication","image":{"@type":"ImageObject","inLanguage":"fr-FR","@id":"https:\/\/secure.gravatar.com\/avatar\/0f49d5b7ab56355ffa797b3ce25e4f2375cedf6bc9afe416fe669342c3524275?s=96&d=mm&r=g","url":"https:\/\/secure.gravatar.com\/avatar\/0f49d5b7ab56355ffa797b3ce25e4f2375cedf6bc9afe416fe669342c3524275?s=96&d=mm&r=g","contentUrl":"https:\/\/secure.gravatar.com\/avatar\/0f49d5b7ab56355ffa797b3ce25e4f2375cedf6bc9afe416fe669342c3524275?s=96&d=mm&r=g","caption":"communication"},"url":"https:\/\/www.respirelavie.fr\/vannes\/blog\/author\/communication\/"}]}},"_links":{"self":[{"href":"https:\/\/www.respirelavie.fr\/vannes\/wp-json\/wp\/v2\/posts\/8005","targetHints":{"allow":["GET"]}}],"collection":[{"href":"https:\/\/www.respirelavie.fr\/vannes\/wp-json\/wp\/v2\/posts"}],"about":[{"href":"https:\/\/www.respirelavie.fr\/vannes\/wp-json\/wp\/v2\/types\/post"}],"author":[{"embeddable":true,"href":"https:\/\/www.respirelavie.fr\/vannes\/wp-json\/wp\/v2\/users\/5"}],"replies":[{"embeddable":true,"href":"https:\/\/www.respirelavie.fr\/vannes\/wp-json\/wp\/v2\/comments?post=8005"}],"version-history":[{"count":8,"href":"https:\/\/www.respirelavie.fr\/vannes\/wp-json\/wp\/v2\/posts\/8005\/revisions"}],"predecessor-version":[{"id":8045,"href":"https:\/\/www.respirelavie.fr\/vannes\/wp-json\/wp\/v2\/posts\/8005\/revisions\/8045"}],"wp:featuredmedia":[{"embeddable":true,"href":"https:\/\/www.respirelavie.fr\/vannes\/wp-json\/wp\/v2\/media\/8033"}],"wp:attachment":[{"href":"https:\/\/www.respirelavie.fr\/vannes\/wp-json\/wp\/v2\/media?parent=8005"}],"wp:term":[{"taxonomy":"category","embeddable":true,"href":"https:\/\/www.respirelavie.fr\/vannes\/wp-json\/wp\/v2\/categories?post=8005"},{"taxonomy":"post_tag","embeddable":true,"href":"https:\/\/www.respirelavie.fr\/vannes\/wp-json\/wp\/v2\/tags?post=8005"}],"curies":[{"name":"wp","href":"https:\/\/api.w.org\/{rel}","templated":true}]}}