{"id":8106,"date":"2024-01-10T16:35:17","date_gmt":"2024-01-10T15:35:17","guid":{"rendered":"https:\/\/www.respirelavie.fr\/vannes\/?p=8106"},"modified":"2024-01-10T16:35:17","modified_gmt":"2024-01-10T15:35:17","slug":"lessence-de-letre","status":"publish","type":"post","link":"https:\/\/www.respirelavie.fr\/vannes\/blog\/2024\/01\/10\/lessence-de-letre\/","title":{"rendered":"L&#8217;essence de l&#8217;\u00eatre"},"content":{"rendered":"<h2>Pr\u00e9sentez-vous en quelques mots<\/h2>\n<p style=\"text-align: left;\"><span id=\"p46\">Di<span style=\"font-size: 12pt;\">\u00e9t\u00e9ticien<\/span><\/span><img decoding=\"async\" class=\"alignleft wp-image-9849\" src=\"https:\/\/www.respirelavie.fr\/poitiers\/wp-content\/uploads\/sites\/3\/2023\/09\/1693647809-file1-unnamed-1-231x300.jpeg\" alt=\"L'essence de letre dame\" width=\"135\" height=\"176\" \/><span style=\"font-size: 12pt;\">ne <\/span><span style=\"font-size: 12pt;\">dipl\u00f4m\u00e9e d&#8217;Etat, form\u00e9e \u00e0 l&#8217;hypnose. <\/span><span style=\"font-size: 12pt;\">Julie vous aide \u00e0 retrouver et conserver votre sant\u00e9, votre poids de forme et un microbiote en alliant plusieurs sp\u00e9cialit\u00e9s.<span id=\"p47\"> Son dynamisme et son approche originale vous permet<\/span>tront d&#8217;atteindre facilement vos objectifs.<span id=\"p48\">\u00a0Elle vous propose un atelier unique de 2 jours, alternant<span id=\"49\">\u00a0hypnose, nutrition, \u00e9quilibrage des neurom\u00e9diateurs, r\u00e9conciliation du corps<\/span>\u00a0<span id=\"p45\">(soins \u00e9nerg\u00e9tiques)<\/span>.<\/span><\/span><\/p>\n<p>&nbsp;<\/p>\n<p>&nbsp;<\/p>\n<h2>Que propose L&#8217;essence de l&#8217;\u00eatre sur le salon ?<\/h2>\n<p><span id=\"p54\">Mi<\/span><span id=\"p54\">ncir gr\u00e2ce \u00e0 l&#8217;hypnose :<\/span><span id=\"p72\">\u00a0le surpoids et les troubles du comportement alimentaire sont toujours multifactoriels,\u00a0<\/span><span id=\"p56\">ils ne sont jamais uniquement psychologiques\u00a0<span id=\"p53\">(\u00e9motionnels)<\/span>\u00a0ou\u00a0<span id=\"65\">physiologiques, mais<\/span>\u00a0toujours l&#8217;un ET l&#8217;autre.<\/span><br \/>\n<span id=\"p70\">Ces ateliers de 2 jours vous permettront de traiter tous les aspects de la perte de poids gr\u00e2ce \u00e0 l&#8217;alliance de plusieurs sp\u00e9cialit\u00e9s :<\/span><span id=\"p59\"> l&#8217;hypnose, la nutrith\u00e9rapie <span id=\"p57\">(r\u00e9\u00e9quilibrage des neurom\u00e9diateurs)<\/span>, la nutrition, les soins \u00e9nerg\u00e9tiques.<\/span><br \/>\n<span id=\"p60\">Les cl\u00e9s de la sant\u00e9 :<\/span><span id=\"p71\">\u00a0cet atelier vous permettra de booster votre sant\u00e9 et votre syst\u00e8me immunitaire en r\u00e9\u00e9quilibrant vos 2 cerveaux par l&#8217;alimentation et la psychologie.<\/span><\/p>\n<h2>Parlez-nous de votre relation avec le salon<\/h2>\n<p>Je suis pr\u00e9sente depuis 10 ans pour vous rencontrer sur le salon, c&#8217;est avec plaisir que nous revenons chaque ann\u00e9e pour vivre des rencontres puissantes.<\/p>\n<p><em><a href=\"https:\/\/www.respirelavie.fr\/vannes\/visiter\/liste-des-exposants\/\" target=\"_blank\" rel=\"noopener\">Consultez la liste des exposants<\/a><\/em><\/p>\n","protected":false},"excerpt":{"rendered":"<p>Pr\u00e9sentez-vous en quelques mots Di\u00e9t\u00e9ticienne dipl\u00f4m\u00e9e d&#8217;Etat, form\u00e9e \u00e0 l&#8217;hypnose. Julie vous aide \u00e0 retrouver et conserver votre sant\u00e9, votre poids de forme et un microbiote en alliant plusieurs sp\u00e9cialit\u00e9s. Son dynamisme et son approche originale vous permettront d&#8217;atteindre facilement vos objectifs.\u00a0Elle vous propose un atelier unique de 2 jours, alternant\u00a0hypnose, nutrition, \u00e9quilibrage des neurom\u00e9diateurs,&hellip; <\/p>\n","protected":false},"author":5,"featured_media":8107,"comment_status":"open","ping_status":"open","sticky":false,"template":"","format":"standard","meta":{"_monsterinsights_skip_tracking":false,"_monsterinsights_sitenote_active":false,"_monsterinsights_sitenote_note":"","_monsterinsights_sitenote_category":0,"footnotes":""},"categories":[348],"tags":[],"class_list":["post-8106","post","type-post","status-publish","format-standard","has-post-thumbnail","hentry","category-portrait-exposant"],"yoast_head":"<!-- This site is optimized with the Yoast SEO plugin v27.3 - https:\/\/yoast.com\/product\/yoast-seo-wordpress\/ -->\n<title>L&#039;essence de l&#039;\u00eatre - RESPIRE VANNES<\/title>\n<meta name=\"description\" content=\"Venez d\u00e9couvrir ou red\u00e9couvrir L&#039;essence de l&#039;\u00eatre lors du salon Respire la Vie Vannes du 19 au 21 janvier 2024 !\" \/>\n<meta name=\"robots\" content=\"index, follow, max-snippet:-1, max-image-preview:large, max-video-preview:-1\" \/>\n<link rel=\"canonical\" href=\"https:\/\/www.respirelavie.fr\/vannes\/blog\/2024\/01\/10\/lessence-de-letre\/\" \/>\n<meta property=\"og:locale\" content=\"fr_FR\" \/>\n<meta property=\"og:type\" content=\"article\" \/>\n<meta property=\"og:title\" content=\"L&#039;essence de l&#039;\u00eatre - RESPIRE VANNES\" \/>\n<meta property=\"og:description\" content=\"Venez d\u00e9couvrir ou red\u00e9couvrir L&#039;essence de l&#039;\u00eatre lors du salon Respire la Vie Vannes du 19 au 21 janvier 2024 !\" \/>\n<meta property=\"og:url\" content=\"https:\/\/www.respirelavie.fr\/vannes\/blog\/2024\/01\/10\/lessence-de-letre\/\" \/>\n<meta property=\"og:site_name\" content=\"RESPIRE VANNES\" \/>\n<meta property=\"article:published_time\" content=\"2024-01-10T15:35:17+00:00\" \/>\n<meta property=\"og:image\" content=\"https:\/\/www.respirelavie.fr\/vannes\/wp-content\/uploads\/sites\/4\/2023\/09\/1693647809-file1-unnamed-1.jpeg\" \/>\n\t<meta property=\"og:image:width\" content=\"840\" \/>\n\t<meta property=\"og:image:height\" content=\"1089\" \/>\n\t<meta property=\"og:image:type\" content=\"image\/jpeg\" \/>\n<meta name=\"author\" content=\"communication\" \/>\n<meta name=\"twitter:card\" content=\"summary_large_image\" \/>\n<meta name=\"twitter:label1\" content=\"\u00c9crit par\" \/>\n\t<meta name=\"twitter:data1\" content=\"communication\" \/>\n\t<meta name=\"twitter:label2\" content=\"Dur\u00e9e de lecture estim\u00e9e\" \/>\n\t<meta name=\"twitter:data2\" content=\"2 minutes\" \/>\n<script type=\"application\/ld+json\" class=\"yoast-schema-graph\">{\"@context\":\"https:\\\/\\\/schema.org\",\"@graph\":[{\"@type\":\"Article\",\"@id\":\"https:\\\/\\\/www.respirelavie.fr\\\/vannes\\\/blog\\\/2024\\\/01\\\/10\\\/lessence-de-letre\\\/#article\",\"isPartOf\":{\"@id\":\"https:\\\/\\\/www.respirelavie.fr\\\/vannes\\\/blog\\\/2024\\\/01\\\/10\\\/lessence-de-letre\\\/\"},\"author\":{\"name\":\"communication\",\"@id\":\"http:\\\/\\\/www.respirelavie.fr\\\/vannes\\\/#\\\/schema\\\/person\\\/773bfe7c31181098698bacd32c5d233c\"},\"headline\":\"L&#8217;essence de l&#8217;\u00eatre\",\"datePublished\":\"2024-01-10T15:35:17+00:00\",\"mainEntityOfPage\":{\"@id\":\"https:\\\/\\\/www.respirelavie.fr\\\/vannes\\\/blog\\\/2024\\\/01\\\/10\\\/lessence-de-letre\\\/\"},\"wordCount\":234,\"commentCount\":0,\"publisher\":{\"@id\":\"http:\\\/\\\/www.respirelavie.fr\\\/vannes\\\/#organization\"},\"image\":{\"@id\":\"https:\\\/\\\/www.respirelavie.fr\\\/vannes\\\/blog\\\/2024\\\/01\\\/10\\\/lessence-de-letre\\\/#primaryimage\"},\"thumbnailUrl\":\"https:\\\/\\\/www.respirelavie.fr\\\/vannes\\\/wp-content\\\/uploads\\\/sites\\\/4\\\/2023\\\/09\\\/1693647809-file1-unnamed-1.jpeg\",\"articleSection\":[\"portrait exposant\"],\"inLanguage\":\"fr-FR\",\"potentialAction\":[{\"@type\":\"CommentAction\",\"name\":\"Comment\",\"target\":[\"https:\\\/\\\/www.respirelavie.fr\\\/vannes\\\/blog\\\/2024\\\/01\\\/10\\\/lessence-de-letre\\\/#respond\"]}]},{\"@type\":\"WebPage\",\"@id\":\"https:\\\/\\\/www.respirelavie.fr\\\/vannes\\\/blog\\\/2024\\\/01\\\/10\\\/lessence-de-letre\\\/\",\"url\":\"https:\\\/\\\/www.respirelavie.fr\\\/vannes\\\/blog\\\/2024\\\/01\\\/10\\\/lessence-de-letre\\\/\",\"name\":\"L'essence de l'\u00eatre - RESPIRE VANNES\",\"isPartOf\":{\"@id\":\"http:\\\/\\\/www.respirelavie.fr\\\/vannes\\\/#website\"},\"primaryImageOfPage\":{\"@id\":\"https:\\\/\\\/www.respirelavie.fr\\\/vannes\\\/blog\\\/2024\\\/01\\\/10\\\/lessence-de-letre\\\/#primaryimage\"},\"image\":{\"@id\":\"https:\\\/\\\/www.respirelavie.fr\\\/vannes\\\/blog\\\/2024\\\/01\\\/10\\\/lessence-de-letre\\\/#primaryimage\"},\"thumbnailUrl\":\"https:\\\/\\\/www.respirelavie.fr\\\/vannes\\\/wp-content\\\/uploads\\\/sites\\\/4\\\/2023\\\/09\\\/1693647809-file1-unnamed-1.jpeg\",\"datePublished\":\"2024-01-10T15:35:17+00:00\",\"description\":\"Venez d\u00e9couvrir ou red\u00e9couvrir L'essence de l'\u00eatre lors du salon Respire la Vie Vannes du 19 au 21 janvier 2024 !\",\"breadcrumb\":{\"@id\":\"https:\\\/\\\/www.respirelavie.fr\\\/vannes\\\/blog\\\/2024\\\/01\\\/10\\\/lessence-de-letre\\\/#breadcrumb\"},\"inLanguage\":\"fr-FR\",\"potentialAction\":[{\"@type\":\"ReadAction\",\"target\":[\"https:\\\/\\\/www.respirelavie.fr\\\/vannes\\\/blog\\\/2024\\\/01\\\/10\\\/lessence-de-letre\\\/\"]}]},{\"@type\":\"ImageObject\",\"inLanguage\":\"fr-FR\",\"@id\":\"https:\\\/\\\/www.respirelavie.fr\\\/vannes\\\/blog\\\/2024\\\/01\\\/10\\\/lessence-de-letre\\\/#primaryimage\",\"url\":\"https:\\\/\\\/www.respirelavie.fr\\\/vannes\\\/wp-content\\\/uploads\\\/sites\\\/4\\\/2023\\\/09\\\/1693647809-file1-unnamed-1.jpeg\",\"contentUrl\":\"https:\\\/\\\/www.respirelavie.fr\\\/vannes\\\/wp-content\\\/uploads\\\/sites\\\/4\\\/2023\\\/09\\\/1693647809-file1-unnamed-1.jpeg\",\"width\":840,\"height\":1089},{\"@type\":\"BreadcrumbList\",\"@id\":\"https:\\\/\\\/www.respirelavie.fr\\\/vannes\\\/blog\\\/2024\\\/01\\\/10\\\/lessence-de-letre\\\/#breadcrumb\",\"itemListElement\":[{\"@type\":\"ListItem\",\"position\":1,\"name\":\"Accueil\",\"item\":\"http:\\\/\\\/www.respirelavie.fr\\\/vannes\\\/\"},{\"@type\":\"ListItem\",\"position\":2,\"name\":\"L&#8217;essence de l&#8217;\u00eatre\"}]},{\"@type\":\"WebSite\",\"@id\":\"http:\\\/\\\/www.respirelavie.fr\\\/vannes\\\/#website\",\"url\":\"http:\\\/\\\/www.respirelavie.fr\\\/vannes\\\/\",\"name\":\"RESPIRE VANNES\",\"description\":\"RESPIRE : votre salon bio, bien-\u00eatre et habitat sain \u00e0 Vannes\",\"publisher\":{\"@id\":\"http:\\\/\\\/www.respirelavie.fr\\\/vannes\\\/#organization\"},\"potentialAction\":[{\"@type\":\"SearchAction\",\"target\":{\"@type\":\"EntryPoint\",\"urlTemplate\":\"http:\\\/\\\/www.respirelavie.fr\\\/vannes\\\/?s={search_term_string}\"},\"query-input\":{\"@type\":\"PropertyValueSpecification\",\"valueRequired\":true,\"valueName\":\"search_term_string\"}}],\"inLanguage\":\"fr-FR\"},{\"@type\":\"Organization\",\"@id\":\"http:\\\/\\\/www.respirelavie.fr\\\/vannes\\\/#organization\",\"name\":\"RESPIRE VANNES\",\"url\":\"http:\\\/\\\/www.respirelavie.fr\\\/vannes\\\/\",\"logo\":{\"@type\":\"ImageObject\",\"inLanguage\":\"fr-FR\",\"@id\":\"http:\\\/\\\/www.respirelavie.fr\\\/vannes\\\/#\\\/schema\\\/logo\\\/image\\\/\",\"url\":\"https:\\\/\\\/www.respirelavie.fr\\\/vannes\\\/wp-content\\\/uploads\\\/sites\\\/4\\\/2024\\\/10\\\/cropped-cropped-cropped-Logo-RESPIRE-vannes-2025-1-1.png\",\"contentUrl\":\"https:\\\/\\\/www.respirelavie.fr\\\/vannes\\\/wp-content\\\/uploads\\\/sites\\\/4\\\/2024\\\/10\\\/cropped-cropped-cropped-Logo-RESPIRE-vannes-2025-1-1.png\",\"width\":797,\"height\":145,\"caption\":\"RESPIRE VANNES\"},\"image\":{\"@id\":\"http:\\\/\\\/www.respirelavie.fr\\\/vannes\\\/#\\\/schema\\\/logo\\\/image\\\/\"}},{\"@type\":\"Person\",\"@id\":\"http:\\\/\\\/www.respirelavie.fr\\\/vannes\\\/#\\\/schema\\\/person\\\/773bfe7c31181098698bacd32c5d233c\",\"name\":\"communication\",\"image\":{\"@type\":\"ImageObject\",\"inLanguage\":\"fr-FR\",\"@id\":\"https:\\\/\\\/secure.gravatar.com\\\/avatar\\\/0f49d5b7ab56355ffa797b3ce25e4f2375cedf6bc9afe416fe669342c3524275?s=96&d=mm&r=g\",\"url\":\"https:\\\/\\\/secure.gravatar.com\\\/avatar\\\/0f49d5b7ab56355ffa797b3ce25e4f2375cedf6bc9afe416fe669342c3524275?s=96&d=mm&r=g\",\"contentUrl\":\"https:\\\/\\\/secure.gravatar.com\\\/avatar\\\/0f49d5b7ab56355ffa797b3ce25e4f2375cedf6bc9afe416fe669342c3524275?s=96&d=mm&r=g\",\"caption\":\"communication\"},\"url\":\"https:\\\/\\\/www.respirelavie.fr\\\/vannes\\\/blog\\\/author\\\/communication\\\/\"}]}<\/script>\n<!-- \/ Yoast SEO plugin. -->","yoast_head_json":{"title":"L'essence de l'\u00eatre - RESPIRE VANNES","description":"Venez d\u00e9couvrir ou red\u00e9couvrir L'essence de l'\u00eatre lors du salon Respire la Vie Vannes du 19 au 21 janvier 2024 !","robots":{"index":"index","follow":"follow","max-snippet":"max-snippet:-1","max-image-preview":"max-image-preview:large","max-video-preview":"max-video-preview:-1"},"canonical":"https:\/\/www.respirelavie.fr\/vannes\/blog\/2024\/01\/10\/lessence-de-letre\/","og_locale":"fr_FR","og_type":"article","og_title":"L'essence de l'\u00eatre - RESPIRE VANNES","og_description":"Venez d\u00e9couvrir ou red\u00e9couvrir L'essence de l'\u00eatre lors du salon Respire la Vie Vannes du 19 au 21 janvier 2024 !","og_url":"https:\/\/www.respirelavie.fr\/vannes\/blog\/2024\/01\/10\/lessence-de-letre\/","og_site_name":"RESPIRE VANNES","article_published_time":"2024-01-10T15:35:17+00:00","og_image":[{"width":840,"height":1089,"url":"https:\/\/www.respirelavie.fr\/vannes\/wp-content\/uploads\/sites\/4\/2023\/09\/1693647809-file1-unnamed-1.jpeg","type":"image\/jpeg"}],"author":"communication","twitter_card":"summary_large_image","twitter_misc":{"\u00c9crit par":"communication","Dur\u00e9e de lecture estim\u00e9e":"2 minutes"},"schema":{"@context":"https:\/\/schema.org","@graph":[{"@type":"Article","@id":"https:\/\/www.respirelavie.fr\/vannes\/blog\/2024\/01\/10\/lessence-de-letre\/#article","isPartOf":{"@id":"https:\/\/www.respirelavie.fr\/vannes\/blog\/2024\/01\/10\/lessence-de-letre\/"},"author":{"name":"communication","@id":"http:\/\/www.respirelavie.fr\/vannes\/#\/schema\/person\/773bfe7c31181098698bacd32c5d233c"},"headline":"L&#8217;essence de l&#8217;\u00eatre","datePublished":"2024-01-10T15:35:17+00:00","mainEntityOfPage":{"@id":"https:\/\/www.respirelavie.fr\/vannes\/blog\/2024\/01\/10\/lessence-de-letre\/"},"wordCount":234,"commentCount":0,"publisher":{"@id":"http:\/\/www.respirelavie.fr\/vannes\/#organization"},"image":{"@id":"https:\/\/www.respirelavie.fr\/vannes\/blog\/2024\/01\/10\/lessence-de-letre\/#primaryimage"},"thumbnailUrl":"https:\/\/www.respirelavie.fr\/vannes\/wp-content\/uploads\/sites\/4\/2023\/09\/1693647809-file1-unnamed-1.jpeg","articleSection":["portrait exposant"],"inLanguage":"fr-FR","potentialAction":[{"@type":"CommentAction","name":"Comment","target":["https:\/\/www.respirelavie.fr\/vannes\/blog\/2024\/01\/10\/lessence-de-letre\/#respond"]}]},{"@type":"WebPage","@id":"https:\/\/www.respirelavie.fr\/vannes\/blog\/2024\/01\/10\/lessence-de-letre\/","url":"https:\/\/www.respirelavie.fr\/vannes\/blog\/2024\/01\/10\/lessence-de-letre\/","name":"L'essence de l'\u00eatre - RESPIRE VANNES","isPartOf":{"@id":"http:\/\/www.respirelavie.fr\/vannes\/#website"},"primaryImageOfPage":{"@id":"https:\/\/www.respirelavie.fr\/vannes\/blog\/2024\/01\/10\/lessence-de-letre\/#primaryimage"},"image":{"@id":"https:\/\/www.respirelavie.fr\/vannes\/blog\/2024\/01\/10\/lessence-de-letre\/#primaryimage"},"thumbnailUrl":"https:\/\/www.respirelavie.fr\/vannes\/wp-content\/uploads\/sites\/4\/2023\/09\/1693647809-file1-unnamed-1.jpeg","datePublished":"2024-01-10T15:35:17+00:00","description":"Venez d\u00e9couvrir ou red\u00e9couvrir L'essence de l'\u00eatre lors du salon Respire la Vie Vannes du 19 au 21 janvier 2024 !","breadcrumb":{"@id":"https:\/\/www.respirelavie.fr\/vannes\/blog\/2024\/01\/10\/lessence-de-letre\/#breadcrumb"},"inLanguage":"fr-FR","potentialAction":[{"@type":"ReadAction","target":["https:\/\/www.respirelavie.fr\/vannes\/blog\/2024\/01\/10\/lessence-de-letre\/"]}]},{"@type":"ImageObject","inLanguage":"fr-FR","@id":"https:\/\/www.respirelavie.fr\/vannes\/blog\/2024\/01\/10\/lessence-de-letre\/#primaryimage","url":"https:\/\/www.respirelavie.fr\/vannes\/wp-content\/uploads\/sites\/4\/2023\/09\/1693647809-file1-unnamed-1.jpeg","contentUrl":"https:\/\/www.respirelavie.fr\/vannes\/wp-content\/uploads\/sites\/4\/2023\/09\/1693647809-file1-unnamed-1.jpeg","width":840,"height":1089},{"@type":"BreadcrumbList","@id":"https:\/\/www.respirelavie.fr\/vannes\/blog\/2024\/01\/10\/lessence-de-letre\/#breadcrumb","itemListElement":[{"@type":"ListItem","position":1,"name":"Accueil","item":"http:\/\/www.respirelavie.fr\/vannes\/"},{"@type":"ListItem","position":2,"name":"L&#8217;essence de l&#8217;\u00eatre"}]},{"@type":"WebSite","@id":"http:\/\/www.respirelavie.fr\/vannes\/#website","url":"http:\/\/www.respirelavie.fr\/vannes\/","name":"RESPIRE VANNES","description":"RESPIRE : votre salon bio, bien-\u00eatre et habitat sain \u00e0 Vannes","publisher":{"@id":"http:\/\/www.respirelavie.fr\/vannes\/#organization"},"potentialAction":[{"@type":"SearchAction","target":{"@type":"EntryPoint","urlTemplate":"http:\/\/www.respirelavie.fr\/vannes\/?s={search_term_string}"},"query-input":{"@type":"PropertyValueSpecification","valueRequired":true,"valueName":"search_term_string"}}],"inLanguage":"fr-FR"},{"@type":"Organization","@id":"http:\/\/www.respirelavie.fr\/vannes\/#organization","name":"RESPIRE VANNES","url":"http:\/\/www.respirelavie.fr\/vannes\/","logo":{"@type":"ImageObject","inLanguage":"fr-FR","@id":"http:\/\/www.respirelavie.fr\/vannes\/#\/schema\/logo\/image\/","url":"https:\/\/www.respirelavie.fr\/vannes\/wp-content\/uploads\/sites\/4\/2024\/10\/cropped-cropped-cropped-Logo-RESPIRE-vannes-2025-1-1.png","contentUrl":"https:\/\/www.respirelavie.fr\/vannes\/wp-content\/uploads\/sites\/4\/2024\/10\/cropped-cropped-cropped-Logo-RESPIRE-vannes-2025-1-1.png","width":797,"height":145,"caption":"RESPIRE VANNES"},"image":{"@id":"http:\/\/www.respirelavie.fr\/vannes\/#\/schema\/logo\/image\/"}},{"@type":"Person","@id":"http:\/\/www.respirelavie.fr\/vannes\/#\/schema\/person\/773bfe7c31181098698bacd32c5d233c","name":"communication","image":{"@type":"ImageObject","inLanguage":"fr-FR","@id":"https:\/\/secure.gravatar.com\/avatar\/0f49d5b7ab56355ffa797b3ce25e4f2375cedf6bc9afe416fe669342c3524275?s=96&d=mm&r=g","url":"https:\/\/secure.gravatar.com\/avatar\/0f49d5b7ab56355ffa797b3ce25e4f2375cedf6bc9afe416fe669342c3524275?s=96&d=mm&r=g","contentUrl":"https:\/\/secure.gravatar.com\/avatar\/0f49d5b7ab56355ffa797b3ce25e4f2375cedf6bc9afe416fe669342c3524275?s=96&d=mm&r=g","caption":"communication"},"url":"https:\/\/www.respirelavie.fr\/vannes\/blog\/author\/communication\/"}]}},"_links":{"self":[{"href":"https:\/\/www.respirelavie.fr\/vannes\/wp-json\/wp\/v2\/posts\/8106","targetHints":{"allow":["GET"]}}],"collection":[{"href":"https:\/\/www.respirelavie.fr\/vannes\/wp-json\/wp\/v2\/posts"}],"about":[{"href":"https:\/\/www.respirelavie.fr\/vannes\/wp-json\/wp\/v2\/types\/post"}],"author":[{"embeddable":true,"href":"https:\/\/www.respirelavie.fr\/vannes\/wp-json\/wp\/v2\/users\/5"}],"replies":[{"embeddable":true,"href":"https:\/\/www.respirelavie.fr\/vannes\/wp-json\/wp\/v2\/comments?post=8106"}],"version-history":[{"count":3,"href":"https:\/\/www.respirelavie.fr\/vannes\/wp-json\/wp\/v2\/posts\/8106\/revisions"}],"predecessor-version":[{"id":8672,"href":"https:\/\/www.respirelavie.fr\/vannes\/wp-json\/wp\/v2\/posts\/8106\/revisions\/8672"}],"wp:featuredmedia":[{"embeddable":true,"href":"https:\/\/www.respirelavie.fr\/vannes\/wp-json\/wp\/v2\/media\/8107"}],"wp:attachment":[{"href":"https:\/\/www.respirelavie.fr\/vannes\/wp-json\/wp\/v2\/media?parent=8106"}],"wp:term":[{"taxonomy":"category","embeddable":true,"href":"https:\/\/www.respirelavie.fr\/vannes\/wp-json\/wp\/v2\/categories?post=8106"},{"taxonomy":"post_tag","embeddable":true,"href":"https:\/\/www.respirelavie.fr\/vannes\/wp-json\/wp\/v2\/tags?post=8106"}],"curies":[{"name":"wp","href":"https:\/\/api.w.org\/{rel}","templated":true}]}}