{"id":8652,"date":"2024-01-10T17:42:40","date_gmt":"2024-01-10T16:42:40","guid":{"rendered":"https:\/\/www.respirelavie.fr\/vannes\/?p=8652"},"modified":"2024-01-10T17:42:40","modified_gmt":"2024-01-10T16:42:40","slug":"mama-sango","status":"publish","type":"post","link":"https:\/\/www.respirelavie.fr\/vannes\/blog\/2024\/01\/10\/mama-sango\/","title":{"rendered":"Mama Sango"},"content":{"rendered":"<h2>Pr\u00e9sentez-vous en quelques mots<\/h2>\n<p><span id=\"p123\">Mama\u00a0<span id=\"136\" class=\"s-rg\">Sango<\/span>\u00a0est une\u00a0entreprise\u00a0fond\u00e9e en 2011 par\u00a0<span id=\"138\" class=\"s-rg\">Z\u00e9na<\/span>\u00a0Barry Sapin\u00a0<span id=\"p122\">(apr\u00e8s 4 ans de recherches et d\u00e9veloppement pour r\u00e9aliser le\u00a0<span id=\"135\" class=\"s-rg\">sourcing<\/span>\u00a0et le r\u00e9f\u00e9rencement des fournisseurs de mati\u00e8res premi\u00e8res v\u00e9g\u00e9tales certifi\u00e9es biologiques, \u00e9laborer les formules, constituer tous les produits, effectuer les diff\u00e9rents tests et d\u00e9marches r\u00e9glementaires avant la mise sur le march\u00e9)<\/span>.<\/span><\/p>\n<p><span id=\"p125\">La valorisation du Vrai Beurre de Karit\u00e9\u00a0<span id=\"139\" class=\"s-rg\">made<\/span>\u00a0in Guin\u00e9e By Mama\u00a0<span id=\"140\" class=\"s-rg\">Sango<\/span>\u00a0pour permettre aux Femmes productrices de cette merveille de la Nature \u00e0 vivre du fruit de leur travail en percevant une r\u00e9mun\u00e9ration juste et \u00e9quitable\u00a0<span id=\"p124\">(prix fix\u00e9 par elles-m\u00eames)<\/span> e<span id=\"141\" class=\"s-rg\">t<\/span>\u00a0faire conna\u00eetre le Vrai Karit\u00e9 en France et ailleurs, sont les principales raisons de la cr\u00e9ation de Mama\u00a0<span id=\"142\" class=\"s-rg\">Sango<\/span>.<br \/>\n<\/span><span id=\"p126\">Le Beurre de Karit\u00e9 Mama\u00a0<span id=\"143\" class=\"s-rg\">Sango<\/span>\u00a0est garanti sans r\u00e9sidus de pesticides, sans conservateurs, sans\u00a0anti-oxyg\u00e8ne, sans paraben, sans paraffine, sans parfum de synth\u00e8se.<\/span><br \/>\n<span id=\"p128\">Il est extrait \u00e0 la main par les Femmes en Guin\u00e9e\u00a0<span id=\"p127\">(dans le Village des\u00a0grands-parents\u00a0de\u00a0<span id=\"146\" class=\"s-rg\">Z\u00e9na<\/span>)<\/span>\u00a0sans aucun traitement chimique.<\/span><br \/>\n<span id=\"p129\">Purifi\u00e9 par une technique traditionnelle mill\u00e9naire, elle nous permet d\u2019avoir la meilleure qualit\u00e9 de KARIT\u00c9, riche de ses principes actifs naturellement pr\u00e9sents et pr\u00e9serv\u00e9s.<\/span><\/p>\n<p><span id=\"p130\">Mama\u00a0<span id=\"147\" class=\"s-rg\">Sango<\/span> fabrique et distribue des produits de soins, d&#8217;hygi\u00e8ne, bien-\u00eatre et nutrition au Vrai Karit\u00e9 brut, non raffin\u00e9, \u00e9co-responsable et alimentaire, tous fabriqu\u00e9s dans le respect de la r\u00e9glementation fran\u00e7aise et Europ\u00e9enne.<\/span><br \/>\n<span id=\"p131\">Chez Mama Sango, nous misons beaucoup sur l\u2019agriculture biologique, le d\u00e9veloppement durable, l\u2019\u00e9co-responsabilit\u00e9 et le commerce \u00e9quitable, un de nos objectifs \u00e9tant de promouvoir et favoriser le d\u00e9veloppement des communaut\u00e9s productrices de notre Beurre de Karit\u00e9 brut et non raffin\u00e9, issu de Culture Durable en Guin\u00e9e ainsi que nos huiles v\u00e9g\u00e9tales et essentielles issues de l\u2019agriculture biologique en France. Le but est de sauvegarder les emplois et garantir \u00e9galement un revenu juste et r\u00e9gulier aux diff\u00e9rents acteurs des fili\u00e8res en question.<\/span><\/p>\n<p><span id=\"p134\">Lors de cet \u00e9v\u00e9nement, nous vous parlerons du Vrai Beurre de Karit\u00e9 dans toutes ses d\u00e9clinaisons\u00a0<span id=\"p133\">(soins, hygi\u00e8ne, bien-\u00eatre et dans l\u2019alimentation \u00e9galement)<\/span>, avec \u00e0 la clef une d\u00e9gustation de cookies bio au Karit\u00e9 Gastronomique Mama\u00a0<span id=\"149\">Sango<\/span>\u00a0<span id=\"p132\">(Premi\u00e8re et Unique Enseigne de Karit\u00e9 Gastronomique en France)<\/span>\u00a0lors de l&#8217;a<span id=\"150\">telier \/ conf\u00e9rence<\/span>\u00a0qui sera anim\u00e9 par\u00a0<span id=\"151\">Z\u00e9na<\/span>\u00a0la Fondatrice de Mama\u00a0<span id=\"152\">Sango<\/span>.<\/span><\/p>\n<h2>Que propose Mama Sango sur le salon ?<\/h2>\n<p><img decoding=\"async\" class=\"size-medium wp-image-8653 alignleft\" src=\"https:\/\/www.respirelavie.fr\/vannes\/wp-content\/uploads\/sites\/4\/2024\/01\/1704791377-file1-Photo-Mama-Sango-Mme-Zenab-Barry-Sapin-139x300.jpg\" alt=\"Mama Sango - beurre karit\u00e9\" width=\"139\" height=\"300\" srcset=\"https:\/\/www.respirelavie.fr\/vannes\/wp-content\/uploads\/sites\/4\/2024\/01\/1704791377-file1-Photo-Mama-Sango-Mme-Zenab-Barry-Sapin-139x300.jpg 139w, https:\/\/www.respirelavie.fr\/vannes\/wp-content\/uploads\/sites\/4\/2024\/01\/1704791377-file1-Photo-Mama-Sango-Mme-Zenab-Barry-Sapin-473x1024.jpg 473w, https:\/\/www.respirelavie.fr\/vannes\/wp-content\/uploads\/sites\/4\/2024\/01\/1704791377-file1-Photo-Mama-Sango-Mme-Zenab-Barry-Sapin-709x1536.jpg 709w, https:\/\/www.respirelavie.fr\/vannes\/wp-content\/uploads\/sites\/4\/2024\/01\/1704791377-file1-Photo-Mama-Sango-Mme-Zenab-Barry-Sapin-150x325.jpg 150w, https:\/\/www.respirelavie.fr\/vannes\/wp-content\/uploads\/sites\/4\/2024\/01\/1704791377-file1-Photo-Mama-Sango-Mme-Zenab-Barry-Sapin-231x500.jpg 231w, https:\/\/www.respirelavie.fr\/vannes\/wp-content\/uploads\/sites\/4\/2024\/01\/1704791377-file1-Photo-Mama-Sango-Mme-Zenab-Barry-Sapin.jpg 739w\" sizes=\"(max-width: 139px) 100vw, 139px\" \/><\/p>\n<p>&nbsp;<\/p>\n<p>&nbsp;<\/p>\n<p><span id=\"p162\">Nous proposons du <a href=\"https:\/\/www.mama-sango.net\/corps.html\" target=\"_blank\" rel=\"noopener\">Vrai Beurre de Karit\u00e9<\/a> Pur et comestible\u00a0<span id=\"p161\">(Premi\u00e8re marque de Karit\u00e9\u00a0reconnut\u00a0gastronomique\u00a0en\u00a0<span id=\"166\">France<\/span>)<\/span>.<\/span><br \/>\n<span id=\"p163\">Des produits de soins pour le corps, le visage, les mains et les pieds.<\/span><\/p>\n<h2><\/h2>\n<p>&nbsp;<\/p>\n<h2><\/h2>\n<h2><\/h2>\n<h2><\/h2>\n<h2>Parlez-nous de votre relation avec le salon<\/h2>\n<p>Nous faisons le Salon Respire la vie Vannes depuis de nombreuses ann\u00e9es maintenant et y avons une client\u00e8le fid\u00e8le.<\/p>\n<h2>Quelle est votre devise ?<\/h2>\n<p>Valorisons les produits naturels, durables et biologiques pour des soins d&#8217;excellence, la sant\u00e9 au naturel et le bien-\u00eatre.<\/p>\n<p class=\"p1\"><span class=\"s1\"><a href=\"https:\/\/www.respirelavie.fr\/vannes\/visiter\/liste-des-exposants\/\" target=\"_blank\" rel=\"noopener\"><i>Consultez la liste des exposants<\/i><\/a><\/span><\/p>\n","protected":false},"excerpt":{"rendered":"<p>Pr\u00e9sentez-vous en quelques mots Mama\u00a0Sango\u00a0est une\u00a0entreprise\u00a0fond\u00e9e en 2011 par\u00a0Z\u00e9na\u00a0Barry Sapin\u00a0(apr\u00e8s 4 ans de recherches et d\u00e9veloppement pour r\u00e9aliser le\u00a0sourcing\u00a0et le r\u00e9f\u00e9rencement des fournisseurs de mati\u00e8res premi\u00e8res v\u00e9g\u00e9tales certifi\u00e9es biologiques, \u00e9laborer les formules, constituer tous les produits, effectuer les diff\u00e9rents tests et d\u00e9marches r\u00e9glementaires avant la mise sur le march\u00e9). La valorisation du Vrai Beurre de&hellip; <\/p>\n","protected":false},"author":5,"featured_media":8653,"comment_status":"open","ping_status":"open","sticky":false,"template":"","format":"standard","meta":{"_monsterinsights_skip_tracking":false,"_monsterinsights_sitenote_active":false,"_monsterinsights_sitenote_note":"","_monsterinsights_sitenote_category":0,"footnotes":""},"categories":[348],"tags":[],"class_list":["post-8652","post","type-post","status-publish","format-standard","has-post-thumbnail","hentry","category-portrait-exposant"],"yoast_head":"<!-- This site is optimized with the Yoast SEO plugin v27.3 - https:\/\/yoast.com\/product\/yoast-seo-wordpress\/ -->\n<title>Mama Sango - RESPIRE VANNES<\/title>\n<meta name=\"description\" content=\"Venez d\u00e9couvrir ou red\u00e9couvrir Mama Sango lors du salon Respire la Vie Vannes du 19 au 21 janvier 2024 !\" \/>\n<meta name=\"robots\" content=\"index, follow, max-snippet:-1, max-image-preview:large, max-video-preview:-1\" \/>\n<link rel=\"canonical\" href=\"https:\/\/www.respirelavie.fr\/vannes\/blog\/2024\/01\/10\/mama-sango\/\" \/>\n<meta property=\"og:locale\" content=\"fr_FR\" \/>\n<meta property=\"og:type\" content=\"article\" \/>\n<meta property=\"og:title\" content=\"Mama Sango - RESPIRE VANNES\" \/>\n<meta property=\"og:description\" content=\"Venez d\u00e9couvrir ou red\u00e9couvrir Mama Sango lors du salon Respire la Vie Vannes du 19 au 21 janvier 2024 !\" \/>\n<meta property=\"og:url\" content=\"https:\/\/www.respirelavie.fr\/vannes\/blog\/2024\/01\/10\/mama-sango\/\" \/>\n<meta property=\"og:site_name\" content=\"RESPIRE VANNES\" \/>\n<meta property=\"article:published_time\" content=\"2024-01-10T16:42:40+00:00\" \/>\n<meta property=\"og:image\" content=\"https:\/\/www.respirelavie.fr\/vannes\/wp-content\/uploads\/sites\/4\/2024\/01\/1704791377-file1-Photo-Mama-Sango-Mme-Zenab-Barry-Sapin.jpg\" \/>\n\t<meta property=\"og:image:width\" content=\"739\" \/>\n\t<meta property=\"og:image:height\" content=\"1600\" \/>\n\t<meta property=\"og:image:type\" content=\"image\/jpeg\" \/>\n<meta name=\"author\" content=\"communication\" \/>\n<meta name=\"twitter:card\" content=\"summary_large_image\" \/>\n<meta name=\"twitter:label1\" content=\"\u00c9crit par\" \/>\n\t<meta name=\"twitter:data1\" content=\"communication\" \/>\n\t<meta name=\"twitter:label2\" content=\"Dur\u00e9e de lecture estim\u00e9e\" \/>\n\t<meta name=\"twitter:data2\" content=\"3 minutes\" \/>\n<script type=\"application\/ld+json\" class=\"yoast-schema-graph\">{\"@context\":\"https:\\\/\\\/schema.org\",\"@graph\":[{\"@type\":\"Article\",\"@id\":\"https:\\\/\\\/www.respirelavie.fr\\\/vannes\\\/blog\\\/2024\\\/01\\\/10\\\/mama-sango\\\/#article\",\"isPartOf\":{\"@id\":\"https:\\\/\\\/www.respirelavie.fr\\\/vannes\\\/blog\\\/2024\\\/01\\\/10\\\/mama-sango\\\/\"},\"author\":{\"name\":\"communication\",\"@id\":\"http:\\\/\\\/www.respirelavie.fr\\\/vannes\\\/#\\\/schema\\\/person\\\/773bfe7c31181098698bacd32c5d233c\"},\"headline\":\"Mama Sango\",\"datePublished\":\"2024-01-10T16:42:40+00:00\",\"mainEntityOfPage\":{\"@id\":\"https:\\\/\\\/www.respirelavie.fr\\\/vannes\\\/blog\\\/2024\\\/01\\\/10\\\/mama-sango\\\/\"},\"wordCount\":523,\"commentCount\":0,\"publisher\":{\"@id\":\"http:\\\/\\\/www.respirelavie.fr\\\/vannes\\\/#organization\"},\"image\":{\"@id\":\"https:\\\/\\\/www.respirelavie.fr\\\/vannes\\\/blog\\\/2024\\\/01\\\/10\\\/mama-sango\\\/#primaryimage\"},\"thumbnailUrl\":\"https:\\\/\\\/www.respirelavie.fr\\\/vannes\\\/wp-content\\\/uploads\\\/sites\\\/4\\\/2024\\\/01\\\/1704791377-file1-Photo-Mama-Sango-Mme-Zenab-Barry-Sapin.jpg\",\"articleSection\":[\"portrait exposant\"],\"inLanguage\":\"fr-FR\",\"potentialAction\":[{\"@type\":\"CommentAction\",\"name\":\"Comment\",\"target\":[\"https:\\\/\\\/www.respirelavie.fr\\\/vannes\\\/blog\\\/2024\\\/01\\\/10\\\/mama-sango\\\/#respond\"]}]},{\"@type\":\"WebPage\",\"@id\":\"https:\\\/\\\/www.respirelavie.fr\\\/vannes\\\/blog\\\/2024\\\/01\\\/10\\\/mama-sango\\\/\",\"url\":\"https:\\\/\\\/www.respirelavie.fr\\\/vannes\\\/blog\\\/2024\\\/01\\\/10\\\/mama-sango\\\/\",\"name\":\"Mama Sango - RESPIRE VANNES\",\"isPartOf\":{\"@id\":\"http:\\\/\\\/www.respirelavie.fr\\\/vannes\\\/#website\"},\"primaryImageOfPage\":{\"@id\":\"https:\\\/\\\/www.respirelavie.fr\\\/vannes\\\/blog\\\/2024\\\/01\\\/10\\\/mama-sango\\\/#primaryimage\"},\"image\":{\"@id\":\"https:\\\/\\\/www.respirelavie.fr\\\/vannes\\\/blog\\\/2024\\\/01\\\/10\\\/mama-sango\\\/#primaryimage\"},\"thumbnailUrl\":\"https:\\\/\\\/www.respirelavie.fr\\\/vannes\\\/wp-content\\\/uploads\\\/sites\\\/4\\\/2024\\\/01\\\/1704791377-file1-Photo-Mama-Sango-Mme-Zenab-Barry-Sapin.jpg\",\"datePublished\":\"2024-01-10T16:42:40+00:00\",\"description\":\"Venez d\u00e9couvrir ou red\u00e9couvrir Mama Sango lors du salon Respire la Vie Vannes du 19 au 21 janvier 2024 !\",\"breadcrumb\":{\"@id\":\"https:\\\/\\\/www.respirelavie.fr\\\/vannes\\\/blog\\\/2024\\\/01\\\/10\\\/mama-sango\\\/#breadcrumb\"},\"inLanguage\":\"fr-FR\",\"potentialAction\":[{\"@type\":\"ReadAction\",\"target\":[\"https:\\\/\\\/www.respirelavie.fr\\\/vannes\\\/blog\\\/2024\\\/01\\\/10\\\/mama-sango\\\/\"]}]},{\"@type\":\"ImageObject\",\"inLanguage\":\"fr-FR\",\"@id\":\"https:\\\/\\\/www.respirelavie.fr\\\/vannes\\\/blog\\\/2024\\\/01\\\/10\\\/mama-sango\\\/#primaryimage\",\"url\":\"https:\\\/\\\/www.respirelavie.fr\\\/vannes\\\/wp-content\\\/uploads\\\/sites\\\/4\\\/2024\\\/01\\\/1704791377-file1-Photo-Mama-Sango-Mme-Zenab-Barry-Sapin.jpg\",\"contentUrl\":\"https:\\\/\\\/www.respirelavie.fr\\\/vannes\\\/wp-content\\\/uploads\\\/sites\\\/4\\\/2024\\\/01\\\/1704791377-file1-Photo-Mama-Sango-Mme-Zenab-Barry-Sapin.jpg\",\"width\":739,\"height\":1600,\"caption\":\"Mama Sango - beurre karit\u00e9\"},{\"@type\":\"BreadcrumbList\",\"@id\":\"https:\\\/\\\/www.respirelavie.fr\\\/vannes\\\/blog\\\/2024\\\/01\\\/10\\\/mama-sango\\\/#breadcrumb\",\"itemListElement\":[{\"@type\":\"ListItem\",\"position\":1,\"name\":\"Accueil\",\"item\":\"http:\\\/\\\/www.respirelavie.fr\\\/vannes\\\/\"},{\"@type\":\"ListItem\",\"position\":2,\"name\":\"Mama Sango\"}]},{\"@type\":\"WebSite\",\"@id\":\"http:\\\/\\\/www.respirelavie.fr\\\/vannes\\\/#website\",\"url\":\"http:\\\/\\\/www.respirelavie.fr\\\/vannes\\\/\",\"name\":\"RESPIRE VANNES\",\"description\":\"RESPIRE : votre salon bio, bien-\u00eatre et habitat sain \u00e0 Vannes\",\"publisher\":{\"@id\":\"http:\\\/\\\/www.respirelavie.fr\\\/vannes\\\/#organization\"},\"potentialAction\":[{\"@type\":\"SearchAction\",\"target\":{\"@type\":\"EntryPoint\",\"urlTemplate\":\"http:\\\/\\\/www.respirelavie.fr\\\/vannes\\\/?s={search_term_string}\"},\"query-input\":{\"@type\":\"PropertyValueSpecification\",\"valueRequired\":true,\"valueName\":\"search_term_string\"}}],\"inLanguage\":\"fr-FR\"},{\"@type\":\"Organization\",\"@id\":\"http:\\\/\\\/www.respirelavie.fr\\\/vannes\\\/#organization\",\"name\":\"RESPIRE VANNES\",\"url\":\"http:\\\/\\\/www.respirelavie.fr\\\/vannes\\\/\",\"logo\":{\"@type\":\"ImageObject\",\"inLanguage\":\"fr-FR\",\"@id\":\"http:\\\/\\\/www.respirelavie.fr\\\/vannes\\\/#\\\/schema\\\/logo\\\/image\\\/\",\"url\":\"https:\\\/\\\/www.respirelavie.fr\\\/vannes\\\/wp-content\\\/uploads\\\/sites\\\/4\\\/2024\\\/10\\\/cropped-cropped-cropped-Logo-RESPIRE-vannes-2025-1-1.png\",\"contentUrl\":\"https:\\\/\\\/www.respirelavie.fr\\\/vannes\\\/wp-content\\\/uploads\\\/sites\\\/4\\\/2024\\\/10\\\/cropped-cropped-cropped-Logo-RESPIRE-vannes-2025-1-1.png\",\"width\":797,\"height\":145,\"caption\":\"RESPIRE VANNES\"},\"image\":{\"@id\":\"http:\\\/\\\/www.respirelavie.fr\\\/vannes\\\/#\\\/schema\\\/logo\\\/image\\\/\"}},{\"@type\":\"Person\",\"@id\":\"http:\\\/\\\/www.respirelavie.fr\\\/vannes\\\/#\\\/schema\\\/person\\\/773bfe7c31181098698bacd32c5d233c\",\"name\":\"communication\",\"image\":{\"@type\":\"ImageObject\",\"inLanguage\":\"fr-FR\",\"@id\":\"https:\\\/\\\/secure.gravatar.com\\\/avatar\\\/0f49d5b7ab56355ffa797b3ce25e4f2375cedf6bc9afe416fe669342c3524275?s=96&d=mm&r=g\",\"url\":\"https:\\\/\\\/secure.gravatar.com\\\/avatar\\\/0f49d5b7ab56355ffa797b3ce25e4f2375cedf6bc9afe416fe669342c3524275?s=96&d=mm&r=g\",\"contentUrl\":\"https:\\\/\\\/secure.gravatar.com\\\/avatar\\\/0f49d5b7ab56355ffa797b3ce25e4f2375cedf6bc9afe416fe669342c3524275?s=96&d=mm&r=g\",\"caption\":\"communication\"},\"url\":\"https:\\\/\\\/www.respirelavie.fr\\\/vannes\\\/blog\\\/author\\\/communication\\\/\"}]}<\/script>\n<!-- \/ Yoast SEO plugin. -->","yoast_head_json":{"title":"Mama Sango - RESPIRE VANNES","description":"Venez d\u00e9couvrir ou red\u00e9couvrir Mama Sango lors du salon Respire la Vie Vannes du 19 au 21 janvier 2024 !","robots":{"index":"index","follow":"follow","max-snippet":"max-snippet:-1","max-image-preview":"max-image-preview:large","max-video-preview":"max-video-preview:-1"},"canonical":"https:\/\/www.respirelavie.fr\/vannes\/blog\/2024\/01\/10\/mama-sango\/","og_locale":"fr_FR","og_type":"article","og_title":"Mama Sango - RESPIRE VANNES","og_description":"Venez d\u00e9couvrir ou red\u00e9couvrir Mama Sango lors du salon Respire la Vie Vannes du 19 au 21 janvier 2024 !","og_url":"https:\/\/www.respirelavie.fr\/vannes\/blog\/2024\/01\/10\/mama-sango\/","og_site_name":"RESPIRE VANNES","article_published_time":"2024-01-10T16:42:40+00:00","og_image":[{"width":739,"height":1600,"url":"https:\/\/www.respirelavie.fr\/vannes\/wp-content\/uploads\/sites\/4\/2024\/01\/1704791377-file1-Photo-Mama-Sango-Mme-Zenab-Barry-Sapin.jpg","type":"image\/jpeg"}],"author":"communication","twitter_card":"summary_large_image","twitter_misc":{"\u00c9crit par":"communication","Dur\u00e9e de lecture estim\u00e9e":"3 minutes"},"schema":{"@context":"https:\/\/schema.org","@graph":[{"@type":"Article","@id":"https:\/\/www.respirelavie.fr\/vannes\/blog\/2024\/01\/10\/mama-sango\/#article","isPartOf":{"@id":"https:\/\/www.respirelavie.fr\/vannes\/blog\/2024\/01\/10\/mama-sango\/"},"author":{"name":"communication","@id":"http:\/\/www.respirelavie.fr\/vannes\/#\/schema\/person\/773bfe7c31181098698bacd32c5d233c"},"headline":"Mama Sango","datePublished":"2024-01-10T16:42:40+00:00","mainEntityOfPage":{"@id":"https:\/\/www.respirelavie.fr\/vannes\/blog\/2024\/01\/10\/mama-sango\/"},"wordCount":523,"commentCount":0,"publisher":{"@id":"http:\/\/www.respirelavie.fr\/vannes\/#organization"},"image":{"@id":"https:\/\/www.respirelavie.fr\/vannes\/blog\/2024\/01\/10\/mama-sango\/#primaryimage"},"thumbnailUrl":"https:\/\/www.respirelavie.fr\/vannes\/wp-content\/uploads\/sites\/4\/2024\/01\/1704791377-file1-Photo-Mama-Sango-Mme-Zenab-Barry-Sapin.jpg","articleSection":["portrait exposant"],"inLanguage":"fr-FR","potentialAction":[{"@type":"CommentAction","name":"Comment","target":["https:\/\/www.respirelavie.fr\/vannes\/blog\/2024\/01\/10\/mama-sango\/#respond"]}]},{"@type":"WebPage","@id":"https:\/\/www.respirelavie.fr\/vannes\/blog\/2024\/01\/10\/mama-sango\/","url":"https:\/\/www.respirelavie.fr\/vannes\/blog\/2024\/01\/10\/mama-sango\/","name":"Mama Sango - RESPIRE VANNES","isPartOf":{"@id":"http:\/\/www.respirelavie.fr\/vannes\/#website"},"primaryImageOfPage":{"@id":"https:\/\/www.respirelavie.fr\/vannes\/blog\/2024\/01\/10\/mama-sango\/#primaryimage"},"image":{"@id":"https:\/\/www.respirelavie.fr\/vannes\/blog\/2024\/01\/10\/mama-sango\/#primaryimage"},"thumbnailUrl":"https:\/\/www.respirelavie.fr\/vannes\/wp-content\/uploads\/sites\/4\/2024\/01\/1704791377-file1-Photo-Mama-Sango-Mme-Zenab-Barry-Sapin.jpg","datePublished":"2024-01-10T16:42:40+00:00","description":"Venez d\u00e9couvrir ou red\u00e9couvrir Mama Sango lors du salon Respire la Vie Vannes du 19 au 21 janvier 2024 !","breadcrumb":{"@id":"https:\/\/www.respirelavie.fr\/vannes\/blog\/2024\/01\/10\/mama-sango\/#breadcrumb"},"inLanguage":"fr-FR","potentialAction":[{"@type":"ReadAction","target":["https:\/\/www.respirelavie.fr\/vannes\/blog\/2024\/01\/10\/mama-sango\/"]}]},{"@type":"ImageObject","inLanguage":"fr-FR","@id":"https:\/\/www.respirelavie.fr\/vannes\/blog\/2024\/01\/10\/mama-sango\/#primaryimage","url":"https:\/\/www.respirelavie.fr\/vannes\/wp-content\/uploads\/sites\/4\/2024\/01\/1704791377-file1-Photo-Mama-Sango-Mme-Zenab-Barry-Sapin.jpg","contentUrl":"https:\/\/www.respirelavie.fr\/vannes\/wp-content\/uploads\/sites\/4\/2024\/01\/1704791377-file1-Photo-Mama-Sango-Mme-Zenab-Barry-Sapin.jpg","width":739,"height":1600,"caption":"Mama Sango - beurre karit\u00e9"},{"@type":"BreadcrumbList","@id":"https:\/\/www.respirelavie.fr\/vannes\/blog\/2024\/01\/10\/mama-sango\/#breadcrumb","itemListElement":[{"@type":"ListItem","position":1,"name":"Accueil","item":"http:\/\/www.respirelavie.fr\/vannes\/"},{"@type":"ListItem","position":2,"name":"Mama Sango"}]},{"@type":"WebSite","@id":"http:\/\/www.respirelavie.fr\/vannes\/#website","url":"http:\/\/www.respirelavie.fr\/vannes\/","name":"RESPIRE VANNES","description":"RESPIRE : votre salon bio, bien-\u00eatre et habitat sain \u00e0 Vannes","publisher":{"@id":"http:\/\/www.respirelavie.fr\/vannes\/#organization"},"potentialAction":[{"@type":"SearchAction","target":{"@type":"EntryPoint","urlTemplate":"http:\/\/www.respirelavie.fr\/vannes\/?s={search_term_string}"},"query-input":{"@type":"PropertyValueSpecification","valueRequired":true,"valueName":"search_term_string"}}],"inLanguage":"fr-FR"},{"@type":"Organization","@id":"http:\/\/www.respirelavie.fr\/vannes\/#organization","name":"RESPIRE VANNES","url":"http:\/\/www.respirelavie.fr\/vannes\/","logo":{"@type":"ImageObject","inLanguage":"fr-FR","@id":"http:\/\/www.respirelavie.fr\/vannes\/#\/schema\/logo\/image\/","url":"https:\/\/www.respirelavie.fr\/vannes\/wp-content\/uploads\/sites\/4\/2024\/10\/cropped-cropped-cropped-Logo-RESPIRE-vannes-2025-1-1.png","contentUrl":"https:\/\/www.respirelavie.fr\/vannes\/wp-content\/uploads\/sites\/4\/2024\/10\/cropped-cropped-cropped-Logo-RESPIRE-vannes-2025-1-1.png","width":797,"height":145,"caption":"RESPIRE VANNES"},"image":{"@id":"http:\/\/www.respirelavie.fr\/vannes\/#\/schema\/logo\/image\/"}},{"@type":"Person","@id":"http:\/\/www.respirelavie.fr\/vannes\/#\/schema\/person\/773bfe7c31181098698bacd32c5d233c","name":"communication","image":{"@type":"ImageObject","inLanguage":"fr-FR","@id":"https:\/\/secure.gravatar.com\/avatar\/0f49d5b7ab56355ffa797b3ce25e4f2375cedf6bc9afe416fe669342c3524275?s=96&d=mm&r=g","url":"https:\/\/secure.gravatar.com\/avatar\/0f49d5b7ab56355ffa797b3ce25e4f2375cedf6bc9afe416fe669342c3524275?s=96&d=mm&r=g","contentUrl":"https:\/\/secure.gravatar.com\/avatar\/0f49d5b7ab56355ffa797b3ce25e4f2375cedf6bc9afe416fe669342c3524275?s=96&d=mm&r=g","caption":"communication"},"url":"https:\/\/www.respirelavie.fr\/vannes\/blog\/author\/communication\/"}]}},"_links":{"self":[{"href":"https:\/\/www.respirelavie.fr\/vannes\/wp-json\/wp\/v2\/posts\/8652","targetHints":{"allow":["GET"]}}],"collection":[{"href":"https:\/\/www.respirelavie.fr\/vannes\/wp-json\/wp\/v2\/posts"}],"about":[{"href":"https:\/\/www.respirelavie.fr\/vannes\/wp-json\/wp\/v2\/types\/post"}],"author":[{"embeddable":true,"href":"https:\/\/www.respirelavie.fr\/vannes\/wp-json\/wp\/v2\/users\/5"}],"replies":[{"embeddable":true,"href":"https:\/\/www.respirelavie.fr\/vannes\/wp-json\/wp\/v2\/comments?post=8652"}],"version-history":[{"count":5,"href":"https:\/\/www.respirelavie.fr\/vannes\/wp-json\/wp\/v2\/posts\/8652\/revisions"}],"predecessor-version":[{"id":8684,"href":"https:\/\/www.respirelavie.fr\/vannes\/wp-json\/wp\/v2\/posts\/8652\/revisions\/8684"}],"wp:featuredmedia":[{"embeddable":true,"href":"https:\/\/www.respirelavie.fr\/vannes\/wp-json\/wp\/v2\/media\/8653"}],"wp:attachment":[{"href":"https:\/\/www.respirelavie.fr\/vannes\/wp-json\/wp\/v2\/media?parent=8652"}],"wp:term":[{"taxonomy":"category","embeddable":true,"href":"https:\/\/www.respirelavie.fr\/vannes\/wp-json\/wp\/v2\/categories?post=8652"},{"taxonomy":"post_tag","embeddable":true,"href":"https:\/\/www.respirelavie.fr\/vannes\/wp-json\/wp\/v2\/tags?post=8652"}],"curies":[{"name":"wp","href":"https:\/\/api.w.org\/{rel}","templated":true}]}}